{"id":2712,"date":"2015-09-17T19:55:22","date_gmt":"2015-09-17T18:55:22","guid":{"rendered":"https:\/\/www.ramus.je\/web\/a-jedem\/"},"modified":"2015-09-17T19:55:22","modified_gmt":"2015-09-17T18:55:22","slug":"a-jedem","status":"publish","type":"post","link":"https:\/\/www.ramus.je\/nejlepsi\/a-jedem\/","title":{"rendered":"A jed\u00e9m: z\u00e1\u0159\u00ed &#038; \u0159\u00edjen 2015"},"content":{"rendered":"<p>Zm\u00e1to\u0159ili jsme se z letn\u00edch t\u00e1bor\u016f (omluva za zpo\u017ed\u011bn\u00ed fotek \u2014 je\u0161t\u011b n\u011bjak\u00e9 vyvol\u00e1v\u00e1me) a je tady n\u00e1\u0161 ak\u010dn\u00ed pl\u00e1n na dal\u0161\u00edch p\u00e1r t\u00fddn\u016f!<\/p>\n<p>Theu a B\u00e1ru (potlesk!) st\u0159\u00edd\u00e1 v kormidlov\u00e1n\u00ed projektu HUMR M\u00ed\u0161a Hrub\u00ednov\u00e1 (neboli Humr\u00ednov\u00e1). Vyb\u00edrejte a hlaste se zde \u2014\u00a0<a href=\"http:\/\/www.ramus.je\/nejlepsi\/index.php\/aktivita\/humr\">ramus.je\/humr<\/a><\/p>\n<p>Dal\u0161\u00ed term\u00edny akc\u00ed na rok 2015 budou postupn\u011b p\u0159ib\u00fdvat, z\u016fsta\u0148te na p\u0159\u00edjmu! Pic.<\/p>\n<p><img loading=\"lazy\" decoding=\"async\" class=\" size-full wp-image-2711\" src=\"https:\/\/www.ramus.je\/nejlepsi\/wp-content\/uploads\/2015\/09\/zarijen15.jpg\" alt=\"alt\" width=\"551\" height=\"204\" srcset=\"https:\/\/www.ramus.je\/nejlepsi\/wp-content\/uploads\/2015\/09\/zarijen15.jpg 851w, https:\/\/www.ramus.je\/nejlepsi\/wp-content\/uploads\/2015\/09\/zarijen15-300x111.jpg 300w, https:\/\/www.ramus.je\/nejlepsi\/wp-content\/uploads\/2015\/09\/zarijen15-768x284.jpg 768w\" sizes=\"auto, (min-width: 960px) 75vw, 100vw\" \/><\/p>\n","protected":false},"excerpt":{"rendered":"<p>Zm\u00e1to\u0159ili jsme se z letn\u00edch t\u00e1bor\u016f (omluva za zpo\u017ed\u011bn\u00ed fotek \u2014 je\u0161t\u011b n\u011bjak\u00e9 vyvol\u00e1v\u00e1me) a je tady n\u00e1\u0161 ak\u010dn\u00ed pl\u00e1n na dal\u0161\u00edch p\u00e1r t\u00fddn\u016f! Theu a B\u00e1ru (potlesk!) st\u0159\u00edd\u00e1 v kormidlov\u00e1n\u00ed projektu HUMR M\u00ed\u0161a Hrub\u00ednov\u00e1 (neboli Humr\u00ednov\u00e1). Vyb\u00edrejte a hlaste se zde \u2014\u00a0ramus.je\/humr Dal\u0161\u00ed term\u00edny akc\u00ed na rok 2015 budou postupn\u011b p\u0159ib\u00fdvat, z\u016fsta\u0148te na p\u0159\u00edjmu! &hellip; <a href=\"https:\/\/www.ramus.je\/nejlepsi\/a-jedem\/\" class=\"more-link\">Continue reading<span class=\"screen-reader-text\"> &#8222;A jed\u00e9m: z\u00e1\u0159\u00ed &#038; \u0159\u00edjen 2015&#8220;<\/span><\/a><\/p>\n","protected":false},"author":6,"featured_media":2710,"comment_status":"open","ping_status":"open","sticky":false,"template":"","format":"standard","meta":{"ngg_post_thumbnail":0,"footnotes":""},"categories":[213],"tags":[],"class_list":["post-2712","post","type-post","status-publish","format-standard","has-post-thumbnail","hentry","category-novinky"],"_links":{"self":[{"href":"https:\/\/www.ramus.je\/nejlepsi\/wp-json\/wp\/v2\/posts\/2712","targetHints":{"allow":["GET"]}}],"collection":[{"href":"https:\/\/www.ramus.je\/nejlepsi\/wp-json\/wp\/v2\/posts"}],"about":[{"href":"https:\/\/www.ramus.je\/nejlepsi\/wp-json\/wp\/v2\/types\/post"}],"author":[{"embeddable":true,"href":"https:\/\/www.ramus.je\/nejlepsi\/wp-json\/wp\/v2\/users\/6"}],"replies":[{"embeddable":true,"href":"https:\/\/www.ramus.je\/nejlepsi\/wp-json\/wp\/v2\/comments?post=2712"}],"version-history":[{"count":0,"href":"https:\/\/www.ramus.je\/nejlepsi\/wp-json\/wp\/v2\/posts\/2712\/revisions"}],"wp:featuredmedia":[{"embeddable":true,"href":"https:\/\/www.ramus.je\/nejlepsi\/wp-json\/wp\/v2\/media\/2710"}],"wp:attachment":[{"href":"https:\/\/www.ramus.je\/nejlepsi\/wp-json\/wp\/v2\/media?parent=2712"}],"wp:term":[{"taxonomy":"category","embeddable":true,"href":"https:\/\/www.ramus.je\/nejlepsi\/wp-json\/wp\/v2\/categories?post=2712"},{"taxonomy":"post_tag","embeddable":true,"href":"https:\/\/www.ramus.je\/nejlepsi\/wp-json\/wp\/v2\/tags?post=2712"}],"curies":[{"name":"wp","href":"https:\/\/api.w.org\/{rel}","templated":true}]}}