{"id":2703,"date":"2015-08-13T14:27:50","date_gmt":"2015-08-13T13:27:50","guid":{"rendered":"https:\/\/www.ramus.je\/web\/po-srpnu-zakotvime-v-pristavu\/"},"modified":"2015-08-13T14:27:50","modified_gmt":"2015-08-13T13:27:50","slug":"po-srpnu-zakotvime-v-pristavu","status":"publish","type":"post","link":"https:\/\/www.ramus.je\/nejlepsi\/po-srpnu-zakotvime-v-pristavu\/","title":{"rendered":"Po srpnu zakotv\u00edme v P\u0159\u00edstavu"},"content":{"rendered":"<p>Stalo se ji\u017e p\u0159\u00edjemnou tradic\u00ed, \u017ee z\u00e1hy po na\u0161ich srpnov\u00fdch letn\u00edch t\u00e1borech po\u0159\u00e1d\u00e1me prom\u00edt\u00e1n\u00ed fotek.<\/p>\n<p>Minul\u00e9 dva roky jsme se p\u0159\u00edjemn\u011b veselili v <a href=\"http:\/\/containall.cz\/mala-strana\">Containallu<\/a>, letos se k n\u00e1m v\u0161ak doneslo, \u017ee u\u017e to tam nen\u00ed tak cool, a tak se p\u0159esouv\u00e1me do aktu\u00e1ln\u011b nejv\u00edce trendy m\u00edsta v Praze &#8211; <a href=\"http:\/\/18600.cz\/\">P\u0159\u00edstavu 18600 <\/a>na Rohansk\u00e9m ostrov\u011b!<\/p>\n<p>Tak\u017ee ve st\u0159edu 2. z\u00e1\u0159\u00ed po sedm\u00e9 na vid\u011bnou tam!<\/p>\n<p><img loading=\"lazy\" decoding=\"async\" class=\" size-full wp-image-2702\" src=\"https:\/\/www.ramus.je\/nejlepsi\/wp-content\/uploads\/2015\/08\/020915_pristav.jpg\" alt=\"alt\" width=\"581\" height=\"215\" srcset=\"https:\/\/www.ramus.je\/nejlepsi\/wp-content\/uploads\/2015\/08\/020915_pristav.jpg 851w, https:\/\/www.ramus.je\/nejlepsi\/wp-content\/uploads\/2015\/08\/020915_pristav-300x111.jpg 300w, https:\/\/www.ramus.je\/nejlepsi\/wp-content\/uploads\/2015\/08\/020915_pristav-768x284.jpg 768w\" sizes=\"auto, (min-width: 960px) 75vw, 100vw\" \/><\/p>\n","protected":false},"excerpt":{"rendered":"<p>Stalo se ji\u017e p\u0159\u00edjemnou tradic\u00ed, \u017ee z\u00e1hy po na\u0161ich srpnov\u00fdch letn\u00edch t\u00e1borech po\u0159\u00e1d\u00e1me prom\u00edt\u00e1n\u00ed fotek. Minul\u00e9 dva roky jsme se p\u0159\u00edjemn\u011b veselili v Containallu, letos se k n\u00e1m v\u0161ak doneslo, \u017ee u\u017e to tam nen\u00ed tak cool, a tak se p\u0159esouv\u00e1me do aktu\u00e1ln\u011b nejv\u00edce trendy m\u00edsta v Praze &#8211; P\u0159\u00edstavu 18600 na Rohansk\u00e9m ostrov\u011b! Tak\u017ee &hellip; <a href=\"https:\/\/www.ramus.je\/nejlepsi\/po-srpnu-zakotvime-v-pristavu\/\" class=\"more-link\">Continue reading<span class=\"screen-reader-text\"> &#8222;Po srpnu zakotv\u00edme v P\u0159\u00edstavu&#8220;<\/span><\/a><\/p>\n","protected":false},"author":6,"featured_media":2701,"comment_status":"open","ping_status":"open","sticky":false,"template":"","format":"standard","meta":{"ngg_post_thumbnail":0,"footnotes":""},"categories":[213],"tags":[],"class_list":["post-2703","post","type-post","status-publish","format-standard","has-post-thumbnail","hentry","category-novinky"],"_links":{"self":[{"href":"https:\/\/www.ramus.je\/nejlepsi\/wp-json\/wp\/v2\/posts\/2703","targetHints":{"allow":["GET"]}}],"collection":[{"href":"https:\/\/www.ramus.je\/nejlepsi\/wp-json\/wp\/v2\/posts"}],"about":[{"href":"https:\/\/www.ramus.je\/nejlepsi\/wp-json\/wp\/v2\/types\/post"}],"author":[{"embeddable":true,"href":"https:\/\/www.ramus.je\/nejlepsi\/wp-json\/wp\/v2\/users\/6"}],"replies":[{"embeddable":true,"href":"https:\/\/www.ramus.je\/nejlepsi\/wp-json\/wp\/v2\/comments?post=2703"}],"version-history":[{"count":0,"href":"https:\/\/www.ramus.je\/nejlepsi\/wp-json\/wp\/v2\/posts\/2703\/revisions"}],"wp:featuredmedia":[{"embeddable":true,"href":"https:\/\/www.ramus.je\/nejlepsi\/wp-json\/wp\/v2\/media\/2701"}],"wp:attachment":[{"href":"https:\/\/www.ramus.je\/nejlepsi\/wp-json\/wp\/v2\/media?parent=2703"}],"wp:term":[{"taxonomy":"category","embeddable":true,"href":"https:\/\/www.ramus.je\/nejlepsi\/wp-json\/wp\/v2\/categories?post=2703"},{"taxonomy":"post_tag","embeddable":true,"href":"https:\/\/www.ramus.je\/nejlepsi\/wp-json\/wp\/v2\/tags?post=2703"}],"curies":[{"name":"wp","href":"https:\/\/api.w.org\/{rel}","templated":true}]}}