{"id":2695,"date":"2015-07-09T11:30:31","date_gmt":"2015-07-09T10:30:31","guid":{"rendered":"https:\/\/www.ramus.je\/web\/z-vedra-ve-ville-do-vlckovic\/"},"modified":"2015-07-09T11:30:31","modified_gmt":"2015-07-09T10:30:31","slug":"z-vedra-ve-ville-do-vlckovic","status":"publish","type":"post","link":"https:\/\/www.ramus.je\/nejlepsi\/z-vedra-ve-ville-do-vlckovic\/","title":{"rendered":"Z vedra ve Ville do Vl\u010dkovic"},"content":{"rendered":"<p>Prvn\u00ed pr\u00e1zdninov\u00fd (prodlou\u017een\u00fd) v\u00edkend jsme stejn\u011b jako loni str\u00e1vili ve\u00a0<a href=\"http:\/\/www.vallila.cz\/\">Ville Vallile<\/a>\u00a0na minit\u00e1b\u016frku\u00a0\u2014 akci ur\u010den\u00e9 zejm\u00e9na pro lidi, kte\u0159\u00ed se nedostanou na na\u0161e srpnov\u00e9 t\u00e1bory.\u00a0Cel\u00e1 akce plynula v p\u0159\u00edjemn\u00e9m rytmu vedro-j\u00eddlo-vedro-zevlov\u00e1n\u00ed-vedro-pohyb-vedro-sp\u00e1nek-vedro.\u00a0<a href=\"http:\/\/www.ramus.je\/nejlepsi\/index.php\/archiv\/galerie?view=album&#038;album=6169466663566343537&#038;page=1\">V\u00edce na fotk\u00e1ch tady.<\/a><\/p>\n<p>Z\u00edtra vyr\u00e1\u017e\u00edme podobn\u00fdm sm\u011brem na\u00a0<a href=\"http:\/\/www.statekvlckovice.cz\/kulturni-akce\/program\/\">festival do Vl\u010dkovic<\/a>, kde budeme m\u00edt infost\u00e1nek. Tak t\u0159eba navid\u011bnou!<\/p>\n","protected":false},"excerpt":{"rendered":"<p>Prvn\u00ed pr\u00e1zdninov\u00fd (prodlou\u017een\u00fd) v\u00edkend jsme stejn\u011b jako loni str\u00e1vili ve\u00a0Ville Vallile\u00a0na minit\u00e1b\u016frku\u00a0\u2014 akci ur\u010den\u00e9 zejm\u00e9na pro lidi, kte\u0159\u00ed se nedostanou na na\u0161e srpnov\u00e9 t\u00e1bory.\u00a0Cel\u00e1 akce plynula v p\u0159\u00edjemn\u00e9m rytmu vedro-j\u00eddlo-vedro-zevlov\u00e1n\u00ed-vedro-pohyb-vedro-sp\u00e1nek-vedro.\u00a0V\u00edce na fotk\u00e1ch tady. Z\u00edtra vyr\u00e1\u017e\u00edme podobn\u00fdm sm\u011brem na\u00a0festival do Vl\u010dkovic, kde budeme m\u00edt infost\u00e1nek. Tak t\u0159eba navid\u011bnou!<\/p>\n","protected":false},"author":6,"featured_media":0,"comment_status":"open","ping_status":"open","sticky":false,"template":"","format":"standard","meta":{"ngg_post_thumbnail":0,"footnotes":""},"categories":[213],"tags":[],"class_list":["post-2695","post","type-post","status-publish","format-standard","hentry","category-novinky"],"_links":{"self":[{"href":"https:\/\/www.ramus.je\/nejlepsi\/wp-json\/wp\/v2\/posts\/2695","targetHints":{"allow":["GET"]}}],"collection":[{"href":"https:\/\/www.ramus.je\/nejlepsi\/wp-json\/wp\/v2\/posts"}],"about":[{"href":"https:\/\/www.ramus.je\/nejlepsi\/wp-json\/wp\/v2\/types\/post"}],"author":[{"embeddable":true,"href":"https:\/\/www.ramus.je\/nejlepsi\/wp-json\/wp\/v2\/users\/6"}],"replies":[{"embeddable":true,"href":"https:\/\/www.ramus.je\/nejlepsi\/wp-json\/wp\/v2\/comments?post=2695"}],"version-history":[{"count":0,"href":"https:\/\/www.ramus.je\/nejlepsi\/wp-json\/wp\/v2\/posts\/2695\/revisions"}],"wp:attachment":[{"href":"https:\/\/www.ramus.je\/nejlepsi\/wp-json\/wp\/v2\/media?parent=2695"}],"wp:term":[{"taxonomy":"category","embeddable":true,"href":"https:\/\/www.ramus.je\/nejlepsi\/wp-json\/wp\/v2\/categories?post=2695"},{"taxonomy":"post_tag","embeddable":true,"href":"https:\/\/www.ramus.je\/nejlepsi\/wp-json\/wp\/v2\/tags?post=2695"}],"curies":[{"name":"wp","href":"https:\/\/api.w.org\/{rel}","templated":true}]}}