{"id":2689,"date":"2015-06-17T16:53:47","date_gmt":"2015-06-17T15:53:47","guid":{"rendered":"https:\/\/www.ramus.je\/web\/humr-si-zatancil-a-je-tady-rambal\/"},"modified":"2015-06-17T16:53:47","modified_gmt":"2015-06-17T15:53:47","slug":"humr-si-zatancil-a-je-tady-rambal","status":"publish","type":"post","link":"https:\/\/www.ramus.je\/nejlepsi\/humr-si-zatancil-a-je-tady-rambal\/","title":{"rendered":"Humr si zatan\u010dil a je tady Ramb\u00e1l"},"content":{"rendered":"<p>Poz\u00edt\u0159\u00ed odj\u00ed\u017ed\u00ed n\u011bkolik lid\u00ed na drsnou v\u00edkendovku, po v\u00edkendu v \u00fater\u00fd n\u00e1s \u010dek\u00e1\u00a0<a href=\"http:\/\/www.ramus.je\/nejlepsi\/index.php\/aktivita\/ramaton\">Ramaton<\/a>, t\u00edm v\u0161ak \u010derven pro Ramus nekon\u010d\u00ed: je\u0161t\u011b je tady Ramb\u00e1l,\u00a0kter\u00fd bude ve \u010dtvrtek 25. \u010dervna! O co jde?<\/p>\n<p>Od ledna do kv\u011btna jsme v r\u00e1mci projektu\u00a0<a href=\"http:\/\/www.ramus.je\/nejlepsi\/index.php\/aktivita\/humrtanci\">Humr tan\u010d\u00ed<\/a>\u00a0uspo\u0159\u00e1dali p\u011bt kurz\u016f tance a etikety. Ramb\u00e1l tak bude zakon\u010den\u00edm tohoto \u00fasp\u011b\u0161n\u00e9 p\u016flroku, z\u00e1rove\u0148 v\u0161ak posledn\u00ed p\u0159\u00edle\u017eitost\u00ed potkat se p\u0159ed t\u00edm, ne\u017e vypuknou letn\u00ed pr\u00e1zdniny.<\/p>\n<p>A\u0165 u\u017e jste se kurz\u016f \u00fa\u010dastnili \u010di ne, dora\u017ete, bude to asi dost \u00falet.\u00a0<a href=\"http:\/\/www.ramus.je\/nejlepsi\/index.php\/aktivita\/humr\">Hlaste se pros\u00edm v tabulce zde.<\/a><\/p>\n<p><img loading=\"lazy\" decoding=\"async\" class=\" size-full wp-image-2688\" src=\"https:\/\/www.ramus.je\/nejlepsi\/wp-content\/uploads\/2015\/06\/rambal2015_plakatek.jpg\" alt=\"alt\" width=\"578\" height=\"214\" srcset=\"https:\/\/www.ramus.je\/nejlepsi\/wp-content\/uploads\/2015\/06\/rambal2015_plakatek.jpg 851w, https:\/\/www.ramus.je\/nejlepsi\/wp-content\/uploads\/2015\/06\/rambal2015_plakatek-300x111.jpg 300w, https:\/\/www.ramus.je\/nejlepsi\/wp-content\/uploads\/2015\/06\/rambal2015_plakatek-768x284.jpg 768w\" sizes=\"auto, (min-width: 960px) 75vw, 100vw\" \/><\/p>\n","protected":false},"excerpt":{"rendered":"<p>Poz\u00edt\u0159\u00ed odj\u00ed\u017ed\u00ed n\u011bkolik lid\u00ed na drsnou v\u00edkendovku, po v\u00edkendu v \u00fater\u00fd n\u00e1s \u010dek\u00e1\u00a0Ramaton, t\u00edm v\u0161ak \u010derven pro Ramus nekon\u010d\u00ed: je\u0161t\u011b je tady Ramb\u00e1l,\u00a0kter\u00fd bude ve \u010dtvrtek 25. \u010dervna! O co jde? Od ledna do kv\u011btna jsme v r\u00e1mci projektu\u00a0Humr tan\u010d\u00ed\u00a0uspo\u0159\u00e1dali p\u011bt kurz\u016f tance a etikety. Ramb\u00e1l tak bude zakon\u010den\u00edm tohoto \u00fasp\u011b\u0161n\u00e9 p\u016flroku, z\u00e1rove\u0148 v\u0161ak posledn\u00ed &hellip; <a href=\"https:\/\/www.ramus.je\/nejlepsi\/humr-si-zatancil-a-je-tady-rambal\/\" class=\"more-link\">Continue reading<span class=\"screen-reader-text\"> &#8222;Humr si zatan\u010dil a je tady Ramb\u00e1l&#8220;<\/span><\/a><\/p>\n","protected":false},"author":6,"featured_media":2687,"comment_status":"open","ping_status":"open","sticky":false,"template":"","format":"standard","meta":{"ngg_post_thumbnail":0,"footnotes":""},"categories":[213],"tags":[],"class_list":["post-2689","post","type-post","status-publish","format-standard","has-post-thumbnail","hentry","category-novinky"],"_links":{"self":[{"href":"https:\/\/www.ramus.je\/nejlepsi\/wp-json\/wp\/v2\/posts\/2689","targetHints":{"allow":["GET"]}}],"collection":[{"href":"https:\/\/www.ramus.je\/nejlepsi\/wp-json\/wp\/v2\/posts"}],"about":[{"href":"https:\/\/www.ramus.je\/nejlepsi\/wp-json\/wp\/v2\/types\/post"}],"author":[{"embeddable":true,"href":"https:\/\/www.ramus.je\/nejlepsi\/wp-json\/wp\/v2\/users\/6"}],"replies":[{"embeddable":true,"href":"https:\/\/www.ramus.je\/nejlepsi\/wp-json\/wp\/v2\/comments?post=2689"}],"version-history":[{"count":0,"href":"https:\/\/www.ramus.je\/nejlepsi\/wp-json\/wp\/v2\/posts\/2689\/revisions"}],"wp:featuredmedia":[{"embeddable":true,"href":"https:\/\/www.ramus.je\/nejlepsi\/wp-json\/wp\/v2\/media\/2687"}],"wp:attachment":[{"href":"https:\/\/www.ramus.je\/nejlepsi\/wp-json\/wp\/v2\/media?parent=2689"}],"wp:term":[{"taxonomy":"category","embeddable":true,"href":"https:\/\/www.ramus.je\/nejlepsi\/wp-json\/wp\/v2\/categories?post=2689"},{"taxonomy":"post_tag","embeddable":true,"href":"https:\/\/www.ramus.je\/nejlepsi\/wp-json\/wp\/v2\/tags?post=2689"}],"curies":[{"name":"wp","href":"https:\/\/api.w.org\/{rel}","templated":true}]}}