{"id":2685,"date":"2015-06-08T15:48:35","date_gmt":"2015-06-08T14:48:35","guid":{"rendered":"https:\/\/www.ramus.je\/web\/na-psary-festu\/"},"modified":"2015-06-08T15:48:35","modified_gmt":"2015-06-08T14:48:35","slug":"na-psary-festu","status":"publish","type":"post","link":"https:\/\/www.ramus.je\/nejlepsi\/na-psary-festu\/","title":{"rendered":"Na Ps\u00e1ryFestu"},"content":{"rendered":"<p><img loading=\"lazy\" decoding=\"async\" class=\" alignright size-full wp-image-2684\" style=\"float: right;\" src=\"https:\/\/www.ramus.je\/nejlepsi\/wp-content\/uploads\/2015\/06\/rambar_psary_web.jpg\" alt=\"alt\" width=\"347\" height=\"260\" srcset=\"https:\/\/www.ramus.je\/nejlepsi\/wp-content\/uploads\/2015\/06\/rambar_psary_web.jpg 800w, https:\/\/www.ramus.je\/nejlepsi\/wp-content\/uploads\/2015\/06\/rambar_psary_web-300x225.jpg 300w, https:\/\/www.ramus.je\/nejlepsi\/wp-content\/uploads\/2015\/06\/rambar_psary_web-768x576.jpg 768w, https:\/\/www.ramus.je\/nejlepsi\/wp-content\/uploads\/2015\/06\/rambar_psary_web-160x120.jpg 160w\" sizes=\"auto, (min-width: 960px) 75vw, 100vw\" \/>Moc d\u011bkujeme za pozv\u00e1n\u00ed na <a href=\"http:\/\/www.psaryfest.cz\/\">Ps\u00e1ryFest 2015<\/a>, kter\u00e9ho jsme se te\u010f v sobotu z\u00fa\u010dastnili s<a href=\"http:\/\/www.ramus.je\/nejlepsi\/index.php\/aktivita\/rambar\"> Rambarem<\/a>.\u00a0Ps\u00e1ryFest se\u00a0odehr\u00e1val na zahrad\u011b <a href=\"http:\/\/www.lagunapsary.cz\/\">Domova Laguna Ps\u00e1ry<\/a>, v jeho\u017e are\u00e1lu se mimojin\u00e9 nach\u00e1z\u00ed\u00a0mal\u00e1 terapeutick\u00e1 zoo &#8211;\u00a0pr\u00e1v\u011b na ni \u0161el v\u00fdt\u011b\u017eek z cel\u00e9 akce.<\/p>\n<p>Za z\u00e1dama n\u00e1m fun\u011bli divo\u010d\u00e1ci, bylo vedro, d\u011blali jsme limon\u00e1dy a cel\u00fd to bylo moc fajn.<\/p>\n<p><a href=\"http:\/\/www.ramus.je\/nejlepsi\/index.php\/archiv\/galerie?view=album&#038;album=6158029937949792545&#038;page=1\">Fotky z akce zde, za rok snad zase navid\u011bnou!<\/a><\/p>\n","protected":false},"excerpt":{"rendered":"<p>Moc d\u011bkujeme za pozv\u00e1n\u00ed na Ps\u00e1ryFest 2015, kter\u00e9ho jsme se te\u010f v sobotu z\u00fa\u010dastnili s Rambarem.\u00a0Ps\u00e1ryFest se\u00a0odehr\u00e1val na zahrad\u011b Domova Laguna Ps\u00e1ry, v jeho\u017e are\u00e1lu se mimojin\u00e9 nach\u00e1z\u00ed\u00a0mal\u00e1 terapeutick\u00e1 zoo &#8211;\u00a0pr\u00e1v\u011b na ni \u0161el v\u00fdt\u011b\u017eek z cel\u00e9 akce. Za z\u00e1dama n\u00e1m fun\u011bli divo\u010d\u00e1ci, bylo vedro, d\u011blali jsme limon\u00e1dy a cel\u00fd to bylo moc fajn. Fotky &hellip; <a href=\"https:\/\/www.ramus.je\/nejlepsi\/na-psary-festu\/\" class=\"more-link\">Continue reading<span class=\"screen-reader-text\"> &#8222;Na Ps\u00e1ryFestu&#8220;<\/span><\/a><\/p>\n","protected":false},"author":6,"featured_media":2683,"comment_status":"open","ping_status":"open","sticky":false,"template":"","format":"standard","meta":{"ngg_post_thumbnail":0,"footnotes":""},"categories":[213],"tags":[],"class_list":["post-2685","post","type-post","status-publish","format-standard","has-post-thumbnail","hentry","category-novinky"],"_links":{"self":[{"href":"https:\/\/www.ramus.je\/nejlepsi\/wp-json\/wp\/v2\/posts\/2685","targetHints":{"allow":["GET"]}}],"collection":[{"href":"https:\/\/www.ramus.je\/nejlepsi\/wp-json\/wp\/v2\/posts"}],"about":[{"href":"https:\/\/www.ramus.je\/nejlepsi\/wp-json\/wp\/v2\/types\/post"}],"author":[{"embeddable":true,"href":"https:\/\/www.ramus.je\/nejlepsi\/wp-json\/wp\/v2\/users\/6"}],"replies":[{"embeddable":true,"href":"https:\/\/www.ramus.je\/nejlepsi\/wp-json\/wp\/v2\/comments?post=2685"}],"version-history":[{"count":0,"href":"https:\/\/www.ramus.je\/nejlepsi\/wp-json\/wp\/v2\/posts\/2685\/revisions"}],"wp:featuredmedia":[{"embeddable":true,"href":"https:\/\/www.ramus.je\/nejlepsi\/wp-json\/wp\/v2\/media\/2683"}],"wp:attachment":[{"href":"https:\/\/www.ramus.je\/nejlepsi\/wp-json\/wp\/v2\/media?parent=2685"}],"wp:term":[{"taxonomy":"category","embeddable":true,"href":"https:\/\/www.ramus.je\/nejlepsi\/wp-json\/wp\/v2\/categories?post=2685"},{"taxonomy":"post_tag","embeddable":true,"href":"https:\/\/www.ramus.je\/nejlepsi\/wp-json\/wp\/v2\/tags?post=2685"}],"curies":[{"name":"wp","href":"https:\/\/api.w.org\/{rel}","templated":true}]}}