{"id":2682,"date":"2015-06-01T20:47:33","date_gmt":"2015-06-01T19:47:33","guid":{"rendered":"https:\/\/www.ramus.je\/web\/cerven-ven-jdem\/"},"modified":"2015-06-01T20:47:33","modified_gmt":"2015-06-01T19:47:33","slug":"cerven-ven-jdem","status":"publish","type":"post","link":"https:\/\/www.ramus.je\/nejlepsi\/cerven-ven-jdem\/","title":{"rendered":"\u010cerven, ven jdem"},"content":{"rendered":"<p><img loading=\"lazy\" decoding=\"async\" class=\" alignright size-full wp-image-2681\" style=\"float: right;\" src=\"https:\/\/www.ramus.je\/nejlepsi\/wp-content\/uploads\/2015\/06\/oazv_ramus_film_DODATEK.jpg\" alt=\"alt\" width=\"277\" height=\"390\" srcset=\"https:\/\/www.ramus.je\/nejlepsi\/wp-content\/uploads\/2015\/06\/oazv_ramus_film_DODATEK.jpg 450w, https:\/\/www.ramus.je\/nejlepsi\/wp-content\/uploads\/2015\/06\/oazv_ramus_film_DODATEK-213x300.jpg 213w\" sizes=\"auto, (min-width: 960px) 75vw, 100vw\" \/>\u010cerven je tady! \u010cek\u00e1 n\u00e1s zase <a href=\"http:\/\/www.ramus.je\/nejlepsi\/index.php\/planakci\">spousta akc\u00ed<\/a>, z\u00e1v\u011br m\u011bs\u00edce bude obzvl\u00e1\u0161t\u011b na\u0161l\u00e1pl\u00fd: t\u0159et\u00ed ro\u010dn\u00edk benefi\u010dn\u00edho b\u011bhu<strong> <a href=\"http:\/\/www.ramus.je\/nejlepsi\/index.php\/aktivita\/ramaton\">Ramaton<\/a><\/strong>, hned dva dny nato z\u00e1v\u011br projektu <em>humr tan\u010d\u00ed<\/em>, plesov\u00fd <strong>Ramb\u00e1l<\/strong>.<\/p>\n<p>Klikejte a hlaste se, prvn\u00ed p\u0159\u00edle\u017eitost potkat se je ji\u017e tento \u010dtvrtek: v r\u00e1mci filmov\u00e9ho festivalu <a href=\"http:\/\/www.mentalpower.cz\/\">Mental Power<\/a>\u00a0se bude prom\u00edtat n\u00e1\u0161 t\u0159\u00edminutov\u00fd sn\u00edmek <em>O Albrechtu z Vald\u0161tejna<\/em> z lo\u0148sk\u00e9 v\u00edkendovky.<\/p>\n<p>Minul\u00fd rok si cenu za mluven\u00e9 slovo odnesl s Ramusem sp\u0159\u00edzn\u011bn\u00fd sn\u00edmek <em>Honza P\u0159eklenuje<\/em>. Letos tuto cenu zajist\u00e9 nez\u00edsk\u00e1me, neb sn\u00edmek o Albrechtu je do\u010dista n\u011bm\u00fd&#8230; Ale t\u0159eba z\u00edsk\u00e1me cenu jinou!<\/p>\n","protected":false},"excerpt":{"rendered":"<p>\u010cerven je tady! \u010cek\u00e1 n\u00e1s zase spousta akc\u00ed, z\u00e1v\u011br m\u011bs\u00edce bude obzvl\u00e1\u0161t\u011b na\u0161l\u00e1pl\u00fd: t\u0159et\u00ed ro\u010dn\u00edk benefi\u010dn\u00edho b\u011bhu Ramaton, hned dva dny nato z\u00e1v\u011br projektu humr tan\u010d\u00ed, plesov\u00fd Ramb\u00e1l. Klikejte a hlaste se, prvn\u00ed p\u0159\u00edle\u017eitost potkat se je ji\u017e tento \u010dtvrtek: v r\u00e1mci filmov\u00e9ho festivalu Mental Power\u00a0se bude prom\u00edtat n\u00e1\u0161 t\u0159\u00edminutov\u00fd sn\u00edmek O Albrechtu z Vald\u0161tejna &hellip; <a href=\"https:\/\/www.ramus.je\/nejlepsi\/cerven-ven-jdem\/\" class=\"more-link\">Continue reading<span class=\"screen-reader-text\"> &#8222;\u010cerven, ven jdem&#8220;<\/span><\/a><\/p>\n","protected":false},"author":6,"featured_media":2680,"comment_status":"open","ping_status":"open","sticky":false,"template":"","format":"standard","meta":{"ngg_post_thumbnail":0,"footnotes":""},"categories":[213],"tags":[],"class_list":["post-2682","post","type-post","status-publish","format-standard","has-post-thumbnail","hentry","category-novinky"],"_links":{"self":[{"href":"https:\/\/www.ramus.je\/nejlepsi\/wp-json\/wp\/v2\/posts\/2682","targetHints":{"allow":["GET"]}}],"collection":[{"href":"https:\/\/www.ramus.je\/nejlepsi\/wp-json\/wp\/v2\/posts"}],"about":[{"href":"https:\/\/www.ramus.je\/nejlepsi\/wp-json\/wp\/v2\/types\/post"}],"author":[{"embeddable":true,"href":"https:\/\/www.ramus.je\/nejlepsi\/wp-json\/wp\/v2\/users\/6"}],"replies":[{"embeddable":true,"href":"https:\/\/www.ramus.je\/nejlepsi\/wp-json\/wp\/v2\/comments?post=2682"}],"version-history":[{"count":0,"href":"https:\/\/www.ramus.je\/nejlepsi\/wp-json\/wp\/v2\/posts\/2682\/revisions"}],"wp:featuredmedia":[{"embeddable":true,"href":"https:\/\/www.ramus.je\/nejlepsi\/wp-json\/wp\/v2\/media\/2680"}],"wp:attachment":[{"href":"https:\/\/www.ramus.je\/nejlepsi\/wp-json\/wp\/v2\/media?parent=2682"}],"wp:term":[{"taxonomy":"category","embeddable":true,"href":"https:\/\/www.ramus.je\/nejlepsi\/wp-json\/wp\/v2\/categories?post=2682"},{"taxonomy":"post_tag","embeddable":true,"href":"https:\/\/www.ramus.je\/nejlepsi\/wp-json\/wp\/v2\/tags?post=2682"}],"curies":[{"name":"wp","href":"https:\/\/api.w.org\/{rel}","templated":true}]}}