{"id":26797,"date":"2025-12-30T16:53:23","date_gmt":"2025-12-30T15:53:23","guid":{"rendered":"https:\/\/www.ramus.je\/nejlepsi\/?p=26797"},"modified":"2025-12-30T16:57:20","modified_gmt":"2025-12-30T15:57:20","slug":"pf-2026","status":"publish","type":"post","link":"https:\/\/www.ramus.je\/nejlepsi\/pf-2026\/","title":{"rendered":"PF 2026"},"content":{"rendered":"\n<p>Rok 2025 svi\u0161t\u011bl rychle jako housenka z P\u00e9Fka a my d\u011bkujem v\u0161em, kdo s n\u00e1mi letos n\u011bkam vyrazili, podpo\u0159ili n\u00e1s nebo na n\u00e1s jen tak mysleli. Tenhle rok jsme krom\u011b v\u00edkendovek, HUMR\u016e a t\u00e1bor\u016f slavili i ramus\u00ed patn\u00e1ctiny, uspo\u0159\u00e1dali ble\u0161\u00e1k nebo tancovali <br>a v\u00e1no\u010dn\u011b vyr\u00e1b\u011bli v \u00falu, a suma sum\u00e1rum jsme se potkali na v\u00edce ne\u017e 20 akc\u00edch \u2013 co\u017e znamen\u00e1 jedin\u00e9, \u017ee m\u00edra lep\u0161\u00edho sv\u011bta st\u00e1le roste! &#x1f495;<\/p>\n\n\n\n<p>P\u0159ejem v\u0161em klidn\u00e9 vplut\u00ed do roku 2026 a budem se t\u011b\u0161it na v\u0161echny nov\u00e9 i st\u00e1vaj\u00edc\u00ed tv\u00e1\u0159e! &#x1f338;&#x1f41f;<\/p>\n\n\n\n<p>Tuhle novoro\u010denku, kter\u00e1 se nejen hejbe, ale i zp\u00edv\u00e1, vytvo\u0159ila tv\u016fr\u010d\u00ed skupina Ramus\u00e1ctva z v\u00edkendovky na D\u0159evomorce a rozanimovala ji na\u0161e asistentka Toni\u010dka. &#x1f497; Moc moc d\u00edky.<\/p>\n\n\n\n<figure class=\"wp-block-video\"><video height=\"2160\" style=\"aspect-ratio: 3840 \/ 2160;\" width=\"3840\" controls src=\"https:\/\/www.ramus.je\/nejlepsi\/wp-content\/uploads\/2025\/12\/RamusPF26-.mp4\"><\/video><\/figure>\n","protected":false},"excerpt":{"rendered":"<p>Rok 2025 svi\u0161t\u011bl rychle jako housenka z P\u00e9Fka a my d\u011bkujem v\u0161em, kdo s n\u00e1mi letos n\u011bkam vyrazili, podpo\u0159ili n\u00e1s nebo na n\u00e1s jen tak mysleli. Tenhle rok jsme krom\u011b v\u00edkendovek, HUMR\u016e a t\u00e1bor\u016f slavili i ramus\u00ed patn\u00e1ctiny, uspo\u0159\u00e1dali ble\u0161\u00e1k nebo tancovali a v\u00e1no\u010dn\u011b vyr\u00e1b\u011bli v \u00falu, a suma sum\u00e1rum jsme se potkali na v\u00edce &hellip; <a href=\"https:\/\/www.ramus.je\/nejlepsi\/pf-2026\/\" class=\"more-link\">Continue reading<span class=\"screen-reader-text\"> &#8222;PF 2026&#8220;<\/span><\/a><\/p>\n","protected":false},"author":3,"featured_media":0,"comment_status":"closed","ping_status":"","sticky":false,"template":"","format":"standard","meta":{"ngg_post_thumbnail":0,"footnotes":""},"categories":[213,1],"tags":[],"class_list":["post-26797","post","type-post","status-publish","format-standard","hentry","category-novinky","category-uncategorized"],"_links":{"self":[{"href":"https:\/\/www.ramus.je\/nejlepsi\/wp-json\/wp\/v2\/posts\/26797","targetHints":{"allow":["GET"]}}],"collection":[{"href":"https:\/\/www.ramus.je\/nejlepsi\/wp-json\/wp\/v2\/posts"}],"about":[{"href":"https:\/\/www.ramus.je\/nejlepsi\/wp-json\/wp\/v2\/types\/post"}],"author":[{"embeddable":true,"href":"https:\/\/www.ramus.je\/nejlepsi\/wp-json\/wp\/v2\/users\/3"}],"replies":[{"embeddable":true,"href":"https:\/\/www.ramus.je\/nejlepsi\/wp-json\/wp\/v2\/comments?post=26797"}],"version-history":[{"count":6,"href":"https:\/\/www.ramus.je\/nejlepsi\/wp-json\/wp\/v2\/posts\/26797\/revisions"}],"predecessor-version":[{"id":26806,"href":"https:\/\/www.ramus.je\/nejlepsi\/wp-json\/wp\/v2\/posts\/26797\/revisions\/26806"}],"wp:attachment":[{"href":"https:\/\/www.ramus.je\/nejlepsi\/wp-json\/wp\/v2\/media?parent=26797"}],"wp:term":[{"taxonomy":"category","embeddable":true,"href":"https:\/\/www.ramus.je\/nejlepsi\/wp-json\/wp\/v2\/categories?post=26797"},{"taxonomy":"post_tag","embeddable":true,"href":"https:\/\/www.ramus.je\/nejlepsi\/wp-json\/wp\/v2\/tags?post=26797"}],"curies":[{"name":"wp","href":"https:\/\/api.w.org\/{rel}","templated":true}]}}