{"id":2675,"date":"2015-05-13T13:33:31","date_gmt":"2015-05-13T12:33:31","guid":{"rendered":"https:\/\/www.ramus.je\/web\/dalsi-beneficni-bazar-jiz-tento-vikend\/"},"modified":"2015-05-13T13:33:31","modified_gmt":"2015-05-13T12:33:31","slug":"dalsi-beneficni-bazar-jiz-tento-vikend","status":"publish","type":"post","link":"https:\/\/www.ramus.je\/nejlepsi\/dalsi-beneficni-bazar-jiz-tento-vikend\/","title":{"rendered":"Dal\u0161\u00ed benefi\u010dn\u00ed bazar ji\u017e tento v\u00edkend"},"content":{"rendered":"<p>Ji\u017e tento v\u00edkend se v kulturn\u00edm s\u00e1le v Lu\u017eeni\u010dk\u00e1ch uskute\u010dn\u00ed dal\u0161\u00ed z \u0159ady charitativn\u00edch bazar\u016f, kter\u00e9 za\u0161tituje Farn\u00ed sbor \u010cCE v Doma\u017elic\u00edch. Ramus je jedn\u00edm z vd\u011b\u010dn\u00fdch p\u0159\u00edjemc\u016f finan\u010dn\u00edho v\u00fdt\u011b\u017eku. V sobotu budeme op\u011bt na m\u00edst\u011b s na\u0161\u00edm Rambarem podporovat pitn\u00fd re\u017eim n\u00e1v\u0161t\u011bvn\u00edk\u016f \ud83d\ude42<\/p>\n<p>O bazaru vy\u0161el ned\u00e1vno \u010dl\u00e1nek v n\u011bmeck\u00fdch novin\u00e1ch. P\u0159eklad si m\u016f\u017eete p\u0159e\u010d\u00edst <strong><a href=\"http:\/\/www.ramus.je\/img\/bazarek_kveten15.jpg\">zde<\/a>\u00a0.<\/strong><\/p>\n","protected":false},"excerpt":{"rendered":"<p>Ji\u017e tento v\u00edkend se v kulturn\u00edm s\u00e1le v Lu\u017eeni\u010dk\u00e1ch uskute\u010dn\u00ed dal\u0161\u00ed z \u0159ady charitativn\u00edch bazar\u016f, kter\u00e9 za\u0161tituje Farn\u00ed sbor \u010cCE v Doma\u017elic\u00edch. Ramus je jedn\u00edm z vd\u011b\u010dn\u00fdch p\u0159\u00edjemc\u016f finan\u010dn\u00edho v\u00fdt\u011b\u017eku. V sobotu budeme op\u011bt na m\u00edst\u011b s na\u0161\u00edm Rambarem podporovat pitn\u00fd re\u017eim n\u00e1v\u0161t\u011bvn\u00edk\u016f \ud83d\ude42 O bazaru vy\u0161el ned\u00e1vno \u010dl\u00e1nek v n\u011bmeck\u00fdch novin\u00e1ch. P\u0159eklad si m\u016f\u017eete &hellip; <a href=\"https:\/\/www.ramus.je\/nejlepsi\/dalsi-beneficni-bazar-jiz-tento-vikend\/\" class=\"more-link\">Continue reading<span class=\"screen-reader-text\"> &#8222;Dal\u0161\u00ed benefi\u010dn\u00ed bazar ji\u017e tento v\u00edkend&#8220;<\/span><\/a><\/p>\n","protected":false},"author":6,"featured_media":0,"comment_status":"open","ping_status":"open","sticky":false,"template":"","format":"standard","meta":{"ngg_post_thumbnail":0,"footnotes":""},"categories":[213],"tags":[],"class_list":["post-2675","post","type-post","status-publish","format-standard","hentry","category-novinky"],"_links":{"self":[{"href":"https:\/\/www.ramus.je\/nejlepsi\/wp-json\/wp\/v2\/posts\/2675","targetHints":{"allow":["GET"]}}],"collection":[{"href":"https:\/\/www.ramus.je\/nejlepsi\/wp-json\/wp\/v2\/posts"}],"about":[{"href":"https:\/\/www.ramus.je\/nejlepsi\/wp-json\/wp\/v2\/types\/post"}],"author":[{"embeddable":true,"href":"https:\/\/www.ramus.je\/nejlepsi\/wp-json\/wp\/v2\/users\/6"}],"replies":[{"embeddable":true,"href":"https:\/\/www.ramus.je\/nejlepsi\/wp-json\/wp\/v2\/comments?post=2675"}],"version-history":[{"count":0,"href":"https:\/\/www.ramus.je\/nejlepsi\/wp-json\/wp\/v2\/posts\/2675\/revisions"}],"wp:attachment":[{"href":"https:\/\/www.ramus.je\/nejlepsi\/wp-json\/wp\/v2\/media?parent=2675"}],"wp:term":[{"taxonomy":"category","embeddable":true,"href":"https:\/\/www.ramus.je\/nejlepsi\/wp-json\/wp\/v2\/categories?post=2675"},{"taxonomy":"post_tag","embeddable":true,"href":"https:\/\/www.ramus.je\/nejlepsi\/wp-json\/wp\/v2\/tags?post=2675"}],"curies":[{"name":"wp","href":"https:\/\/api.w.org\/{rel}","templated":true}]}}