{"id":2674,"date":"2015-05-12T12:22:33","date_gmt":"2015-05-12T11:22:33","guid":{"rendered":"https:\/\/www.ramus.je\/web\/z-kliniky-do-mlyna\/"},"modified":"2015-05-12T12:22:33","modified_gmt":"2015-05-12T11:22:33","slug":"z-kliniky-do-mlyna","status":"publish","type":"post","link":"https:\/\/www.ramus.je\/nejlepsi\/z-kliniky-do-mlyna\/","title":{"rendered":"Z Kliniky do Ml\u00fdna"},"content":{"rendered":"<p><img loading=\"lazy\" decoding=\"async\" style=\"float: right;\" src=\"http:\/\/ramus.je\/img\/z_kliniky_do_mlyna.jpg\" alt=\"alt\" width=\"400\" height=\"300\" \/><\/p>\n<p>M\u00e1me za sebou dal\u0161\u00ed vyda\u0159enou v\u00edkendovku. Ve \u010dtvrtek jsme p\u0159espali na \u017ei\u017ekovsk\u00e9 Klinice a v p\u00e1tek do\u0161li na zahradu Petrovick\u00e9ho ml\u00fdna nedaleko Uhl\u00ed\u0159sk\u00fdch Janovic, kde jsme zakempili a\u017e do ned\u011ble. Klinice i Ml\u00fdnu d\u011bkujeme!<\/p>\n<p>Jak to na prodlou\u017een\u00e9, venkovn\u00ed, legend\u00e1rn\u00ed v\u00edkendovce bez legendy vypadalo &#8211; <strong><a href=\"index.php\/archiv\/galerie?view=album&#038;album=6147955208546274561&#038;page=1\">se pokochejte tady.<\/a><\/strong><\/p>\n<p>Dal\u0161\u00ed mo\u017enost spole\u010dn\u00e9ho setk\u00e1n\u00ed ji\u017e tento p\u00e1tek v Podniku, kde nav\u0161t\u00edv\u00edme benefi\u010dn\u00ed koncert speci\u00e1ln\u00ed \u0161koly Rooseveltova <strong>Nat\u00e1bor<\/strong>.<\/p>\n","protected":false},"excerpt":{"rendered":"<p>M\u00e1me za sebou dal\u0161\u00ed vyda\u0159enou v\u00edkendovku. Ve \u010dtvrtek jsme p\u0159espali na \u017ei\u017ekovsk\u00e9 Klinice a v p\u00e1tek do\u0161li na zahradu Petrovick\u00e9ho ml\u00fdna nedaleko Uhl\u00ed\u0159sk\u00fdch Janovic, kde jsme zakempili a\u017e do ned\u011ble. Klinice i Ml\u00fdnu d\u011bkujeme! Jak to na prodlou\u017een\u00e9, venkovn\u00ed, legend\u00e1rn\u00ed v\u00edkendovce bez legendy vypadalo &#8211; se pokochejte tady. Dal\u0161\u00ed mo\u017enost spole\u010dn\u00e9ho setk\u00e1n\u00ed ji\u017e tento p\u00e1tek &hellip; <a href=\"https:\/\/www.ramus.je\/nejlepsi\/z-kliniky-do-mlyna\/\" class=\"more-link\">Continue reading<span class=\"screen-reader-text\"> &#8222;Z Kliniky do Ml\u00fdna&#8220;<\/span><\/a><\/p>\n","protected":false},"author":6,"featured_media":0,"comment_status":"open","ping_status":"open","sticky":false,"template":"","format":"standard","meta":{"ngg_post_thumbnail":0,"footnotes":""},"categories":[213],"tags":[],"class_list":["post-2674","post","type-post","status-publish","format-standard","hentry","category-novinky"],"_links":{"self":[{"href":"https:\/\/www.ramus.je\/nejlepsi\/wp-json\/wp\/v2\/posts\/2674","targetHints":{"allow":["GET"]}}],"collection":[{"href":"https:\/\/www.ramus.je\/nejlepsi\/wp-json\/wp\/v2\/posts"}],"about":[{"href":"https:\/\/www.ramus.je\/nejlepsi\/wp-json\/wp\/v2\/types\/post"}],"author":[{"embeddable":true,"href":"https:\/\/www.ramus.je\/nejlepsi\/wp-json\/wp\/v2\/users\/6"}],"replies":[{"embeddable":true,"href":"https:\/\/www.ramus.je\/nejlepsi\/wp-json\/wp\/v2\/comments?post=2674"}],"version-history":[{"count":0,"href":"https:\/\/www.ramus.je\/nejlepsi\/wp-json\/wp\/v2\/posts\/2674\/revisions"}],"wp:attachment":[{"href":"https:\/\/www.ramus.je\/nejlepsi\/wp-json\/wp\/v2\/media?parent=2674"}],"wp:term":[{"taxonomy":"category","embeddable":true,"href":"https:\/\/www.ramus.je\/nejlepsi\/wp-json\/wp\/v2\/categories?post=2674"},{"taxonomy":"post_tag","embeddable":true,"href":"https:\/\/www.ramus.je\/nejlepsi\/wp-json\/wp\/v2\/tags?post=2674"}],"curies":[{"name":"wp","href":"https:\/\/api.w.org\/{rel}","templated":true}]}}