{"id":2673,"date":"2015-05-02T11:50:07","date_gmt":"2015-05-02T10:50:07","guid":{"rendered":"https:\/\/www.ramus.je\/web\/kveten-je-tady\/"},"modified":"2015-05-02T11:50:07","modified_gmt":"2015-05-02T10:50:07","slug":"kveten-je-tady","status":"publish","type":"post","link":"https:\/\/www.ramus.je\/nejlepsi\/kveten-je-tady\/","title":{"rendered":"Kv\u011bten je tady!"},"content":{"rendered":"<p><img loading=\"lazy\" decoding=\"async\" style=\"float: right;\" src=\"http:\/\/ramus.je\/img\/ramus_carodky.jpg\" alt=\"alt\" width=\"400\" height=\"300\" \/><\/p>\n<p>Takhle to vypadalo zevnit\u0159 na\u0161eho st\u00e1nku na p\u00e1te\u010dn\u00edch \u010darod\u011bjnic\u00edch! Pankr\u00e1ck\u00e9 setk\u00e1n\u00ed bylo z\u00e1rove\u0148 posledn\u00ed dubnovou akc\u00ed. Co n\u00e1s \u010dek\u00e1 v kv\u011btnu?<\/p>\n<p>U\u017e ve \u010dtvrtek vyr\u00e1\u017e\u00edme na dal\u0161\u00ed v\u00edkendovku, tentokr\u00e1t prodlou\u017eenou. Dvakr\u00e1t se potk\u00e1me v r\u00e1mci Humru, prob\u011bhne posledn\u00ed Humr tan\u010d\u00ed, asistentsk\u00e9 prom\u00edt\u00e1n\u00ed, a \u010dinnost opr\u00e1\u0161\u00ed i poj\u00edzdn\u00fd bar Rambar. V\u0161echno p\u0159ehledn\u011b v\u00a0<a href=\"index.php\/planakci\">pl\u00e1nu akc\u00ed<\/a>.<\/p>\n<p>Zejm\u00e9na na bl\u00ed\u017e\u00edc\u00ed se v\u00edkendovku by se n\u00e1m hodilo je\u0161t\u011b trochu asistentsk\u00e9 v\u00fdpomoci, tak se nev\u00e1hejte p\u0159ihla\u0161ovat! P\u011bknov\u00edkend v\u0161em, pic!<\/p>\n","protected":false},"excerpt":{"rendered":"<p>Takhle to vypadalo zevnit\u0159 na\u0161eho st\u00e1nku na p\u00e1te\u010dn\u00edch \u010darod\u011bjnic\u00edch! Pankr\u00e1ck\u00e9 setk\u00e1n\u00ed bylo z\u00e1rove\u0148 posledn\u00ed dubnovou akc\u00ed. Co n\u00e1s \u010dek\u00e1 v kv\u011btnu? U\u017e ve \u010dtvrtek vyr\u00e1\u017e\u00edme na dal\u0161\u00ed v\u00edkendovku, tentokr\u00e1t prodlou\u017eenou. Dvakr\u00e1t se potk\u00e1me v r\u00e1mci Humru, prob\u011bhne posledn\u00ed Humr tan\u010d\u00ed, asistentsk\u00e9 prom\u00edt\u00e1n\u00ed, a \u010dinnost opr\u00e1\u0161\u00ed i poj\u00edzdn\u00fd bar Rambar. V\u0161echno p\u0159ehledn\u011b v\u00a0pl\u00e1nu akc\u00ed. Zejm\u00e9na na &hellip; <a href=\"https:\/\/www.ramus.je\/nejlepsi\/kveten-je-tady\/\" class=\"more-link\">Continue reading<span class=\"screen-reader-text\"> &#8222;Kv\u011bten je tady!&#8220;<\/span><\/a><\/p>\n","protected":false},"author":6,"featured_media":0,"comment_status":"open","ping_status":"open","sticky":false,"template":"","format":"standard","meta":{"ngg_post_thumbnail":0,"footnotes":""},"categories":[213],"tags":[],"class_list":["post-2673","post","type-post","status-publish","format-standard","hentry","category-novinky"],"_links":{"self":[{"href":"https:\/\/www.ramus.je\/nejlepsi\/wp-json\/wp\/v2\/posts\/2673","targetHints":{"allow":["GET"]}}],"collection":[{"href":"https:\/\/www.ramus.je\/nejlepsi\/wp-json\/wp\/v2\/posts"}],"about":[{"href":"https:\/\/www.ramus.je\/nejlepsi\/wp-json\/wp\/v2\/types\/post"}],"author":[{"embeddable":true,"href":"https:\/\/www.ramus.je\/nejlepsi\/wp-json\/wp\/v2\/users\/6"}],"replies":[{"embeddable":true,"href":"https:\/\/www.ramus.je\/nejlepsi\/wp-json\/wp\/v2\/comments?post=2673"}],"version-history":[{"count":0,"href":"https:\/\/www.ramus.je\/nejlepsi\/wp-json\/wp\/v2\/posts\/2673\/revisions"}],"wp:attachment":[{"href":"https:\/\/www.ramus.je\/nejlepsi\/wp-json\/wp\/v2\/media?parent=2673"}],"wp:term":[{"taxonomy":"category","embeddable":true,"href":"https:\/\/www.ramus.je\/nejlepsi\/wp-json\/wp\/v2\/categories?post=2673"},{"taxonomy":"post_tag","embeddable":true,"href":"https:\/\/www.ramus.je\/nejlepsi\/wp-json\/wp\/v2\/tags?post=2673"}],"curies":[{"name":"wp","href":"https:\/\/api.w.org\/{rel}","templated":true}]}}