{"id":2665,"date":"2015-03-26T09:34:49","date_gmt":"2015-03-26T08:34:49","guid":{"rendered":"https:\/\/www.ramus.je\/web\/co-naplat-bylo-to-skvely\/"},"modified":"2015-03-26T09:34:49","modified_gmt":"2015-03-26T08:34:49","slug":"co-naplat-bylo-to-skvely","status":"publish","type":"post","link":"https:\/\/www.ramus.je\/nejlepsi\/co-naplat-bylo-to-skvely\/","title":{"rendered":"Co naplat, bylo to skv\u011bl\u00fd!"},"content":{"rendered":"<p>Omlouv\u00e1me se za v\u00edce ne\u017e t\u0159\u00edt\u00fddenn\u00ed zpo\u017ed\u011bn\u00ed, kone\u010dn\u011b p\u0159in\u00e1\u0161\u00edme souhrnou a vy\u010derp\u00e1vaj\u00edc\u00ed zpr\u00e1vu o tom, jak dopadla na\u0161e akce Co naplat.<\/p>\n<p>Zpr\u00e1vu si m\u016f\u017eete p\u0159e\u010d\u00edst bu\u010f\u00a0<a href=\"http:\/\/www.ramus.je\/nejlepsi\/index.php\/archiv\/zapisnik\/608-2015-brezen-conaplat\">zde v na\u0161em z\u00e1pisn\u00edku<\/a>, nebo pohodln\u011bji\u00a0<a href=\"https:\/\/www.ramus.je\/nejlepsi\/wp-content\/uploads\/2015\/03\/conaplat_zpravaoakci_250315.pdf\">zde v samostatn\u00e9m .pdf<\/a>, kter\u00e9 rozes\u00edl\u00e1me e-mailem.<\/p>\n<p>Fotky z akce jsou pro zm\u011bnu\u00a0<a href=\"http:\/\/www.ramus.je\/nejlepsi\/index.php\/archiv\/galerie?view=album&#038;album=6130141071904852737&#038;page=1\">zde v galerii<\/a>.<\/p>\n<p>Je\u0161t\u011b jednou d\u00edky moc v\u0161em, kdojste p\u0159i\u0161li, \u010di se jakkoli jinak pod\u00edleli!<\/p>\n","protected":false},"excerpt":{"rendered":"<p>Omlouv\u00e1me se za v\u00edce ne\u017e t\u0159\u00edt\u00fddenn\u00ed zpo\u017ed\u011bn\u00ed, kone\u010dn\u011b p\u0159in\u00e1\u0161\u00edme souhrnou a vy\u010derp\u00e1vaj\u00edc\u00ed zpr\u00e1vu o tom, jak dopadla na\u0161e akce Co naplat. Zpr\u00e1vu si m\u016f\u017eete p\u0159e\u010d\u00edst bu\u010f\u00a0zde v na\u0161em z\u00e1pisn\u00edku, nebo pohodln\u011bji\u00a0zde v samostatn\u00e9m .pdf, kter\u00e9 rozes\u00edl\u00e1me e-mailem. Fotky z akce jsou pro zm\u011bnu\u00a0zde v galerii. Je\u0161t\u011b jednou d\u00edky moc v\u0161em, kdojste p\u0159i\u0161li, \u010di se jakkoli &hellip; <a href=\"https:\/\/www.ramus.je\/nejlepsi\/co-naplat-bylo-to-skvely\/\" class=\"more-link\">Continue reading<span class=\"screen-reader-text\"> &#8222;Co naplat, bylo to skv\u011bl\u00fd!&#8220;<\/span><\/a><\/p>\n","protected":false},"author":6,"featured_media":0,"comment_status":"open","ping_status":"open","sticky":false,"template":"","format":"standard","meta":{"ngg_post_thumbnail":0,"footnotes":""},"categories":[213],"tags":[],"class_list":["post-2665","post","type-post","status-publish","format-standard","hentry","category-novinky"],"_links":{"self":[{"href":"https:\/\/www.ramus.je\/nejlepsi\/wp-json\/wp\/v2\/posts\/2665","targetHints":{"allow":["GET"]}}],"collection":[{"href":"https:\/\/www.ramus.je\/nejlepsi\/wp-json\/wp\/v2\/posts"}],"about":[{"href":"https:\/\/www.ramus.je\/nejlepsi\/wp-json\/wp\/v2\/types\/post"}],"author":[{"embeddable":true,"href":"https:\/\/www.ramus.je\/nejlepsi\/wp-json\/wp\/v2\/users\/6"}],"replies":[{"embeddable":true,"href":"https:\/\/www.ramus.je\/nejlepsi\/wp-json\/wp\/v2\/comments?post=2665"}],"version-history":[{"count":0,"href":"https:\/\/www.ramus.je\/nejlepsi\/wp-json\/wp\/v2\/posts\/2665\/revisions"}],"wp:attachment":[{"href":"https:\/\/www.ramus.je\/nejlepsi\/wp-json\/wp\/v2\/media?parent=2665"}],"wp:term":[{"taxonomy":"category","embeddable":true,"href":"https:\/\/www.ramus.je\/nejlepsi\/wp-json\/wp\/v2\/categories?post=2665"},{"taxonomy":"post_tag","embeddable":true,"href":"https:\/\/www.ramus.je\/nejlepsi\/wp-json\/wp\/v2\/tags?post=2665"}],"curies":[{"name":"wp","href":"https:\/\/api.w.org\/{rel}","templated":true}]}}