{"id":2664,"date":"2015-03-04T00:00:00","date_gmt":"2015-03-03T23:00:00","guid":{"rendered":"https:\/\/www.ramus.je\/web\/2015-brezen-conaplat\/"},"modified":"2015-03-04T00:00:00","modified_gmt":"2015-03-03T23:00:00","slug":"2015-brezen-conaplat","status":"publish","type":"post","link":"https:\/\/www.ramus.je\/nejlepsi\/2015-brezen-conaplat\/","title":{"rendered":"\/ 2015 \/ b\u0159ezen \/ Co naplat"},"content":{"rendered":"<p><em>zpr\u00e1va o akci Co naplat, Ramus, 25. 3. 2015<br \/>(jestli v\u00e1s to nebav\u00ed \u010d\u00edst takhle, m\u016f\u017eete \u010d\u00edst v .pdf:<br \/><a href=\"https:\/\/www.ramus.je\/nejlepsi\/wp-content\/uploads\/2015\/03\/conaplat_zpravaoakci_250315.pdf\">Co naplat, bylo to skv\u011bl\u00fd!<\/a><\/p>\n<p><\/em><strong>Ve st\u0159edu 4. b\u0159ezna 2015 jsme v Divadle Archa uspo\u0159\u00e1dali akci Co naplat. Tato akce m\u011bla dv\u011b \u010d\u00e1sti: panelovou diskuzi o problematice financov\u00e1n\u00ed neziskov\u00fdch organizac\u00ed a benefi\u010dn\u00ed koncert pro Ramus. Proto\u017ee si zakl\u00e1d\u00e1me na otev\u0159en\u00e9 a transparentn\u00ed komunikaci, p\u0159in\u00e1\u0161\u00edme kone\u010dn\u011b zpr\u00e1vu o tom, jak to cel\u00e9 dopadlo. Z\u00e1rove\u0148 se moc omlouv\u00e1me za t\u0159\u00edt\u00fddenn\u00ed zpo\u017ed\u011bn\u00ed\u2026<\/strong><em><br \/><\/em><\/p>\n<p><strong>Panelov\u00e1 diskuze<\/strong><br \/>Uspo\u0159\u00e1d\u00e1n\u00ed panelov\u00e9 diskuze bylo logick\u00fdm vy\u00fast\u011bn\u00edm zm\u011bn, kter\u00e9 Ramus v posledn\u00ed dob\u011b potkaly. Po vytvo\u0159en\u00ed provozn\u00ed skupiny (dev\u011bt lid\u00ed, z nich\u017e ka\u017ed\u00fd vykon\u00e1v\u00e1 v r\u00e1mci sv\u00e9 pozice ur\u010ditou pr\u00e1ci a je za ni finan\u010dn\u011b ohodnocen) vzrostly n\u00e1klady na chod cel\u00e9 organizace, a jeliko\u017e kriticky nahl\u00ed\u017e\u00edme na granty a dotace, dostali jsme se tak trochu do slep\u00e9 uli\u010dky. Kde a jak \u010derpat pen\u00edze?<\/p>\n<p>Na\u0161e d\u016fsledn\u00e9 p\u0159em\u00fd\u0161len\u00ed celkov\u011b generovalo v\u00edce ot\u00e1zek ne\u017e odpov\u011bd\u00ed, a proto\u017ee n\u00e1m bylo z\u0159ejm\u00e9, \u017ee podobn\u00e9 my\u0161lenkov\u00e9 r\u00e9busy u\u017e v minulosti ur\u010dit\u011b n\u011bkdo \u0159e\u0161il, byla pro n\u00e1s panelov\u00e1 diskuze zkr\u00e1tka jasnou volbou.<\/p>\n<p>Role moder\u00e1tora se ujal konzultant v oblasti fundraisingu Jan Kroupa, kter\u00fd se tak\u00e9 pod\u00edlel na v\u00fdb\u011bru host\u016f: pozv\u00e1n\u00ed tak nakonec p\u0159ijali Erik \u010cipera z Asistence, Jitka Nesrstov\u00e1 z Greenpeace, Robert Basch z OSF Praha, Jan Koste\u010dka z Proutku, Mat\u011bj Lejsal z domova Sue Ryder a chyb\u011bt samoz\u0159ejm\u011b nemohl ani \u0159editel Ramusu, Jan Rudolf.<\/p>\n<p>Dvouhodinov\u00e1 diskuze se to\u010dila zejm\u00e9na kolem toho, jak\u00fdm zp\u016fsobem neziskov\u00e9 organizace mohou (\u010di by m\u011bly) oslovovat finan\u010dn\u00ed d\u00e1rce, co tyto d\u00e1rce zaj\u00edm\u00e1, co je nezaj\u00edm\u00e1, jak\u00e1 \u00faskal\u00ed cel\u00fd proces p\u0159in\u00e1\u0161\u00ed. Zku\u0161en\u00e9 organizace se o sv\u00e9 cenn\u00e9 zku\u0161enosti pod\u011blily nejen s Ramusem, ale i s po\u010detn\u00fdm publikem, kter\u00e9 na z\u00e1klad\u011b kapacity s\u00e1lu odhadujeme na cca 130 lid\u00ed.<\/p>\n<p>Z diskuze jsme po\u0159\u00eddili audiovizu\u00e1ln\u00ed z\u00e1znam. Ani\u017e bychom se cht\u011bli n\u011bjak p\u0159ehnan\u011b chv\u00e1lit, m\u00e1me za to, \u017ee jsme vytvo\u0159ili jedine\u010dn\u00fd materi\u00e1l, ze kter\u00e9ho v budoucnu m\u016f\u017ee \u010derpat \u0159ada dal\u0161\u00edch organizac\u00ed (nejen).<\/p>\n<p>Diskuze je impulzem jak pro n\u00e1s v Ramusu, tak pro ostatn\u00ed, \u010d\u00edm\u017e ostatn\u011b napl\u0148ujeme jeden z na\u0161ich pil\u00ed\u0159\u016f: inspirovat jednotlivce i organizace kolem sebe. Je pravd\u011bpodobn\u00e9, \u017ee dal\u0161\u00ed diskuze na obdobn\u00e1 t\u00e9mata se budeme sna\u017eit po\u0159\u00e1dat i nad\u00e1le. (Proto\u017ee v\u0161e nasv\u011bd\u010duje tomu, \u017ee t\u00e9ma fundraisingu bude s ub\u00fdvaj\u00edc\u00edmi pen\u011bzi od Evropy a st\u00e1tu nab\u00fdvat na s\u00edle\u2026)<\/p>\n<p><strong>D\u00edky v\u0161em za \u00fa\u010dast!<\/strong><\/p>\n<p><a href=\"http:\/\/vimeo.com\/122660177\">http:\/\/vimeo.com\/122660177<\/a><a href=\"http:\/\/vimeo.com\/122660177\"><\/a><\/p>\n<p><strong>Benefi\u010dn\u00ed koncert<\/strong> <br \/>Po diskuzi n\u00e1sledoval (takt\u00e9\u017e v Divadle Archa) benefi\u010dn\u00ed koncert, jeho\u017e c\u00edlem bylo zkusit z\u00edskat prost\u0159edky na provoz Ramusu. Co m\u00e1me na mysli provozem?<\/p>\n<p>Nau\u010dili jsme se d\u011blat na\u0161e aktivity tak, \u017ee se v\u00edce \u010di m\u00e9n\u011b pokryj\u00ed z p\u0159\u00edsp\u011bvk\u016f \u00fa\u010dastn\u00edk\u016f. Na co tedy mus\u00edme sh\u00e1n\u011bt pen\u00edze, jsou skute\u010dn\u011b prim\u00e1rn\u011b pouze platy, pron\u00e1jem kanclu atd. (M\u016f\u017eeme samoz\u0159ejm\u011b v\u00e9st bou\u0159liv\u00e9 diskuze o tom, jestli je v\u016fbec nutn\u00e9 a moudr\u00e9 d\u011blit platy od \u010dist\u00fdch n\u00e1klad\u016f na akce, ale to v tuto chv\u00edli nechme stranou.)<\/p>\n<p>P\u0159esto\u017ee jsme tu\u0161ili, \u017ee se to patrn\u011b se z\u00e1vratn\u00fdm ohlasem nesetk\u00e1, propagovali jsme benefi\u010dn\u00ed koncert pod n\u00e1zvem Co naplat a otev\u0159en\u011b \u0159\u00edkali, \u017ee pen\u00edze nep\u016fjdou na \u017e\u00e1dn\u00fd konkr\u00e9tn\u00ed projekt, ale na n\u00e1\u0161 provoz.<\/p>\n<p>P\u0159i p\u0159\u00edprav\u011b koncertu jsme vych\u00e1zeli z toho, \u017ee p\u0159ed t\u0159emi lety p\u0159i\u0161lo na n\u00e1\u0161 benefi\u010dn\u00ed koncert na dod\u00e1vku cca 370 lid\u00ed. Tento kalkul se uk\u00e1zal jako lich\u00fd:<\/p>\n<p><strong>Do Archy p\u0159i\u0161lo 162 lid\u00ed a v\u00fdt\u011b\u017eek z koncertu tak \u010din\u00ed 31 600 K\u010d. D\u00edky v\u0161em p\u0159\u00edchoz\u00edm! <\/strong><\/p>\n<p>Vedeme samoz\u0159ejm\u011b diskuze o tom, co bylo p\u0159\u00ed\u010dinou men\u0161\u00ed n\u00e1v\u0161t\u011bvnosti ne\u017e minule, ale t\u00edm v\u00e1s v t\u00e9to zpr\u00e1v\u011b nebudeme obt\u011b\u017eovat. P\u0159ejd\u011bme k tomu pozitivn\u00edmu (co\u017e je to, co chcete sly\u0161et), k v\u011bcem, kter\u00e9 mo\u017en\u00e1 nejsou tak zjevn\u00e9, ale pro n\u00e1s nesm\u00edrn\u011b d\u016fle\u017eit\u00e9.<\/p>\n<p><strong>Kapely nebyly vyb\u00edr\u00e1ny ani tak podle toho, jak\u00e9 jsou hv\u011bzdy a jestli na n\u011b chod\u00ed lidi, ale pro to, \u017ee maj\u00ed n\u00e1zor a tv\u00e1\u0159, a reprezentuj\u00ed n\u011bco, s \u010d\u00edm se ztoto\u017e\u0148ujeme. <\/strong><\/p>\n<p>Elektro-popov\u00e1 formace Prodava\u010d vych\u00e1z\u00ed z n\u00e1m tolik bl\u00edzk\u00e9ho p\u0159\u00edmo\u010dar\u00e9ho punkov\u00e9ho p\u0159\u00edstupu, s duem Kieslowski n\u00e1s poj\u00ed emotivnost a rozervanost, Allstar Refj\u00fad\u017e\u00ed Band inspiruje svoji bezprost\u0159ednost\u00ed a nad\u0161en\u00edm, kter\u00e9 pramen\u00ed z r\u016fznorod\u00e9ho mezin\u00e1rodn\u00edho slo\u017een\u00ed kapely.<\/p>\n<p>Spolu s moder\u00e1torem Bohdanem Bl\u00e1hovcem a jeho ironick\u00fdmi pozn\u00e1mkami, kter\u00e9 z benefi\u010dn\u00edho koncertu m\u00edsty d\u011blaly a\u017e jakousi parodii na benefi\u010dn\u00ed koncert, vytvo\u0159ily kapely atmosf\u00e9ru, je\u017e byla velmi bl\u00edzk\u00e1 tomu, co Ramus skute\u010dn\u011b je a jak to na na\u0161ich akc\u00edch chod\u00ed: jedna z kapel se b\u011bhem koncertu ocitla v hledi\u0161ti, o chv\u00edli pozd\u011bji zase publikum nastoupilo na p\u00f3dium. Pakli\u017ee v jednom z na\u0161ich pil\u00ed\u0159\u016f m\u00e1me bo\u0159en\u00ed p\u0159edsudk\u016f, lze s \u00fasp\u011bchem \u0159\u00edct, \u017ee i tentokr\u00e1t jsme jich zbo\u0159ili hodn\u011b.<\/p>\n<p>P\u0159i p\u0159\u00edprav\u011b a propagaci benefi\u010dn\u00edho koncertu jsme poru\u0161ili patrn\u011b ve\u0161ker\u00e1 pravidla \u2013 moder\u00e1tora neznaj\u00ed lid\u00e9 z televize ani z r\u00e1dia, plak\u00e1t k akci byl natolik up\u0159\u00edmn\u00fd, a\u017e neatraktivn\u00ed, \u00fa\u010delem bylo vybrat pen\u00edze na n\u011bco tak nepopul\u00e1rn\u00edho, jako jsou platy.<\/p>\n<p>Co h\u016f\u0159 \u2013 b\u011bhem koncertu nevystoupil n\u00e1\u0161 patron (\u017e\u00e1dn\u00e9ho toti\u017e nem\u00e1me, ale zkus\u00edme ukecat Bohdana Bl\u00e1hovce), nikdo zde nep\u0159edal p\u011bt metr\u016f \u0161irok\u00fd \u0161ek s mnoha nulami\u2026<\/p>\n<p>\u0160ek, loga sponzor\u016f, nic takov\u00e9ho na akci nebylo. \u010c\u00edm\u017e se dost\u00e1v\u00e1me k tragikomick\u00e9mu z\u00e1v\u011bru\u2026<\/p>\n<p><strong>Shrnut\u00ed<\/strong> <br \/>Krom\u011b firmy Amos, kter\u00e1 n\u00e1m ji\u017e pon\u011bkolik\u00e1t\u00e9 sponzorsky vytiskla plak\u00e1ty, jsme na akci p\u0159es ve\u0161ker\u00e9 \u00fasil\u00ed nesehnali \u017e\u00e1dn\u00e9 sponzory. Celou akci (tedy benefi\u010dn\u00ed koncert spolu s panelovou diskuz\u00ed) jsme platili z na\u0161ich (dost mo\u017en\u00e1 va\u0161ich) pen\u011bz.<\/p>\n<p>Celkov\u00e9 n\u00e1klady se nakonec vy\u0161plhaly na cca 58 000 K\u010d. Na akci jsme vybrali 7 354 K\u010d (Ramust\u00e1nek + p\u0159\u00edsp\u011bvky od n\u00e1v\u0161t\u011bvn\u00edk\u016f diskuze).<\/p>\n<p><strong>Celkov\u00e1 bilance se tedy jev\u00ed jako neradostn\u00fdch M\u00cdNUS 19 046 K\u010d.<\/strong><\/p>\n<p>Na diskuzi se mimojin\u00e9 mluvilo o tom, co v\u0161e lze vykouzlit s \u010d\u00edsly ve v\u00fdro\u010dn\u00ed zpr\u00e1v\u011b, kdy\u017e je \u00fa\u010detn\u00ed dan\u00e9 neziskov\u00e9 organizace dostate\u010dn\u011b \u0161ikovn\u00fd\/\u00e1.<\/p>\n<p>My nic kouzlit nebudeme. Nem\u00e1me tu pot\u0159ebu. Jsme si toti\u017e moc dob\u0159e v\u011bdomi toho, co jsme si za t\u011bchto devaten\u00e1ct tis\u00edc koupili:<\/p>\n<p><strong>> D\u00edky diskuzi se pro n\u00e1s otev\u0159ely obzory, ke kter\u00fdm bychom se jinak pracn\u011b dopracov\u00e1valy metodou pokus-omyl dost mo\u017en\u00e1 n\u011bkolik let, na\u010derpaly jsme informace, za kter\u00e9 se oby\u010dejn\u011b plat\u00ed, se\u010dteno podtr\u017eeno: jsme o kus d\u00e1l. <\/strong><\/p>\n<p><strong>> S akc\u00ed byla spojena pom\u011brn\u011b v\u00fdrazn\u00e1 kampa\u0148, v\u00ed se o n\u00e1s, z\u00edskali jsme des\u00edtky kontakt\u016f a nav\u00e1zali \u0159adu spoluprac\u00ed. <\/strong><\/p>\n<p><strong>> A hlavn\u011b co naplat: bylo to skv\u011bl\u00fd, na diskuzi i koncert m\u00e1me sam\u00e9 pozitivn\u00ed ohlasy.<\/strong><\/p>\n<p>Tak\u017ee d\u00edky! D\u00edky v\u00e1m v\u0161em, kdo jste p\u0159i\u0161li, \u010di se na \u00fasp\u011bchu akce p\u0159\u00edmo pod\u00edleli.<\/p>\n<p>Jsou to jmenovit\u011b:<\/p>\n<p><strong>Partne\u0159i<\/strong> <br \/>Amos, a2larm, radio 1, proti\u0161edi.cz, Nov\u00fd Prostor <br \/>Jedno z nejv\u011bt\u0161\u00edch pod\u011bkov\u00e1n\u00ed pak pat\u0159\u00ed Divadlu Archa, kter\u00e9 n\u00e1m vy\u0161lo v mnoha ohledech vst\u0159\u00edc. <\/p>\n<p><strong>Diskuze<\/strong> <br \/>Jan Kroupa, Erik \u010cipera, Jitka Nesrstov\u00e1, <br \/>Robert Basch, Jan Koste\u010dka, Mat\u011bj Lejsal <\/p>\n<p><strong>Koncert<\/strong> <br \/>kluci z Prodava\u010de, David Pomaha\u010d a Marie Kieslowski, <br \/>Phillip Schenker a ASRB, Bohdan Bl\u00e1hovec <\/p>\n<p><strong>Pod\u011bkov\u00e1n\u00ed za pomoc s PR<\/strong> <br \/>Jakub Hrab, Vladim\u00edr Turner, Hynek Reich \u0160t\u011btka, Tereza Reichov\u00e1 Madla Trusinov\u00e1 <\/p>\n<p>D\u00edk!<\/p>\n<p>\u00a0<strong><a href=\"http:\/\/www.ramus.je\/nejlepsi\/index.php\/archiv\/galerie?view=album&#038;album=6130141071904852737&#038;page=1\">FOTKY TADY<\/a><\/strong><\/p>\n","protected":false},"excerpt":{"rendered":"<p>zpr\u00e1va o akci Co naplat, Ramus, 25. 3. 2015(jestli v\u00e1s to nebav\u00ed \u010d\u00edst takhle, m\u016f\u017eete \u010d\u00edst v .pdf:Co naplat, bylo to skv\u011bl\u00fd! Ve st\u0159edu 4. b\u0159ezna 2015 jsme v Divadle Archa uspo\u0159\u00e1dali akci Co naplat. Tato akce m\u011bla dv\u011b \u010d\u00e1sti: panelovou diskuzi o problematice financov\u00e1n\u00ed neziskov\u00fdch organizac\u00ed a benefi\u010dn\u00ed koncert pro Ramus. Proto\u017ee si zakl\u00e1d\u00e1me &hellip; <a href=\"https:\/\/www.ramus.je\/nejlepsi\/2015-brezen-conaplat\/\" class=\"more-link\">Continue reading<span class=\"screen-reader-text\"> &#8222;\/ 2015 \/ b\u0159ezen \/ Co naplat&#8220;<\/span><\/a><\/p>\n","protected":false},"author":6,"featured_media":0,"comment_status":"open","ping_status":"open","sticky":false,"template":"","format":"standard","meta":{"ngg_post_thumbnail":0,"footnotes":""},"categories":[222],"tags":[],"class_list":["post-2664","post","type-post","status-publish","format-standard","hentry","category-zapisnik"],"_links":{"self":[{"href":"https:\/\/www.ramus.je\/nejlepsi\/wp-json\/wp\/v2\/posts\/2664","targetHints":{"allow":["GET"]}}],"collection":[{"href":"https:\/\/www.ramus.je\/nejlepsi\/wp-json\/wp\/v2\/posts"}],"about":[{"href":"https:\/\/www.ramus.je\/nejlepsi\/wp-json\/wp\/v2\/types\/post"}],"author":[{"embeddable":true,"href":"https:\/\/www.ramus.je\/nejlepsi\/wp-json\/wp\/v2\/users\/6"}],"replies":[{"embeddable":true,"href":"https:\/\/www.ramus.je\/nejlepsi\/wp-json\/wp\/v2\/comments?post=2664"}],"version-history":[{"count":0,"href":"https:\/\/www.ramus.je\/nejlepsi\/wp-json\/wp\/v2\/posts\/2664\/revisions"}],"wp:attachment":[{"href":"https:\/\/www.ramus.je\/nejlepsi\/wp-json\/wp\/v2\/media?parent=2664"}],"wp:term":[{"taxonomy":"category","embeddable":true,"href":"https:\/\/www.ramus.je\/nejlepsi\/wp-json\/wp\/v2\/categories?post=2664"},{"taxonomy":"post_tag","embeddable":true,"href":"https:\/\/www.ramus.je\/nejlepsi\/wp-json\/wp\/v2\/tags?post=2664"}],"curies":[{"name":"wp","href":"https:\/\/api.w.org\/{rel}","templated":true}]}}