{"id":2661,"date":"2015-03-25T21:54:09","date_gmt":"2015-03-25T20:54:09","guid":{"rendered":"https:\/\/www.ramus.je\/web\/15-otvirani-studanek\/"},"modified":"2015-03-25T21:54:09","modified_gmt":"2015-03-25T20:54:09","slug":"15-otvirani-studanek","status":"publish","type":"post","link":"https:\/\/www.ramus.je\/nejlepsi\/15-otvirani-studanek\/","title":{"rendered":"\/ 2015 \/ b\u0159ezen \/ Otv\u00edr\u00e1n\u00ed stud\u00e1nek"},"content":{"rendered":"<p><strong>Kr\u00e1sn\u00e1 v\u00edkendovka 2015<\/strong><\/p>\n<p>Ve dnech 20-22.3 se konala kr\u00e1sn\u00e1 v\u00edkendovka , kterou organizovala organizace R\u00e1mus. Tento v\u00edkend\u00a0jsme jeli do \u010cesk\u00e9 t\u0159ebov\u00e9. Sraz na Hlavn\u00edm n\u00e1dra\u017e\u00ed byl v\u00a0p\u016fl p\u00e1t\u00e9. Do \u010cesk\u00e9 t\u0159ebov\u00e9 jsme jeli\u00a0hodinu. Kdy\u017e jsme dorazili do \u010cesk\u00e9 t\u0159ebov\u00e9, tak jsme museli j\u00edt je\u0161t\u011b jeden kilometr do chaty, kde\u00a0bydl\u00ed skauti. Kdy\u017e jsme dorazili na m\u00edsto, tak jsme si vybalili. Po vybalen\u00ed jsme se v\u0161ichni se\u0161li ve\u00a0spole\u010densk\u00e9 m\u00edstnosti, kde jsme si vybalili j\u00eddlo, kter\u00e9 jsme si p\u0159ivezli.<\/p>\n<p>V\u00a0sobotu r\u00e1no jsme se se\u0161li\u00a0v\u00a0p\u016fl dev\u00e1t\u00e9 ve spole\u010densk\u00e9 m\u00edstnosti, kde jsme m\u011bli k\u00a0sn\u00eddani Ovesnou ka\u0161i. Po sn\u00eddani jsme se\u00a0v\u0161ichni, proto\u017ee do spole\u010densk\u00e9 m\u00edstnosti vb\u011bhnul chlap a dr\u017eel v\u00a0ruce sekeru. Chlap n\u00e1m vypr\u00e1v\u011bl o\u00a0tom, \u017ee mu n\u011bkdo otr\u00e1vil stud\u00e1nku. Tak jsme se vydali v\u0161ichni na pr\u016fzkum po \u010cesk\u00e9 t\u0159ebov\u00e9.<\/p>\n<p>Kdy\u017e\u00a0jsme dorazili ke stud\u00e1nce, tak se n\u011bkdo od n\u00e1s ze skupinky cht\u011bl nap\u00edt, ale musel p\u00edt opatrn\u011b, proto\u017ee\u00a0ta voda m\u011bla m\u00edt \u0161patn\u00e9 \u00fa\u010dinky, na \u0161t\u011bst\u00ed se nic nestalo. Po cest\u011b zp\u011bt do chaty jsme potkali mar\u0165ana,\u00a0kter\u00fd se nem\u011bl jak dostat do vesm\u00edru. Tak jsme mu v\u00a0lese postavili dome\u010dek z\u00a0roury, kter\u00fd se mu\u00a0velice l\u00edbil. Kdy\u017e jsme se vr\u00e1tili, tak jsme si dali k\u00a0ve\u010de\u0159i zeleninu s\u00a0r\u00fd\u017e\u00ed, kter\u00e1 byla modr\u00e1.<\/p>\n<p>V\u00a0ned\u011bli jsme\u00a0se se\u0161li op\u011bt ve spole\u010densk\u00e9 m\u00edstnosti a dali sn\u00eddani. Po sn\u00eddani k\u00a0n\u00e1m p\u0159i\u0161el zase mu\u017e v\u00a0\u010dern\u00e9m\u00a0obleku a \u0159ekl n\u00e1m , \u017ee mar\u0165an, kter\u00e9ho jsme zachr\u00e1nili ne\u017eije. Kdy\u017e jsme dorazili na m\u00edsto, tak jsme\u00a0zpozorovali mar\u0165ana, kter\u00fd le\u017eel na zemi. Kdy\u017e jsme ho probudili, tak jsme mu podle zna\u010dek na zemi\u00a0pomohli dostat se domu do vesm\u00edru. Pak jsme hr\u00e1li hru, ve kter\u00e9 jsme byli rozd\u011bleni na kluky a holky.<\/p>\n<p>V\u00a0t\u00e9to h\u0159e bylo c\u00edlem sebrat botu uprost\u0159ed a d\u00e1vat pozor, aby n\u00e1s kluci nechytili. Tak jsme se sna\u017eili,\u00a0a\u017e jsme padali na zem. Hned potom jsme hr\u00e1li na polici a zlod\u011bje. V\u00a0\u0161est\u00e9 jsme se p\u0159esunuli na n\u00e1dra\u017e\u00ed\u00a0a jeli jsme v\u00a0\u0161est hodin do Prahy.<\/p>\n<p>Tato v\u00edkendovka se mi moc moc l\u00edbila a t\u011b\u0161\u00edm se na p\u0159\u00ed\u0161t\u00ed v\u00edkendovku. \ud83d\ude42<\/p>\n<p>\u0160t\u011bp\u00e1nka<\/p>\n<p><strong><a href=\"http:\/\/www.ramus.je\/nejlepsi\/index.php\/archiv\/galerie?view=album&#038;album=6129517238842038561&#038;page=1\">FOTKY TADY<\/a><\/strong><\/p>\n","protected":false},"excerpt":{"rendered":"<p>Kr\u00e1sn\u00e1 v\u00edkendovka 2015 Ve dnech 20-22.3 se konala kr\u00e1sn\u00e1 v\u00edkendovka , kterou organizovala organizace R\u00e1mus. Tento v\u00edkend\u00a0jsme jeli do \u010cesk\u00e9 t\u0159ebov\u00e9. Sraz na Hlavn\u00edm n\u00e1dra\u017e\u00ed byl v\u00a0p\u016fl p\u00e1t\u00e9. Do \u010cesk\u00e9 t\u0159ebov\u00e9 jsme jeli\u00a0hodinu. Kdy\u017e jsme dorazili do \u010cesk\u00e9 t\u0159ebov\u00e9, tak jsme museli j\u00edt je\u0161t\u011b jeden kilometr do chaty, kde\u00a0bydl\u00ed skauti. Kdy\u017e jsme dorazili na m\u00edsto, &hellip; <a href=\"https:\/\/www.ramus.je\/nejlepsi\/15-otvirani-studanek\/\" class=\"more-link\">Continue reading<span class=\"screen-reader-text\"> &#8222;\/ 2015 \/ b\u0159ezen \/ Otv\u00edr\u00e1n\u00ed stud\u00e1nek&#8220;<\/span><\/a><\/p>\n","protected":false},"author":6,"featured_media":0,"comment_status":"open","ping_status":"open","sticky":false,"template":"","format":"standard","meta":{"ngg_post_thumbnail":0,"footnotes":""},"categories":[222],"tags":[],"class_list":["post-2661","post","type-post","status-publish","format-standard","hentry","category-zapisnik"],"_links":{"self":[{"href":"https:\/\/www.ramus.je\/nejlepsi\/wp-json\/wp\/v2\/posts\/2661","targetHints":{"allow":["GET"]}}],"collection":[{"href":"https:\/\/www.ramus.je\/nejlepsi\/wp-json\/wp\/v2\/posts"}],"about":[{"href":"https:\/\/www.ramus.je\/nejlepsi\/wp-json\/wp\/v2\/types\/post"}],"author":[{"embeddable":true,"href":"https:\/\/www.ramus.je\/nejlepsi\/wp-json\/wp\/v2\/users\/6"}],"replies":[{"embeddable":true,"href":"https:\/\/www.ramus.je\/nejlepsi\/wp-json\/wp\/v2\/comments?post=2661"}],"version-history":[{"count":0,"href":"https:\/\/www.ramus.je\/nejlepsi\/wp-json\/wp\/v2\/posts\/2661\/revisions"}],"wp:attachment":[{"href":"https:\/\/www.ramus.je\/nejlepsi\/wp-json\/wp\/v2\/media?parent=2661"}],"wp:term":[{"taxonomy":"category","embeddable":true,"href":"https:\/\/www.ramus.je\/nejlepsi\/wp-json\/wp\/v2\/categories?post=2661"},{"taxonomy":"post_tag","embeddable":true,"href":"https:\/\/www.ramus.je\/nejlepsi\/wp-json\/wp\/v2\/tags?post=2661"}],"curies":[{"name":"wp","href":"https:\/\/api.w.org\/{rel}","templated":true}]}}