{"id":26553,"date":"2025-12-11T17:55:47","date_gmt":"2025-12-11T16:55:47","guid":{"rendered":"https:\/\/www.ramus.je\/nejlepsi\/?p=26553"},"modified":"2025-12-12T10:07:43","modified_gmt":"2025-12-12T09:07:43","slug":"vanocni-vecirek-je-tu","status":"publish","type":"post","link":"https:\/\/www.ramus.je\/nejlepsi\/vanocni-vecirek-je-tu\/","title":{"rendered":"V\u00c1NO\u010cN\u00cd VE\u010c\u00cdREK JE TU!"},"content":{"rendered":"\n<p>Neboj, nezapomn\u011blx jsme letos! P\u0159ed V\u00e1noci se potk\u00e1me po letech zase v <a href=\"https:\/\/www.uldablice.cz\/\" data-type=\"link\" data-id=\"https:\/\/www.uldablice.cz\/\">\u00falu<\/a> (Fr\u00fddlantsk\u00e1 26, Praha 8 \u2013 S\u00eddli\u0161t\u011b \u010e\u00e1blice) a bude to takov\u00fd, jak\u00fd si to ud\u011bl\u00e1me! Chyb\u011bt ale ur\u010dit\u011b nebudou koncerty, sranda ani oh\u00fdnek!<\/p>\n\n\n\n<p><strong>Sleduj na\u0161\u00ed FB <\/strong>ud\u00e1lost <a href=\"https:\/\/www.facebook.com\/events\/1589680575537969?active_tab=about\">ZDE.<\/a> Vstupn\u00e9 bude dobrovoln\u00e9, moc d\u011bkujeme \u00falu i v\u0161em vystupuj\u00edc\u00edm, zvuka\u0159i a ramus\u00edmu dobrovolnictvu, \u017ee n\u00e1m to umo\u017e\u0148uj\u00ed, stejn\u011b jako t\u011bm z v\u00e1s, kte\u0159\u00ed v r\u00e1mci sv\u00fdch mo\u017enost\u00ed p\u0159isp\u011bj\u00ed. Nenoste pros\u00edm vlastn\u00ed pitivo, a\u0165 podpo\u0159\u00edme \u00fal\u00ed bar.<br><br>Jako ka\u017edej rok m\u016f\u017ee\u0161 na posledn\u00ed chv\u00edli po\u0159e\u0161it d\u00e1rky u st\u00e1nku s ramus\u00edm merchem, berte rad\u0161\u00ed cash, ale bude mo\u017enost platit i QRkem!:) Spole\u010dn\u011b se ohl\u00eddnem za t\u00edm, jak se Ramusu za uplynulej rok da\u0159ilo, a mo\u017en\u00e1 se dozv\u00edme i n\u011bjak\u00fd novinky, co n\u00e1s \u010dekaj\u00ed od p\u0159\u00ed\u0161t\u00edho roku!&nbsp;<br><br>Koncerty zahrajou jak star\u00fd ramus\u00ed p\u00e1ky, tak mlad\u00ed talenti, a pak to roztan\u010d\u00edme na DJ sety, dokud n\u00e1s to bude bavit.&nbsp;<\/p>\n\n\n\n<p><strong>P\u0159edb\u011b\u017en\u00fd program:<\/strong><br><br><strong>17.00-19.00<\/strong> HUMR &#8211; spole\u010dn\u00e9 vyr\u00e1b\u011bn\u00ed v\u00e1no\u010dn\u00edch p\u0159\u00e1n\u00ed\u010dek<br><strong>19.00<\/strong> zah\u00e1jen\u00ed ve\u010d\u00edrku, uv\u00edtac\u00ed slova<br><strong>19.30 <\/strong>koncert kapely \u00c9ra<br><strong>20.30<\/strong> koncert kapely \u017d\u00ed\u017ealy<br><strong>22.00<\/strong> &#8211; ??? DJ sety: T\u0159i Janta\u0159i \/\/ \u010cern\u00fd Kucka B\u00edl\u00fd Kocour<\/p>\n\n\n\n<p>T\u011b\u0161\u00edme se na v\u00e1s !<br>Ramus je platforma pro setk\u00e1v\u00e1n\u00ed lid\u00ed s posti\u017een\u00edm i bez, v\u00edce na <a href=\"http:\/\/www.ramus.je\/?fbclid=IwZXh0bgNhZW0CMTAAYnJpZBExemRVOUJZU1hFaWJCelhMcnNydGMGYXBwX2lkEDIyMjAzOTE3ODgyMDA4OTIAAR63F0zFlHdb0tnuBurqS32LhFSJnXJsrR_yMZoT-xwUTv5Bs0pmf0Wol2XVyw_aem_ZjTECLGBGJa-bKeqDJC9Ag\">www.ramus.je.<\/a><\/p>\n\n\n\n<figure class=\"wp-block-image size-large\"><img loading=\"lazy\" decoding=\"async\" width=\"734\" height=\"1024\" src=\"https:\/\/www.ramus.je\/nejlepsi\/wp-content\/uploads\/2025\/12\/A-a5-final-vanocni-vecirek-2025-kopie-734x1024.png\" alt=\"\" class=\"wp-image-26554\" srcset=\"https:\/\/www.ramus.je\/nejlepsi\/wp-content\/uploads\/2025\/12\/A-a5-final-vanocni-vecirek-2025-kopie-734x1024.png 734w, https:\/\/www.ramus.je\/nejlepsi\/wp-content\/uploads\/2025\/12\/A-a5-final-vanocni-vecirek-2025-kopie-215x300.png 215w, https:\/\/www.ramus.je\/nejlepsi\/wp-content\/uploads\/2025\/12\/A-a5-final-vanocni-vecirek-2025-kopie-768x1071.png 768w, https:\/\/www.ramus.je\/nejlepsi\/wp-content\/uploads\/2025\/12\/A-a5-final-vanocni-vecirek-2025-kopie-1102x1536.png 1102w, https:\/\/www.ramus.je\/nejlepsi\/wp-content\/uploads\/2025\/12\/A-a5-final-vanocni-vecirek-2025-kopie-1469x2048.png 1469w, https:\/\/www.ramus.je\/nejlepsi\/wp-content\/uploads\/2025\/12\/A-a5-final-vanocni-vecirek-2025-kopie-scaled.png 1836w\" sizes=\"auto, (min-width: 960px) 75vw, 100vw\" \/><\/figure>\n","protected":false},"excerpt":{"rendered":"<p>Neboj, nezapomn\u011blx jsme letos! P\u0159ed V\u00e1noci se potk\u00e1me po letech zase v \u00falu (Fr\u00fddlantsk\u00e1 26, Praha 8 \u2013 S\u00eddli\u0161t\u011b \u010e\u00e1blice) a bude to takov\u00fd, jak\u00fd si to ud\u011bl\u00e1me! Chyb\u011bt ale ur\u010dit\u011b nebudou koncerty, sranda ani oh\u00fdnek! Sleduj na\u0161\u00ed FB ud\u00e1lost ZDE. Vstupn\u00e9 bude dobrovoln\u00e9, moc d\u011bkujeme \u00falu i v\u0161em vystupuj\u00edc\u00edm, zvuka\u0159i a ramus\u00edmu dobrovolnictvu, \u017ee &hellip; <a href=\"https:\/\/www.ramus.je\/nejlepsi\/vanocni-vecirek-je-tu\/\" class=\"more-link\">Continue reading<span class=\"screen-reader-text\"> &#8222;V\u00c1NO\u010cN\u00cd VE\u010c\u00cdREK JE TU!&#8220;<\/span><\/a><\/p>\n","protected":false},"author":3,"featured_media":0,"comment_status":"closed","ping_status":"","sticky":false,"template":"","format":"standard","meta":{"ngg_post_thumbnail":0,"footnotes":""},"categories":[213],"tags":[],"class_list":["post-26553","post","type-post","status-publish","format-standard","hentry","category-novinky"],"_links":{"self":[{"href":"https:\/\/www.ramus.je\/nejlepsi\/wp-json\/wp\/v2\/posts\/26553","targetHints":{"allow":["GET"]}}],"collection":[{"href":"https:\/\/www.ramus.je\/nejlepsi\/wp-json\/wp\/v2\/posts"}],"about":[{"href":"https:\/\/www.ramus.je\/nejlepsi\/wp-json\/wp\/v2\/types\/post"}],"author":[{"embeddable":true,"href":"https:\/\/www.ramus.je\/nejlepsi\/wp-json\/wp\/v2\/users\/3"}],"replies":[{"embeddable":true,"href":"https:\/\/www.ramus.je\/nejlepsi\/wp-json\/wp\/v2\/comments?post=26553"}],"version-history":[{"count":2,"href":"https:\/\/www.ramus.je\/nejlepsi\/wp-json\/wp\/v2\/posts\/26553\/revisions"}],"predecessor-version":[{"id":26556,"href":"https:\/\/www.ramus.je\/nejlepsi\/wp-json\/wp\/v2\/posts\/26553\/revisions\/26556"}],"wp:attachment":[{"href":"https:\/\/www.ramus.je\/nejlepsi\/wp-json\/wp\/v2\/media?parent=26553"}],"wp:term":[{"taxonomy":"category","embeddable":true,"href":"https:\/\/www.ramus.je\/nejlepsi\/wp-json\/wp\/v2\/categories?post=26553"},{"taxonomy":"post_tag","embeddable":true,"href":"https:\/\/www.ramus.je\/nejlepsi\/wp-json\/wp\/v2\/tags?post=26553"}],"curies":[{"name":"wp","href":"https:\/\/api.w.org\/{rel}","templated":true}]}}