{"id":26456,"date":"2025-11-09T20:34:43","date_gmt":"2025-11-09T19:34:43","guid":{"rendered":"https:\/\/www.ramus.je\/nejlepsi\/?p=26456"},"modified":"2025-11-10T21:00:56","modified_gmt":"2025-11-10T20:00:56","slug":"aukce-umeni-pro-ramus-2025","status":"publish","type":"post","link":"https:\/\/www.ramus.je\/nejlepsi\/aukce-umeni-pro-ramus-2025\/","title":{"rendered":"AUKCE UM\u011aN\u00cd PRO RAMUS"},"content":{"rendered":"\n<p>Aukce um\u011bn\u00ed pro <strong>Ramus<\/strong> je tu!&nbsp;&#x1f98b;<\/p>\n\n\n\n<p>Srde\u010dn\u011b zveme na ji\u017e 9. ro\u010dn\u00edk benefi\u010dn\u00ed Aukce um\u011bn\u00ed pro <strong>Ramus<\/strong>.&nbsp;I letos jsme vyu\u017eili ramus\u00ed propojen\u00ed s um\u011bleck\u00fdmi kruhy a sv\u00e1 d\u00edla n\u00e1m darovali um\u011blci a um\u011blkyn\u011b nap\u0159\u00ed\u010d sou\u010dasnou um\u011bleckou sc\u00e9nou. Na auk\u010dn\u00ed v\u00fdstav\u011b se tedy m\u016f\u017eete t\u011b\u0161it na d\u00edla od v\u00edce ne\u017e 50 autor\u016f a autorek a dom\u016f odej\u00edt s obrazem, kresbou, grafikou, keramikou nebo fotografick\u00fdm tiskem.Aukce prob\u011bhne ve \u010dtvrtek <strong>27.11.<\/strong> od <strong>19:00<\/strong> v prostoru <strong>AVU<\/strong> Veletr\u017en\u00ed (Veletr\u017en\u00ed 61, Praha 7). Adresu najdete&nbsp;<a href=\"https:\/\/maps.app.goo.gl\/8Lgt4Ye9i22LKLvK9\" target=\"_blank\" rel=\"noreferrer noopener\">TADY&nbsp;<\/a>a nezapome\u0148te sledovat na\u0161\u00ed&nbsp;<a href=\"https:\/\/www.facebook.com\/events\/1478742283196380\/?acontext=%7B%22event_action_history%22%3A[%7B%22mechanism%22%3A%22attachment%22%2C%22surface%22%3A%22newsfeed%22%7D]%2C%22ref_notif_type%22%3Anull%7D\" target=\"_blank\" rel=\"noreferrer noopener\">FB UD\u00c1LOST<\/a>&nbsp;!&nbsp;&#x1f31e;<\/p>\n\n\n\n<p>V nov\u00e9 budov\u011b <strong>AVU<\/strong> na v\u00e1s bude krom\u011b spousty skv\u011bl\u00e9ho um\u011bn\u00ed \u010dekat vegansk\u00e9 a vegetari\u00e1nsk\u00e9 ob\u010derstven\u00ed, hudba&nbsp;a nezam\u011bniteln\u00e1 ramus\u00ed atmosf\u00e9ra. Na aukci nemus\u00edte nechat v\u00fdplatu \u2013 m\u016f\u017eete se jen p\u0159ij\u00edt pod\u00edvat na v\u00fdstavu d\u011bl a pomoct vy\u0161ponovat jejich ceny v\u00fd\u0161&nbsp;&#x1f4ab;&nbsp;Dra\u017eba prob\u00edh\u00e1 tichou formou skrze p\u0159ihazovac\u00ed formul\u00e1\u0159.Ide\u00e1ln\u011b vezm\u011bte co nejv\u00edc lid\u00ed s sebou, cash nebo bankovn\u00ed appku, a p\u0159ij\u010fte spole\u010dn\u011b vy\u0159e\u0161it v\u00e1no\u010dn\u00ed d\u00e1rky i svou dobrou karmu.&nbsp;&#x1f381;&#x262f;&#xfe0f;&nbsp;T\u011b\u0161\u00edme se!<\/p>\n\n\n\n<p><strong>POZOR<\/strong>! Na\u0161e aukce pot\u00e9 prob\u00edh\u00e1 tak\u00e9 online, a to od ned\u011ble <strong>7. 12. 19:00<\/strong> do st\u0159edy <strong>10. 12. 19:00<\/strong>, a budete se tedy moct utkat o dal\u0161\u00ed v\u00e1rku d\u011bl na&nbsp;<a href=\"https:\/\/www.ramus.je\/tichaaukce\" target=\"_blank\" rel=\"noreferrer noopener\">https:\/\/www.ramus.je\/tichaaukce<\/a>&nbsp;&#x23f0;&nbsp;U\u017e tam b\u011b\u017e\u00ed odpo\u010d\u00edt\u00e1v\u00e1n\u00ed a najdete tam i pravidla online aukce.<\/p>\n\n\n\n<p>Kompletn\u00ed seznam um\u011blc\u016f a um\u011blky\u0148 zve\u0159ejn\u00edme brzy, ale zat\u00edm se m\u016f\u017eete t\u011b\u0161it na d\u00edla t\u0159eba od Tom\u00e1\u0161e Sta\u0148ka, Toy Box, Stony Tellers, Mashy Kovtun, Mark\u00e9ty Skalkov\u00e9, Mateje \u0160tetiara, Marie Nakone\u010dn\u00e9, Ester Nemj\u00f3, Ivy Davidov\u00e9 nebo L\u00edvie Such\u00e9&nbsp;&#x1f33c;<\/p>\n\n\n\n<p>Kdo jsme a pro\u010d p\u0159isp\u011bt? Jsme <strong>Ramus<\/strong>! (<a href=\"http:\/\/www.ramus.je\/\" target=\"_blank\" rel=\"noreferrer noopener\">www.ramus.je<\/a>).&nbsp;Ji\u017e \u0161estn\u00e1ct let po\u0159\u00e1d\u00e1me akce pro mlad\u00e9 lidi s posti\u017een\u00edm i bez n\u011bj&nbsp;&#x1f91d;&nbsp;Nevyu\u017e\u00edv\u00e1me granty ani dotace a op\u00edr\u00e1me se o individu\u00e1ln\u00ed&nbsp;a firemn\u00ed d\u00e1rce, kte\u0159\u00ed n\u00e1s cht\u011bj\u00ed v\u011bdom\u011b podpo\u0159it&nbsp;&#x1f4b0; Tak pros\u00edm sd\u00edlejte ud\u00e1lost, zv\u011bte sv\u00e9 p\u0159\u00e1tele, rodinu i kolegy \u2013 i kdy\u017e Ramus t\u0159eba neznaj\u00ed \u2013 a\u0165 nasaj\u00ed ramus\u00ed atmosf\u00e9ru, u\u017eij\u00ed si kulturn\u00ed ve\u010der a odnesou si dom\u016f um\u011bn\u00ed s dobr\u00fdm pocitem! &#x2728;<\/p>\n\n\n\n<p>T\u011b\u0161\u00edme se na v\u00e1s!<\/p>\n\n\n\n<p>Za grafiku moc d\u011bkujeme Mark\u00e9t\u011b Skalkov\u00e9 @supermarketkovitost\u00a0<\/p>\n\n\n\n<figure class=\"wp-block-image size-large\"><img loading=\"lazy\" decoding=\"async\" width=\"819\" height=\"1024\" src=\"https:\/\/www.ramus.je\/nejlepsi\/wp-content\/uploads\/2025\/11\/ramus_sitmaleee-819x1024.jpg\" alt=\"\" class=\"wp-image-26466\" srcset=\"https:\/\/www.ramus.je\/nejlepsi\/wp-content\/uploads\/2025\/11\/ramus_sitmaleee-819x1024.jpg 819w, https:\/\/www.ramus.je\/nejlepsi\/wp-content\/uploads\/2025\/11\/ramus_sitmaleee-240x300.jpg 240w, https:\/\/www.ramus.je\/nejlepsi\/wp-content\/uploads\/2025\/11\/ramus_sitmaleee-768x960.jpg 768w, https:\/\/www.ramus.je\/nejlepsi\/wp-content\/uploads\/2025\/11\/ramus_sitmaleee-1229x1536.jpg 1229w, https:\/\/www.ramus.je\/nejlepsi\/wp-content\/uploads\/2025\/11\/ramus_sitmaleee.jpg 1543w\" sizes=\"auto, (min-width: 960px) 75vw, 100vw\" \/><\/figure>\n","protected":false},"excerpt":{"rendered":"<p>Aukce um\u011bn\u00ed pro Ramus je tu!&nbsp;&#x1f98b; Srde\u010dn\u011b zveme na ji\u017e 9. ro\u010dn\u00edk benefi\u010dn\u00ed Aukce um\u011bn\u00ed pro Ramus.&nbsp;I letos jsme vyu\u017eili ramus\u00ed propojen\u00ed s um\u011bleck\u00fdmi kruhy a sv\u00e1 d\u00edla n\u00e1m darovali um\u011blci a um\u011blkyn\u011b nap\u0159\u00ed\u010d sou\u010dasnou um\u011bleckou sc\u00e9nou. Na auk\u010dn\u00ed v\u00fdstav\u011b se tedy m\u016f\u017eete t\u011b\u0161it na d\u00edla od v\u00edce ne\u017e 50 autor\u016f a autorek a dom\u016f &hellip; <a href=\"https:\/\/www.ramus.je\/nejlepsi\/aukce-umeni-pro-ramus-2025\/\" class=\"more-link\">Continue reading<span class=\"screen-reader-text\"> &#8222;AUKCE UM\u011aN\u00cd PRO RAMUS&#8220;<\/span><\/a><\/p>\n","protected":false},"author":1,"featured_media":0,"comment_status":"closed","ping_status":"","sticky":false,"template":"","format":"standard","meta":{"ngg_post_thumbnail":0,"footnotes":""},"categories":[213],"tags":[],"class_list":["post-26456","post","type-post","status-publish","format-standard","hentry","category-novinky"],"_links":{"self":[{"href":"https:\/\/www.ramus.je\/nejlepsi\/wp-json\/wp\/v2\/posts\/26456","targetHints":{"allow":["GET"]}}],"collection":[{"href":"https:\/\/www.ramus.je\/nejlepsi\/wp-json\/wp\/v2\/posts"}],"about":[{"href":"https:\/\/www.ramus.je\/nejlepsi\/wp-json\/wp\/v2\/types\/post"}],"author":[{"embeddable":true,"href":"https:\/\/www.ramus.je\/nejlepsi\/wp-json\/wp\/v2\/users\/1"}],"replies":[{"embeddable":true,"href":"https:\/\/www.ramus.je\/nejlepsi\/wp-json\/wp\/v2\/comments?post=26456"}],"version-history":[{"count":7,"href":"https:\/\/www.ramus.je\/nejlepsi\/wp-json\/wp\/v2\/posts\/26456\/revisions"}],"predecessor-version":[{"id":26468,"href":"https:\/\/www.ramus.je\/nejlepsi\/wp-json\/wp\/v2\/posts\/26456\/revisions\/26468"}],"wp:attachment":[{"href":"https:\/\/www.ramus.je\/nejlepsi\/wp-json\/wp\/v2\/media?parent=26456"}],"wp:term":[{"taxonomy":"category","embeddable":true,"href":"https:\/\/www.ramus.je\/nejlepsi\/wp-json\/wp\/v2\/categories?post=26456"},{"taxonomy":"post_tag","embeddable":true,"href":"https:\/\/www.ramus.je\/nejlepsi\/wp-json\/wp\/v2\/tags?post=26456"}],"curies":[{"name":"wp","href":"https:\/\/api.w.org\/{rel}","templated":true}]}}