{"id":26220,"date":"2025-09-29T10:42:14","date_gmt":"2025-09-29T09:42:14","guid":{"rendered":"https:\/\/www.ramus.je\/nejlepsi\/?p=26220"},"modified":"2025-09-29T10:43:08","modified_gmt":"2025-09-29T09:43:08","slug":"podzim-se-vkrada-do-tvych-dnu","status":"publish","type":"post","link":"https:\/\/www.ramus.je\/nejlepsi\/podzim-se-vkrada-do-tvych-dnu\/","title":{"rendered":"PODZIM SE VKR\u00c1D\u00c1 DO TV\u00ddCH DN\u016e"},"content":{"rendered":"\n<p>L\u00e9to je za n\u00e1mi, list\u00ed \u017eloutne a fotky u\u017e z prom\u00edtac\u00edho s\u00e1lu p\u0159ilet\u011bly do <a href=\"https:\/\/www.ramus.je\/nejlepsi\/galerie\/fotky\/2025\">galerie.<\/a> Koukejte, prohl\u00ed\u017eejte a t\u011b\u0161te se na p\u0159\u00ed\u0161t\u00ed letn\u00ed dny na louce. A jestli v\u00e1m bude p\u0159i tomhle prohl\u00ed\u017een\u00ed teskno po Ramus\u00e1c\u00edch, koukn\u011bte <a href=\"https:\/\/www.ramus.je\/nejlepsi\/plan-akci\/\">SEM<\/a> na term\u00edny nejbli\u017e\u0161\u00edch akc\u00ed a poje\u010fte n\u011bkam s n\u00e1mi!<\/p>\n\n\n\n<figure class=\"wp-block-image size-large\"><img loading=\"lazy\" decoding=\"async\" width=\"1024\" height=\"678\" src=\"https:\/\/www.ramus.je\/nejlepsi\/wp-content\/uploads\/2025\/09\/img_29-1024x678.jpeg\" alt=\"\" class=\"wp-image-26221\" srcset=\"https:\/\/www.ramus.je\/nejlepsi\/wp-content\/uploads\/2025\/09\/img_29-1024x678.jpeg 1024w, https:\/\/www.ramus.je\/nejlepsi\/wp-content\/uploads\/2025\/09\/img_29-300x199.jpeg 300w, https:\/\/www.ramus.je\/nejlepsi\/wp-content\/uploads\/2025\/09\/img_29-768x509.jpeg 768w, https:\/\/www.ramus.je\/nejlepsi\/wp-content\/uploads\/2025\/09\/img_29-1536x1018.jpeg 1536w, https:\/\/www.ramus.je\/nejlepsi\/wp-content\/uploads\/2025\/09\/img_29-2048x1357.jpeg 2048w\" sizes=\"auto, (min-width: 960px) 75vw, 100vw\" \/><\/figure>\n","protected":false},"excerpt":{"rendered":"<p>L\u00e9to je za n\u00e1mi, list\u00ed \u017eloutne a fotky u\u017e z prom\u00edtac\u00edho s\u00e1lu p\u0159ilet\u011bly do galerie. Koukejte, prohl\u00ed\u017eejte a t\u011b\u0161te se na p\u0159\u00ed\u0161t\u00ed letn\u00ed dny na louce. A jestli v\u00e1m bude p\u0159i tomhle prohl\u00ed\u017een\u00ed teskno po Ramus\u00e1c\u00edch, koukn\u011bte SEM na term\u00edny nejbli\u017e\u0161\u00edch akc\u00ed a poje\u010fte n\u011bkam s n\u00e1mi!<\/p>\n","protected":false},"author":3,"featured_media":0,"comment_status":"closed","ping_status":"","sticky":false,"template":"","format":"standard","meta":{"ngg_post_thumbnail":0,"footnotes":""},"categories":[213],"tags":[],"class_list":["post-26220","post","type-post","status-publish","format-standard","hentry","category-novinky"],"_links":{"self":[{"href":"https:\/\/www.ramus.je\/nejlepsi\/wp-json\/wp\/v2\/posts\/26220","targetHints":{"allow":["GET"]}}],"collection":[{"href":"https:\/\/www.ramus.je\/nejlepsi\/wp-json\/wp\/v2\/posts"}],"about":[{"href":"https:\/\/www.ramus.je\/nejlepsi\/wp-json\/wp\/v2\/types\/post"}],"author":[{"embeddable":true,"href":"https:\/\/www.ramus.je\/nejlepsi\/wp-json\/wp\/v2\/users\/3"}],"replies":[{"embeddable":true,"href":"https:\/\/www.ramus.je\/nejlepsi\/wp-json\/wp\/v2\/comments?post=26220"}],"version-history":[{"count":3,"href":"https:\/\/www.ramus.je\/nejlepsi\/wp-json\/wp\/v2\/posts\/26220\/revisions"}],"predecessor-version":[{"id":26224,"href":"https:\/\/www.ramus.je\/nejlepsi\/wp-json\/wp\/v2\/posts\/26220\/revisions\/26224"}],"wp:attachment":[{"href":"https:\/\/www.ramus.je\/nejlepsi\/wp-json\/wp\/v2\/media?parent=26220"}],"wp:term":[{"taxonomy":"category","embeddable":true,"href":"https:\/\/www.ramus.je\/nejlepsi\/wp-json\/wp\/v2\/categories?post=26220"},{"taxonomy":"post_tag","embeddable":true,"href":"https:\/\/www.ramus.je\/nejlepsi\/wp-json\/wp\/v2\/tags?post=26220"}],"curies":[{"name":"wp","href":"https:\/\/api.w.org\/{rel}","templated":true}]}}