{"id":2622,"date":"2015-01-01T12:57:51","date_gmt":"2015-01-01T11:57:51","guid":{"rendered":"https:\/\/www.ramus.je\/web\/o-albrechtu-z-valdstejna\/"},"modified":"2015-01-01T12:57:51","modified_gmt":"2015-01-01T11:57:51","slug":"o-albrechtu-z-valdstejna","status":"publish","type":"post","link":"https:\/\/www.ramus.je\/nejlepsi\/o-albrechtu-z-valdstejna\/","title":{"rendered":"O Albrechtu z Vald\u0161tejna"},"content":{"rendered":"<p><strong>Prosinec 2014 \/\u00a0<\/strong>Kr\u00e1tk\u00fd n\u011bm\u00fd film o Albrechtu z Vald\u0161tejna, kter\u00fd jsme nato\u010dili v Ji\u010d\u00edn\u011b na Vald\u0161tejnsk\u00e9 lod\u017eii.<\/p>\n<p><a href=\"http:\/\/vimeo.com\/115717389\">http:\/\/vimeo.com\/115717389<\/a><\/p>\n","protected":false},"excerpt":{"rendered":"<p>Prosinec 2014 \/\u00a0Kr\u00e1tk\u00fd n\u011bm\u00fd film o Albrechtu z Vald\u0161tejna, kter\u00fd jsme nato\u010dili v Ji\u010d\u00edn\u011b na Vald\u0161tejnsk\u00e9 lod\u017eii. http:\/\/vimeo.com\/115717389<\/p>\n","protected":false},"author":6,"featured_media":0,"comment_status":"open","ping_status":"open","sticky":false,"template":"","format":"standard","meta":{"ngg_post_thumbnail":0,"footnotes":""},"categories":[215],"tags":[],"class_list":["post-2622","post","type-post","status-publish","format-standard","hentry","category-video-video"],"_links":{"self":[{"href":"https:\/\/www.ramus.je\/nejlepsi\/wp-json\/wp\/v2\/posts\/2622","targetHints":{"allow":["GET"]}}],"collection":[{"href":"https:\/\/www.ramus.je\/nejlepsi\/wp-json\/wp\/v2\/posts"}],"about":[{"href":"https:\/\/www.ramus.je\/nejlepsi\/wp-json\/wp\/v2\/types\/post"}],"author":[{"embeddable":true,"href":"https:\/\/www.ramus.je\/nejlepsi\/wp-json\/wp\/v2\/users\/6"}],"replies":[{"embeddable":true,"href":"https:\/\/www.ramus.je\/nejlepsi\/wp-json\/wp\/v2\/comments?post=2622"}],"version-history":[{"count":0,"href":"https:\/\/www.ramus.je\/nejlepsi\/wp-json\/wp\/v2\/posts\/2622\/revisions"}],"wp:attachment":[{"href":"https:\/\/www.ramus.je\/nejlepsi\/wp-json\/wp\/v2\/media?parent=2622"}],"wp:term":[{"taxonomy":"category","embeddable":true,"href":"https:\/\/www.ramus.je\/nejlepsi\/wp-json\/wp\/v2\/categories?post=2622"},{"taxonomy":"post_tag","embeddable":true,"href":"https:\/\/www.ramus.je\/nejlepsi\/wp-json\/wp\/v2\/tags?post=2622"}],"curies":[{"name":"wp","href":"https:\/\/api.w.org\/{rel}","templated":true}]}}