{"id":2618,"date":"2014-12-18T13:19:10","date_gmt":"2014-12-18T12:19:10","guid":{"rendered":"https:\/\/www.ramus.je\/web\/na-moment-i-ve-forbesu\/"},"modified":"2014-12-18T13:19:10","modified_gmt":"2014-12-18T12:19:10","slug":"na-moment-i-ve-forbesu","status":"publish","type":"post","link":"https:\/\/www.ramus.je\/nejlepsi\/na-moment-i-ve-forbesu\/","title":{"rendered":"Na Moment i ve Forbesu"},"content":{"rendered":"<p>Za posledn\u00ed m\u011bs\u00edc jste na Ramus mohli narazit ve dvou zna\u010dn\u011b odli\u0161n\u00fdch \u010dasopisech.\u00a0<\/p>\n<p>Zat\u00edmco \u010dtvrt\u00e9 \u010d\u00edslo samovoln\u011b distribuovan\u00e9ho zpravodaje Moment, kter\u00fd vyd\u00e1v\u00e1 <a href=\"http:\/\/nerasismu.cz\/\">INR<\/a>, p\u0159ineslo v r\u00e1mci t\u00e9matu\u00a0<strong>radik\u00e1ln\u00ed, kritick\u00e9, jin\u00e9 soci\u00e1ln\u00ed pr\u00e1ce <\/strong>zcela neradik\u00e1ln\u00ed rohozovor s Ramusem (<a href=\"https:\/\/www.ramus.je\/nejlepsi\/wp-content\/uploads\/2014\/12\/ramus_moment_rozhovor_listopad_14.pdf\">p\u0159e\u010d\u00edst si ho m\u016f\u017eete zde<\/a>), na str\u00e1nk\u00e1ch \u010dasopisu Forbes jsme se sice neprobojovali do \u017eeb\u0159\u00ed\u010dku nejbohat\u0161\u00edch lid\u00ed na planet\u011b, ale jsme zm\u00edn\u011bni v \u010dl\u00e1nku\u00a0<a href=\"http:\/\/www.forbes.cz\/stesti\/14-rada-ke-stesti?show\">Darovat nemus\u00edte jen pen\u00edze<\/a>. D\u00edk!<\/p>\n<p>Z\u00edtra vyr\u00e1\u017e\u00edme na posledn\u00ed v\u00edkendovku v roce 2014!<\/p>\n","protected":false},"excerpt":{"rendered":"<p>Za posledn\u00ed m\u011bs\u00edc jste na Ramus mohli narazit ve dvou zna\u010dn\u011b odli\u0161n\u00fdch \u010dasopisech.\u00a0 Zat\u00edmco \u010dtvrt\u00e9 \u010d\u00edslo samovoln\u011b distribuovan\u00e9ho zpravodaje Moment, kter\u00fd vyd\u00e1v\u00e1 INR, p\u0159ineslo v r\u00e1mci t\u00e9matu\u00a0radik\u00e1ln\u00ed, kritick\u00e9, jin\u00e9 soci\u00e1ln\u00ed pr\u00e1ce zcela neradik\u00e1ln\u00ed rohozovor s Ramusem (p\u0159e\u010d\u00edst si ho m\u016f\u017eete zde), na str\u00e1nk\u00e1ch \u010dasopisu Forbes jsme se sice neprobojovali do \u017eeb\u0159\u00ed\u010dku nejbohat\u0161\u00edch lid\u00ed na planet\u011b, &hellip; <a href=\"https:\/\/www.ramus.je\/nejlepsi\/na-moment-i-ve-forbesu\/\" class=\"more-link\">Continue reading<span class=\"screen-reader-text\"> &#8222;Na Moment i ve Forbesu&#8220;<\/span><\/a><\/p>\n","protected":false},"author":6,"featured_media":0,"comment_status":"open","ping_status":"open","sticky":false,"template":"","format":"standard","meta":{"ngg_post_thumbnail":0,"footnotes":""},"categories":[213],"tags":[],"class_list":["post-2618","post","type-post","status-publish","format-standard","hentry","category-novinky"],"_links":{"self":[{"href":"https:\/\/www.ramus.je\/nejlepsi\/wp-json\/wp\/v2\/posts\/2618","targetHints":{"allow":["GET"]}}],"collection":[{"href":"https:\/\/www.ramus.je\/nejlepsi\/wp-json\/wp\/v2\/posts"}],"about":[{"href":"https:\/\/www.ramus.je\/nejlepsi\/wp-json\/wp\/v2\/types\/post"}],"author":[{"embeddable":true,"href":"https:\/\/www.ramus.je\/nejlepsi\/wp-json\/wp\/v2\/users\/6"}],"replies":[{"embeddable":true,"href":"https:\/\/www.ramus.je\/nejlepsi\/wp-json\/wp\/v2\/comments?post=2618"}],"version-history":[{"count":0,"href":"https:\/\/www.ramus.je\/nejlepsi\/wp-json\/wp\/v2\/posts\/2618\/revisions"}],"wp:attachment":[{"href":"https:\/\/www.ramus.je\/nejlepsi\/wp-json\/wp\/v2\/media?parent=2618"}],"wp:term":[{"taxonomy":"category","embeddable":true,"href":"https:\/\/www.ramus.je\/nejlepsi\/wp-json\/wp\/v2\/categories?post=2618"},{"taxonomy":"post_tag","embeddable":true,"href":"https:\/\/www.ramus.je\/nejlepsi\/wp-json\/wp\/v2\/tags?post=2618"}],"curies":[{"name":"wp","href":"https:\/\/api.w.org\/{rel}","templated":true}]}}