{"id":2616,"date":"2014-12-17T15:16:14","date_gmt":"2014-12-17T14:16:14","guid":{"rendered":"https:\/\/www.ramus.je\/web\/ramus-je-vdecny-bazar-teamu\/"},"modified":"2014-12-17T15:16:14","modified_gmt":"2014-12-17T14:16:14","slug":"ramus-je-vdecny-bazar-teamu","status":"publish","type":"post","link":"https:\/\/www.ramus.je\/nejlepsi\/ramus-je-vdecny-bazar-teamu\/","title":{"rendered":"Ramus je vd\u011b\u010dn\u00fd Bazar teamu"},"content":{"rendered":"<p>Op\u011bt d\u011bkujeme <strong>Bazar teamu<\/strong>, kter\u00fd ji\u017e n\u011bkolik let ne\u00fanavn\u011b po\u0159\u00e1d\u00e1 benefi\u010dn\u00ed bazary s oble\u010den\u00edm v Lu\u017eeni\u010dk\u00e1ch. V\u00fdt\u011b\u017eek bazaru je v\u017edy rozd\u011blen mezi n\u011bkolik organizac\u00ed, p\u0159i\u010dem\u017e Ramus pat\u0159\u00ed posledn\u00edch p\u00e1r let mezi jednu z nich. D\u00edky posledn\u00edmu, listopadov\u00e9mu bazaru, tentokr\u00e1t putuje k Ramusu <strong>46 000 K\u010d<\/strong>.\u00a0<\/p>\n<p>Moc si toho v\u00e1\u017e\u00edme a d\u011bkujeme!<\/p>\n<p><em>(Zde v archivu, v sekci\u00a0<a href=\"http:\/\/www.ramus.je\/nejlepsi\/index.php\/archiv\/televize\">televize<\/a>, m\u016f\u017eete naj\u00edt rok star\u00e9 video o tom, jak p\u0159esn\u011b cel\u00fd bazar funguje &#8211; \u010dtvrt\u00e9 odshora)<\/em><\/p>\n<p><img loading=\"lazy\" decoding=\"async\" class=\" size-full wp-image-2615\" src=\"https:\/\/www.ramus.je\/nejlepsi\/wp-content\/uploads\/2014\/12\/ramus_je_vdecny_bazar_teamu_171214.jpg\" alt=\"alt\" width=\"600\" height=\"425\" srcset=\"https:\/\/www.ramus.je\/nejlepsi\/wp-content\/uploads\/2014\/12\/ramus_je_vdecny_bazar_teamu_171214.jpg 1100w, https:\/\/www.ramus.je\/nejlepsi\/wp-content\/uploads\/2014\/12\/ramus_je_vdecny_bazar_teamu_171214-300x212.jpg 300w, https:\/\/www.ramus.je\/nejlepsi\/wp-content\/uploads\/2014\/12\/ramus_je_vdecny_bazar_teamu_171214-1024x724.jpg 1024w, https:\/\/www.ramus.je\/nejlepsi\/wp-content\/uploads\/2014\/12\/ramus_je_vdecny_bazar_teamu_171214-768x543.jpg 768w\" sizes=\"auto, (min-width: 960px) 75vw, 100vw\" \/> \u00a0<\/p>\n","protected":false},"excerpt":{"rendered":"<p>Op\u011bt d\u011bkujeme Bazar teamu, kter\u00fd ji\u017e n\u011bkolik let ne\u00fanavn\u011b po\u0159\u00e1d\u00e1 benefi\u010dn\u00ed bazary s oble\u010den\u00edm v Lu\u017eeni\u010dk\u00e1ch. V\u00fdt\u011b\u017eek bazaru je v\u017edy rozd\u011blen mezi n\u011bkolik organizac\u00ed, p\u0159i\u010dem\u017e Ramus pat\u0159\u00ed posledn\u00edch p\u00e1r let mezi jednu z nich. D\u00edky posledn\u00edmu, listopadov\u00e9mu bazaru, tentokr\u00e1t putuje k Ramusu 46 000 K\u010d.\u00a0 Moc si toho v\u00e1\u017e\u00edme a d\u011bkujeme! (Zde v archivu, v &hellip; <a href=\"https:\/\/www.ramus.je\/nejlepsi\/ramus-je-vdecny-bazar-teamu\/\" class=\"more-link\">Continue reading<span class=\"screen-reader-text\"> &#8222;Ramus je vd\u011b\u010dn\u00fd Bazar teamu&#8220;<\/span><\/a><\/p>\n","protected":false},"author":6,"featured_media":2614,"comment_status":"open","ping_status":"open","sticky":false,"template":"","format":"standard","meta":{"ngg_post_thumbnail":0,"footnotes":""},"categories":[213],"tags":[],"class_list":["post-2616","post","type-post","status-publish","format-standard","has-post-thumbnail","hentry","category-novinky"],"_links":{"self":[{"href":"https:\/\/www.ramus.je\/nejlepsi\/wp-json\/wp\/v2\/posts\/2616","targetHints":{"allow":["GET"]}}],"collection":[{"href":"https:\/\/www.ramus.je\/nejlepsi\/wp-json\/wp\/v2\/posts"}],"about":[{"href":"https:\/\/www.ramus.je\/nejlepsi\/wp-json\/wp\/v2\/types\/post"}],"author":[{"embeddable":true,"href":"https:\/\/www.ramus.je\/nejlepsi\/wp-json\/wp\/v2\/users\/6"}],"replies":[{"embeddable":true,"href":"https:\/\/www.ramus.je\/nejlepsi\/wp-json\/wp\/v2\/comments?post=2616"}],"version-history":[{"count":0,"href":"https:\/\/www.ramus.je\/nejlepsi\/wp-json\/wp\/v2\/posts\/2616\/revisions"}],"wp:featuredmedia":[{"embeddable":true,"href":"https:\/\/www.ramus.je\/nejlepsi\/wp-json\/wp\/v2\/media\/2614"}],"wp:attachment":[{"href":"https:\/\/www.ramus.je\/nejlepsi\/wp-json\/wp\/v2\/media?parent=2616"}],"wp:term":[{"taxonomy":"category","embeddable":true,"href":"https:\/\/www.ramus.je\/nejlepsi\/wp-json\/wp\/v2\/categories?post=2616"},{"taxonomy":"post_tag","embeddable":true,"href":"https:\/\/www.ramus.je\/nejlepsi\/wp-json\/wp\/v2\/tags?post=2616"}],"curies":[{"name":"wp","href":"https:\/\/api.w.org\/{rel}","templated":true}]}}