{"id":2611,"date":"2014-11-28T00:00:00","date_gmt":"2014-11-27T23:00:00","guid":{"rendered":"https:\/\/www.ramus.je\/web\/14-srbska-vakandavka\/"},"modified":"2014-11-28T00:00:00","modified_gmt":"2014-11-27T23:00:00","slug":"14-srbska-vakandavka","status":"publish","type":"post","link":"https:\/\/www.ramus.je\/nejlepsi\/14-srbska-vakandavka\/","title":{"rendered":"\/ 2014 \/ listopad \/ Srbsk\u00e1 v\u00e1kandavka"},"content":{"rendered":"<p>Z\u00a0Hlav\u00e1ku a\u017e do Srbska za necel\u00fdch 50 minut. Pan pr\u016fvod\u010d\u00ed je p\u0159ekvapen, kdy\u017e na\u0161\u00ed malou skupinku\u00a0nach\u00e1z\u00ed ji\u017e nalod\u011bnou ve vlaku, \u017ee pr\u00fd n\u00e1s hledal marn\u011b na per\u00f3nu. P\u0159i jeho u\u010darov\u00e1n\u00ed mu ani nevad\u00ed\u00a0n\u011bkolikr\u00e1t p\u0159esko\u010dit Popletu, uveleben\u00e9ho por\u016fznu na nevhodn\u00fdch a m\u00e9n\u011b vhodn\u00fdch m\u00edstech.<\/p>\n<p>V\u00fdsadek. V\u00a0Srbsku zima, od Berounky (tak\u017ee u\u017e se prozrazuje, \u017ee to s\u00a0tou exotikou nebude tak hork\u00e9).\u00a0Skautskou klubovnu m\u00e1me hned. Honz\u00edk se obj\u00edm\u00e1 s\u00a0\u017eabinou, ve kter\u00e9 n\u00e1m \u0160t\u011bp\u00e1n p\u0159ivezl z\u00e1soby (na\u00a0kuskus a tak). B\u011bhem zabydlov\u00e1n\u00ed za\u010d\u00edn\u00e1me oslavovat \u0161\u0165astn\u00fd p\u0159\u00edjezd, kter\u00fd prolo\u017een\u00fd n\u011bkolika\u00a0z\u00e1bavn\u00fdmi ve\u010dern\u00edmi j\u00eddly, zkou\u0161en\u00edm ciz\u00edch dopl\u0148k\u016f (v\u010detn\u011b gumov\u00fdch rukavic) a kouzelnick\u00fdmip\u0159edstaven\u00edmi, kon\u010d\u00ed kdesi nad r\u00e1nem.<\/p>\n<p>S\u00a0neur\u010ditost\u00ed denn\u00ed doby &#8211; je \u0161edivo stejn\u011b jako te\u010f &#8211; vyr\u00e1\u017e\u00edme pod\u00e9l Berounky d\u00e1l a d\u00e1l a\u017e do Svat\u00e9ho\u00a0Jana pod Skalou, kde n\u00e1\u0161 kolektiv za\u010d\u00ednaj\u00ed nahlod\u00e1vat rozpory ohledn\u011b n\u00e1v\u0161t\u011bvy, \u010di nen\u00e1v\u0161t\u011bvy\u00a0hospody. P\u0159ed bl\u00ed\u017e\u00edc\u00ed se tmou je v\u0161ak rozhodnuto o \u00fastupu. V\u00fdlet je kr\u00e1sn\u00fd. Podzimn\u00ed po\u0161mourno m\u00e1\u00a0mimo Prahu daleko vl\u00eddn\u011bj\u0161\u00ed tv\u00e1\u0159. A tma n\u00e1s zastihne a\u017e na z\u00e1pra\u017e\u00ed.<\/p>\n<p>D\u00edv\u00e1me se na film v\u00a0Bio \u0160rubka a zkonzumujeme k\u00a0tomu n\u011bkolik kilo opra\u017een\u00fdch slune\u010dnicov\u00fdch\u00a0sem\u00ednek zna\u010dky Lopuch. P\u00e1rty (p\u0159esto\u017ee s\u00a0posilou Alb\u011bty a Ondry) je klidn\u011bj\u0161\u00ed ne\u017e minul\u00fd ve\u010der.<\/p>\n<p>Oproti tomu jsou rann\u00ed peripetie docela shodn\u00e9.\u00a0Vych\u00e1zka \u010d\u00edslo dva v\u00a0pomalej\u0161\u00edm tempu. Velmi unaven\u00e1 rozprava v\u00a0kole\u010dku na louce. D\u011bl\u00e1me, \u017ee\u00a0v\u016fbec nem\u017e\u00ed, ale stejn\u011b zalezeme po n\u00e1vratu do hospody. N\u011bkte\u0159\u00ed si, k\u00a0m\u00e9mu p\u0159ekvapen\u00ed, d\u00e1vaj\u00ed\u00a0sma\u017e\u00e1k (d\u016fvod p\u0159ekvapen\u00ed ponechme jako ve\u0159ejn\u00e9 tajemstv\u00ed). D\u011bl\u00edme se na n\u011bkolik \u00fadern\u00fdch\u00a0\u00faklidov\u00fdch skupin a je to \u0161up \u0161up a jde se na vlak. Mrznouc\u00ed d\u00e9\u0161\u0165 padal bohu\u017eel a\u017e o dva dny pozd\u011bji,\u00a0tak\u017ee n\u00e1vrat byl mile f\u00e1dn\u00ed, bez p\u0159\u00edli\u0161 velk\u00fdch dobrodru\u017estv\u00ed.<\/p>\n<p><strong><a href=\"http:\/\/www.ramus.je\/nejlepsi\/index.php\/archiv\/galerie?view=album&#038;album=6088240855634490689&#038;page=1\">fotky z akce TADY<\/a><\/strong><\/p>\n","protected":false},"excerpt":{"rendered":"<p>Z\u00a0Hlav\u00e1ku a\u017e do Srbska za necel\u00fdch 50 minut. Pan pr\u016fvod\u010d\u00ed je p\u0159ekvapen, kdy\u017e na\u0161\u00ed malou skupinku\u00a0nach\u00e1z\u00ed ji\u017e nalod\u011bnou ve vlaku, \u017ee pr\u00fd n\u00e1s hledal marn\u011b na per\u00f3nu. P\u0159i jeho u\u010darov\u00e1n\u00ed mu ani nevad\u00ed\u00a0n\u011bkolikr\u00e1t p\u0159esko\u010dit Popletu, uveleben\u00e9ho por\u016fznu na nevhodn\u00fdch a m\u00e9n\u011b vhodn\u00fdch m\u00edstech. V\u00fdsadek. V\u00a0Srbsku zima, od Berounky (tak\u017ee u\u017e se prozrazuje, \u017ee to s\u00a0tou &hellip; <a href=\"https:\/\/www.ramus.je\/nejlepsi\/14-srbska-vakandavka\/\" class=\"more-link\">Continue reading<span class=\"screen-reader-text\"> &#8222;\/ 2014 \/ listopad \/ Srbsk\u00e1 v\u00e1kandavka&#8220;<\/span><\/a><\/p>\n","protected":false},"author":6,"featured_media":0,"comment_status":"open","ping_status":"open","sticky":false,"template":"","format":"standard","meta":{"ngg_post_thumbnail":0,"footnotes":""},"categories":[222],"tags":[],"class_list":["post-2611","post","type-post","status-publish","format-standard","hentry","category-zapisnik"],"_links":{"self":[{"href":"https:\/\/www.ramus.je\/nejlepsi\/wp-json\/wp\/v2\/posts\/2611","targetHints":{"allow":["GET"]}}],"collection":[{"href":"https:\/\/www.ramus.je\/nejlepsi\/wp-json\/wp\/v2\/posts"}],"about":[{"href":"https:\/\/www.ramus.je\/nejlepsi\/wp-json\/wp\/v2\/types\/post"}],"author":[{"embeddable":true,"href":"https:\/\/www.ramus.je\/nejlepsi\/wp-json\/wp\/v2\/users\/6"}],"replies":[{"embeddable":true,"href":"https:\/\/www.ramus.je\/nejlepsi\/wp-json\/wp\/v2\/comments?post=2611"}],"version-history":[{"count":0,"href":"https:\/\/www.ramus.je\/nejlepsi\/wp-json\/wp\/v2\/posts\/2611\/revisions"}],"wp:attachment":[{"href":"https:\/\/www.ramus.je\/nejlepsi\/wp-json\/wp\/v2\/media?parent=2611"}],"wp:term":[{"taxonomy":"category","embeddable":true,"href":"https:\/\/www.ramus.je\/nejlepsi\/wp-json\/wp\/v2\/categories?post=2611"},{"taxonomy":"post_tag","embeddable":true,"href":"https:\/\/www.ramus.je\/nejlepsi\/wp-json\/wp\/v2\/tags?post=2611"}],"curies":[{"name":"wp","href":"https:\/\/api.w.org\/{rel}","templated":true}]}}