{"id":2608,"date":"2014-12-07T20:06:57","date_gmt":"2014-12-07T19:06:57","guid":{"rendered":"https:\/\/www.ramus.je\/web\/ramuspodporuje\/"},"modified":"2014-12-07T20:06:57","modified_gmt":"2014-12-07T19:06:57","slug":"ramuspodporuje","status":"publish","type":"post","link":"https:\/\/www.ramus.je\/nejlepsi\/ramuspodporuje\/","title":{"rendered":"Ramus podporuje"},"content":{"rendered":"<p>Ramus podporuje vznikaj\u00edc\u00ed <a href=\"http:\/\/451.cz\/klinika\/\">Autonomn\u00ed soci\u00e1ln\u00ed centrum Klinika<\/a>.<\/p>\n<p>Pro\u010d?<\/p>\n<p>Krom\u011b toho, \u017ee podobn\u00e9 centrum v Praze chyb\u00ed, a krom\u011b toho, \u017ee cel\u00fd projekt upozor\u0148uje na nesmysln\u00fd stav podobn\u011b ch\u00e1traj\u00edc\u00edch a nevyu\u017eit\u00fdch budov po cel\u00e9 Praze, p\u0159edev\u0161\u00edm sympatizujeme s modelem financov\u00e1n\u00ed, kter\u00fd Klinika ve sv\u00e9m konceptu p\u0159edstavuje (viz <a href=\"http:\/\/451.cz\/projekt.pdf\">http:\/\/451.cz\/projekt.pdf<\/a>).<\/p>\n<p>Podobn\u011b jako Ramus se Klinika sna\u017e\u00ed (BUDE sna\u017eit) vyh\u00fdbat z\u00e1vislosti na st\u00e1tn\u00edch dotac\u00edch a grantov\u00e9m syst\u00e9mu.<\/p>\n<p>P\u0159ejeme mnoho sil v\u0161em lidem, kte\u0159\u00ed pr\u00e1v\u011b te\u010f na Klinice, v zim\u011b, zcela dobrovoln\u011b, na \u00fakor sv\u00fdch v\u0161edn\u00edch povinnost\u00ed, vytv\u00e1\u0159ej\u00ed n\u011bco, co by vlastn\u011b m\u011blo b\u00fdt zcela v\u0161edn\u00ed, oby\u010dejn\u00e9 a &#8211; v nejlep\u0161\u00edm slova smyslu &#8211; norm\u00e1ln\u00ed.<\/p>\n","protected":false},"excerpt":{"rendered":"<p>Ramus podporuje vznikaj\u00edc\u00ed Autonomn\u00ed soci\u00e1ln\u00ed centrum Klinika. Pro\u010d? Krom\u011b toho, \u017ee podobn\u00e9 centrum v Praze chyb\u00ed, a krom\u011b toho, \u017ee cel\u00fd projekt upozor\u0148uje na nesmysln\u00fd stav podobn\u011b ch\u00e1traj\u00edc\u00edch a nevyu\u017eit\u00fdch budov po cel\u00e9 Praze, p\u0159edev\u0161\u00edm sympatizujeme s modelem financov\u00e1n\u00ed, kter\u00fd Klinika ve sv\u00e9m konceptu p\u0159edstavuje (viz http:\/\/451.cz\/projekt.pdf). Podobn\u011b jako Ramus se Klinika sna\u017e\u00ed (BUDE sna\u017eit) &hellip; <a href=\"https:\/\/www.ramus.je\/nejlepsi\/ramuspodporuje\/\" class=\"more-link\">Continue reading<span class=\"screen-reader-text\"> &#8222;Ramus podporuje&#8220;<\/span><\/a><\/p>\n","protected":false},"author":6,"featured_media":0,"comment_status":"open","ping_status":"open","sticky":false,"template":"","format":"standard","meta":{"ngg_post_thumbnail":0,"footnotes":""},"categories":[213],"tags":[],"class_list":["post-2608","post","type-post","status-publish","format-standard","hentry","category-novinky"],"_links":{"self":[{"href":"https:\/\/www.ramus.je\/nejlepsi\/wp-json\/wp\/v2\/posts\/2608","targetHints":{"allow":["GET"]}}],"collection":[{"href":"https:\/\/www.ramus.je\/nejlepsi\/wp-json\/wp\/v2\/posts"}],"about":[{"href":"https:\/\/www.ramus.je\/nejlepsi\/wp-json\/wp\/v2\/types\/post"}],"author":[{"embeddable":true,"href":"https:\/\/www.ramus.je\/nejlepsi\/wp-json\/wp\/v2\/users\/6"}],"replies":[{"embeddable":true,"href":"https:\/\/www.ramus.je\/nejlepsi\/wp-json\/wp\/v2\/comments?post=2608"}],"version-history":[{"count":0,"href":"https:\/\/www.ramus.je\/nejlepsi\/wp-json\/wp\/v2\/posts\/2608\/revisions"}],"wp:attachment":[{"href":"https:\/\/www.ramus.je\/nejlepsi\/wp-json\/wp\/v2\/media?parent=2608"}],"wp:term":[{"taxonomy":"category","embeddable":true,"href":"https:\/\/www.ramus.je\/nejlepsi\/wp-json\/wp\/v2\/categories?post=2608"},{"taxonomy":"post_tag","embeddable":true,"href":"https:\/\/www.ramus.je\/nejlepsi\/wp-json\/wp\/v2\/tags?post=2608"}],"curies":[{"name":"wp","href":"https:\/\/api.w.org\/{rel}","templated":true}]}}