{"id":2600,"date":"2014-11-27T18:08:01","date_gmt":"2014-11-27T17:08:01","guid":{"rendered":"https:\/\/www.ramus.je\/web\/dekujeme-diky-dik\/"},"modified":"2014-11-27T18:08:01","modified_gmt":"2014-11-27T17:08:01","slug":"dekujeme-diky-dik","status":"publish","type":"post","link":"https:\/\/www.ramus.je\/nejlepsi\/dekujeme-diky-dik\/","title":{"rendered":"D\u011bkujeme, d\u00edky, d\u00edk"},"content":{"rendered":"<p>Uplynul\u00fd v\u00edkend byl nat\u0159\u00edskan\u00fd &#8211; zat\u00edmco necel\u00e9 \u010dty\u0159i des\u00edtky z n\u00e1s jely vlakem na \u010darod\u011bjnickou konferenci p\u0159\u00edmo do Doma\u017elic (<strong><a href=\"http:\/\/www.ramus.je\/nejlepsi\/index.php\/archiv\/galerie?view=album&#038;album=6086442422585936417&#038;page=1\">FOTKY TADY<\/a><\/strong>), kousek od Doma\u017elic, v Lu\u017eeni\u010dk\u00e1ch, byla dal\u0161\u00ed ramus\u00ed parta, kter\u00e1 va\u0159ila sva\u0159\u00e1k pro davy lid\u00ed, kter\u00e9 se prob\u00edraly o\u0161acen\u00edm na dobro\u010dinn\u00e9m bazaru, jeho\u017e v\u00fdt\u011b\u017eek je n\u00e1sledn\u011b rozd\u011blen mezi n\u011bkolik organizac\u00ed, v\u010detn\u011b Ramusu.<\/p>\n<p>V\u011bta, kterou jste pr\u00e1v\u011b do\u010detli, byla hrozn\u011b dlouh\u00e1, naopak v\u00edkend hrozn\u011b kr\u00e1tk\u00fd, tak\u017ee na dal\u0161\u00ed (drsnou) v\u00edkendovku vyr\u00e1\u017e\u00edme u\u017e &#8211; z\u00edtra!<\/p>\n<p><strong>D\u00edky v\u0161em, baz\u00e1rku v Lu\u017eeni\u010dk\u00e1ch zvl\u00e1\u0161t\u011b.<\/strong><\/p>\n","protected":false},"excerpt":{"rendered":"<p>Uplynul\u00fd v\u00edkend byl nat\u0159\u00edskan\u00fd &#8211; zat\u00edmco necel\u00e9 \u010dty\u0159i des\u00edtky z n\u00e1s jely vlakem na \u010darod\u011bjnickou konferenci p\u0159\u00edmo do Doma\u017elic (FOTKY TADY), kousek od Doma\u017elic, v Lu\u017eeni\u010dk\u00e1ch, byla dal\u0161\u00ed ramus\u00ed parta, kter\u00e1 va\u0159ila sva\u0159\u00e1k pro davy lid\u00ed, kter\u00e9 se prob\u00edraly o\u0161acen\u00edm na dobro\u010dinn\u00e9m bazaru, jeho\u017e v\u00fdt\u011b\u017eek je n\u00e1sledn\u011b rozd\u011blen mezi n\u011bkolik organizac\u00ed, v\u010detn\u011b Ramusu. V\u011bta, kterou &hellip; <a href=\"https:\/\/www.ramus.je\/nejlepsi\/dekujeme-diky-dik\/\" class=\"more-link\">Continue reading<span class=\"screen-reader-text\"> &#8222;D\u011bkujeme, d\u00edky, d\u00edk&#8220;<\/span><\/a><\/p>\n","protected":false},"author":6,"featured_media":0,"comment_status":"open","ping_status":"open","sticky":false,"template":"","format":"standard","meta":{"ngg_post_thumbnail":0,"footnotes":""},"categories":[213],"tags":[],"class_list":["post-2600","post","type-post","status-publish","format-standard","hentry","category-novinky"],"_links":{"self":[{"href":"https:\/\/www.ramus.je\/nejlepsi\/wp-json\/wp\/v2\/posts\/2600","targetHints":{"allow":["GET"]}}],"collection":[{"href":"https:\/\/www.ramus.je\/nejlepsi\/wp-json\/wp\/v2\/posts"}],"about":[{"href":"https:\/\/www.ramus.je\/nejlepsi\/wp-json\/wp\/v2\/types\/post"}],"author":[{"embeddable":true,"href":"https:\/\/www.ramus.je\/nejlepsi\/wp-json\/wp\/v2\/users\/6"}],"replies":[{"embeddable":true,"href":"https:\/\/www.ramus.je\/nejlepsi\/wp-json\/wp\/v2\/comments?post=2600"}],"version-history":[{"count":0,"href":"https:\/\/www.ramus.je\/nejlepsi\/wp-json\/wp\/v2\/posts\/2600\/revisions"}],"wp:attachment":[{"href":"https:\/\/www.ramus.je\/nejlepsi\/wp-json\/wp\/v2\/media?parent=2600"}],"wp:term":[{"taxonomy":"category","embeddable":true,"href":"https:\/\/www.ramus.je\/nejlepsi\/wp-json\/wp\/v2\/categories?post=2600"},{"taxonomy":"post_tag","embeddable":true,"href":"https:\/\/www.ramus.je\/nejlepsi\/wp-json\/wp\/v2\/tags?post=2600"}],"curies":[{"name":"wp","href":"https:\/\/api.w.org\/{rel}","templated":true}]}}