{"id":2596,"date":"2014-11-18T10:19:55","date_gmt":"2014-11-18T09:19:55","guid":{"rendered":"https:\/\/www.ramus.je\/web\/v-sobotu-jsme-byli\/"},"modified":"2014-11-18T10:19:55","modified_gmt":"2014-11-18T09:19:55","slug":"v-sobotu-jsme-byli","status":"publish","type":"post","link":"https:\/\/www.ramus.je\/nejlepsi\/v-sobotu-jsme-byli\/","title":{"rendered":"V sobotu jsme byli&#8230;"},"content":{"rendered":"<p>&#8230;s na\u0161\u00ed dod\u00e1vkou pomoc s p\u0159\u00edpravami charitativn\u00edho bazaru, jeho\u017e v\u00fdt\u011b\u017eek pro n\u00e1s ji\u017e n\u011bkolik let znamen\u00e1 v\u00fdraznou finan\u010dn\u00ed injekci. Bazar prob\u011bhne od p\u00e1tku do ned\u011ble 21.-23. listopadu nedaleko Doma\u017elic, stejn\u011b jako na\u0161e v\u00edkendovka.<\/p>\n<p>Princip bazaru je jednoduch\u00fd: obno\u0161en\u00e9 oble\u010den\u00ed z N\u011bmecka se naveze do kulturn\u00edho domu v Doma\u017elic\u00edch, kde se b\u011bhem v\u00edkendu rozprod\u00e1v\u00e1. Stovky lid\u00ed odch\u00e1z\u00ed spokojen\u011b s v\u00fdhodn\u00fdm n\u00e1kupem a v\u00fdt\u011b\u017eek je rozd\u011blen mezi n\u011bkolik neziskov\u00fdch organizac\u00ed.<\/p>\n<p>To v\u0161e p\u0159ipravuje ji\u017e mnoho let parta \u017een, jen pro radost a pro dobr\u00fd pocit.\u00a0D\u00edky!<\/p>\n<p><em>(<a href=\"https:\/\/www.ramus.je\/nejlepsi\/wp-content\/uploads\/2014\/09\/bazar_listopad_14.jpg\">Takhle<\/a>\u00a0a\u00a0\u00a0<a href=\"https:\/\/www.ramus.je\/nejlepsi\/wp-content\/uploads\/2014\/11\/bazar_listopad_14_2.jpg\">takhkle<\/a>\u00a0to tam vypad\u00e1,\u00a0<a href=\"https:\/\/www.ramus.je\/nejlepsi\/wp-content\/uploads\/2014\/09\/bazar_listopad_14.jpg\">tady<\/a>\u00a0je leto\u0161n\u00ed pozv\u00e1nka, kdybyste cht\u011bli p\u0159ijet.)<\/em><\/p>\n","protected":false},"excerpt":{"rendered":"<p>&#8230;s na\u0161\u00ed dod\u00e1vkou pomoc s p\u0159\u00edpravami charitativn\u00edho bazaru, jeho\u017e v\u00fdt\u011b\u017eek pro n\u00e1s ji\u017e n\u011bkolik let znamen\u00e1 v\u00fdraznou finan\u010dn\u00ed injekci. Bazar prob\u011bhne od p\u00e1tku do ned\u011ble 21.-23. listopadu nedaleko Doma\u017elic, stejn\u011b jako na\u0161e v\u00edkendovka. Princip bazaru je jednoduch\u00fd: obno\u0161en\u00e9 oble\u010den\u00ed z N\u011bmecka se naveze do kulturn\u00edho domu v Doma\u017elic\u00edch, kde se b\u011bhem v\u00edkendu rozprod\u00e1v\u00e1. Stovky lid\u00ed &hellip; <a href=\"https:\/\/www.ramus.je\/nejlepsi\/v-sobotu-jsme-byli\/\" class=\"more-link\">Continue reading<span class=\"screen-reader-text\"> &#8222;V sobotu jsme byli&#8230;&#8220;<\/span><\/a><\/p>\n","protected":false},"author":6,"featured_media":0,"comment_status":"open","ping_status":"open","sticky":false,"template":"","format":"standard","meta":{"ngg_post_thumbnail":0,"footnotes":""},"categories":[213],"tags":[],"class_list":["post-2596","post","type-post","status-publish","format-standard","hentry","category-novinky"],"_links":{"self":[{"href":"https:\/\/www.ramus.je\/nejlepsi\/wp-json\/wp\/v2\/posts\/2596","targetHints":{"allow":["GET"]}}],"collection":[{"href":"https:\/\/www.ramus.je\/nejlepsi\/wp-json\/wp\/v2\/posts"}],"about":[{"href":"https:\/\/www.ramus.je\/nejlepsi\/wp-json\/wp\/v2\/types\/post"}],"author":[{"embeddable":true,"href":"https:\/\/www.ramus.je\/nejlepsi\/wp-json\/wp\/v2\/users\/6"}],"replies":[{"embeddable":true,"href":"https:\/\/www.ramus.je\/nejlepsi\/wp-json\/wp\/v2\/comments?post=2596"}],"version-history":[{"count":0,"href":"https:\/\/www.ramus.je\/nejlepsi\/wp-json\/wp\/v2\/posts\/2596\/revisions"}],"wp:attachment":[{"href":"https:\/\/www.ramus.je\/nejlepsi\/wp-json\/wp\/v2\/media?parent=2596"}],"wp:term":[{"taxonomy":"category","embeddable":true,"href":"https:\/\/www.ramus.je\/nejlepsi\/wp-json\/wp\/v2\/categories?post=2596"},{"taxonomy":"post_tag","embeddable":true,"href":"https:\/\/www.ramus.je\/nejlepsi\/wp-json\/wp\/v2\/tags?post=2596"}],"curies":[{"name":"wp","href":"https:\/\/api.w.org\/{rel}","templated":true}]}}