{"id":2588,"date":"2014-10-12T00:00:00","date_gmt":"2014-10-11T23:00:00","guid":{"rendered":"https:\/\/www.ramus.je\/web\/2014-koser-vikend\/"},"modified":"2014-10-12T00:00:00","modified_gmt":"2014-10-11T23:00:00","slug":"2014-koser-vikend","status":"publish","type":"post","link":"https:\/\/www.ramus.je\/nejlepsi\/2014-koser-vikend\/","title":{"rendered":"\/ 2014 \/ \u0159\u00edjen \/ Ko\u0161er v\u00edkend"},"content":{"rendered":"<p><strong>Kr\u00e1sn\u00e1 v\u00edkendovka\u00a0 \/\u00a0<a href=\"http:\/\/www.ramus.je\/nejlepsi\/index.php\/archiv\/galerie?view=album&#038;album=6070888620853643633&#038;page=1\">fotky tady<\/a><\/strong><\/p>\n<p>Ve dnech 10.-12. 10. se konala kr\u00e1sn\u00e1 v\u00edkendovka kousek od P\u0159\u00edbrami. Spole\u010dn\u011b s Majdou a rodi\u010di jsme jeli na Sm\u00edchovsk\u00e9 autobusov\u00e9 n\u00e1dra\u017e\u00ed, kde jsme m\u011bli sraz s ostatn\u00edmi. Chod\u00edc\u00ed jeli autobusem a voz\u00ed\u010dk\u00e1\u0159i jeli dod\u00e1vkou. Cesta n\u00e1m trvala hodinu. Kdy\u017e jsme p\u0159ijeli na m\u00edsto, tak jsme museli d\u00e1t zavazadla z autobusu do dod\u00e1vky, kter\u00e1 je dovezla spole\u010dn\u011b s Majdou ke statku, kde jsme bydleli.<\/p>\n<p>Kdy\u017e jsme \u0161li, uvid\u011bli jsme na tr\u00e1v\u011b le\u017eet dva \u010dlov\u00ed\u010dky, kte\u0159\u00ed se k n\u00e1m p\u0159idali. Kdy\u017e jsme dorazili ke statku, tak na n\u00e1s u\u017e \u010dekala Majda. Kdy\u017e se vylo\u017eily v\u0161echny v\u011bci, tak jsme si s Majdou v\u0161imly, \u017ee chyb\u00ed jedna ta\u0161ka. Ta ta\u0161ka byla moje. Na\u0161t\u011bst\u00ed mi Majda p\u016fj\u010dila v\u011bci na noc i se spac\u00e1kem, za to j\u00ed moc d\u011bkuji.<\/p>\n<p>Kdy\u017e jsme si vybalili v\u011bci, \u0161li jsme na ve\u010de\u0159i. Po ve\u010de\u0159i n\u00e1sledovalo pov\u00edd\u00e1n\u00ed cestovatel\u016f, kte\u0159\u00ed se k n\u00e1m p\u0159idali p\u0159i cest\u011b. <\/p>\n<p>Druh\u00fd den jsme se vydali na cestu do Izraele. Kdy\u017e jsme se vr\u00e1tili, tak na n\u00e1s \u010dekal v\u00fdborn\u00fd ob\u011bd. P\u0159ed ve\u010de\u0159\u00ed jsme se rozd\u011blili do skupin, kde ka\u017ed\u00e1 skupinka si m\u011bla n\u011bco nacvi\u010dit. T\u0159eba: p\u0159\u00edprava j\u00eddla, tanec, p\u00edsni\u010dku v jin\u00e9m jazyce. Po ob\u011bd\u011b jsme hr\u00e1li r\u016fzn\u00e9 hry. Ve\u010der n\u00e1s \u010dekala dobr\u00e1 ve\u010de\u0159e. <\/p>\n<p>V ned\u011bli jsme dopoledne hr\u00e1li r\u016fzn\u00e9 hry. Po ob\u011bd\u011b jsme se vydali na vlak a jeli jsme do Prahy. Cel\u00e1 v\u00edkendovka se n\u00e1m v\u0161em moc moc l\u00edbila a douf\u00e1me, \u017ee se bude konat i p\u0159\u00ed\u0161t\u00ed m\u011bs\u00edc.<\/p>\n<p><strong>zapsala \u0160t\u011bp\u00e1nka<\/strong><\/p>\n","protected":false},"excerpt":{"rendered":"<p>Kr\u00e1sn\u00e1 v\u00edkendovka\u00a0 \/\u00a0fotky tady Ve dnech 10.-12. 10. se konala kr\u00e1sn\u00e1 v\u00edkendovka kousek od P\u0159\u00edbrami. Spole\u010dn\u011b s Majdou a rodi\u010di jsme jeli na Sm\u00edchovsk\u00e9 autobusov\u00e9 n\u00e1dra\u017e\u00ed, kde jsme m\u011bli sraz s ostatn\u00edmi. Chod\u00edc\u00ed jeli autobusem a voz\u00ed\u010dk\u00e1\u0159i jeli dod\u00e1vkou. Cesta n\u00e1m trvala hodinu. Kdy\u017e jsme p\u0159ijeli na m\u00edsto, tak jsme museli d\u00e1t zavazadla z autobusu &hellip; <a href=\"https:\/\/www.ramus.je\/nejlepsi\/2014-koser-vikend\/\" class=\"more-link\">Continue reading<span class=\"screen-reader-text\"> &#8222;\/ 2014 \/ \u0159\u00edjen \/ Ko\u0161er v\u00edkend&#8220;<\/span><\/a><\/p>\n","protected":false},"author":6,"featured_media":0,"comment_status":"open","ping_status":"open","sticky":false,"template":"","format":"standard","meta":{"ngg_post_thumbnail":0,"footnotes":""},"categories":[222],"tags":[],"class_list":["post-2588","post","type-post","status-publish","format-standard","hentry","category-zapisnik"],"_links":{"self":[{"href":"https:\/\/www.ramus.je\/nejlepsi\/wp-json\/wp\/v2\/posts\/2588","targetHints":{"allow":["GET"]}}],"collection":[{"href":"https:\/\/www.ramus.je\/nejlepsi\/wp-json\/wp\/v2\/posts"}],"about":[{"href":"https:\/\/www.ramus.je\/nejlepsi\/wp-json\/wp\/v2\/types\/post"}],"author":[{"embeddable":true,"href":"https:\/\/www.ramus.je\/nejlepsi\/wp-json\/wp\/v2\/users\/6"}],"replies":[{"embeddable":true,"href":"https:\/\/www.ramus.je\/nejlepsi\/wp-json\/wp\/v2\/comments?post=2588"}],"version-history":[{"count":0,"href":"https:\/\/www.ramus.je\/nejlepsi\/wp-json\/wp\/v2\/posts\/2588\/revisions"}],"wp:attachment":[{"href":"https:\/\/www.ramus.je\/nejlepsi\/wp-json\/wp\/v2\/media?parent=2588"}],"wp:term":[{"taxonomy":"category","embeddable":true,"href":"https:\/\/www.ramus.je\/nejlepsi\/wp-json\/wp\/v2\/categories?post=2588"},{"taxonomy":"post_tag","embeddable":true,"href":"https:\/\/www.ramus.je\/nejlepsi\/wp-json\/wp\/v2\/tags?post=2588"}],"curies":[{"name":"wp","href":"https:\/\/api.w.org\/{rel}","templated":true}]}}