{"id":2580,"date":"2014-10-02T21:24:45","date_gmt":"2014-10-02T20:24:45","guid":{"rendered":"https:\/\/www.ramus.je\/web\/sdilet-kancl-s-ramusem\/"},"modified":"2014-10-02T21:24:45","modified_gmt":"2014-10-02T20:24:45","slug":"sdilet-kancl-s-ramusem","status":"publish","type":"post","link":"https:\/\/www.ramus.je\/nejlepsi\/sdilet-kancl-s-ramusem\/","title":{"rendered":"Sd\u00edlet kancl s Ramusem?"},"content":{"rendered":"<p>Od \u010dervna 2014 m\u00e1me a vyu\u017e\u00edv\u00e1me pracovn\u00ed st\u016fl a sch\u016fzovac\u00ed m\u00edsto ve sd\u00edlen\u00e9 kancel\u00e1\u0159i v Nusl\u00edch, co\u017e v\u00fdrazn\u011b prosp\u011blo na\u0161emu fungov\u00e1n\u00ed.\u00a0Bohu\u017eel pr\u00e1v\u011b odpadl jeden n\u00e1jemce, kter\u00fd s n\u00e1mi kancel\u00e1\u0159 dosud sd\u00edlel, tak\u017ee hled\u00e1me do party n\u011bkoho dal\u0161\u00edho, abychom kancel\u00e1\u0159 nemuseli opustit.<\/p>\n<p>Krom\u011b skv\u011bl\u00fdch lid\u00ed z Ramusu a Atelieru ZTI m\u00e1 tenhle kancl \u0159adu dal\u0161\u00edch v\u00fdhod: zahr\u00e1dku, skv\u011blou dostupnost (tram, metro), plotr na velkoform\u00e1tov\u00fd tisk, \u0161irok\u00fd v\u00fdb\u011br restaura\u010dn\u00edch za\u0159\u00edzen\u00ed kolem&#8230;\u00a0Taaak\u017ee? Jestli s n\u00e1ma nechcete tenhle kancl sd\u00edlet re\u00e1ln\u011b, sd\u00edlejte ho zase aspo\u0148 virtu\u00e1ln\u011b, d\u00edkud\u00edk!\u00a0<\/p>\n<p><a href=\"https:\/\/www.ramus.je\/nejlepsi\/wp-content\/uploads\/2014\/10\/inzerat_1.jpg\">Inzer\u00e1t na pron\u00e1jem kancel\u00e1\u0159e tady<\/a>,\u00a0<br \/><a href=\"https:\/\/www.ramus.je\/nejlepsi\/wp-content\/uploads\/2014\/10\/inzerat_2.jpg\">pron\u00e1jem pracovn\u00edho stolu tu<\/a>.<\/p>\n<p><img decoding=\"async\" src=\"http:\/\/www.ramus.je\/img\/inzerat_1.jpg\" alt=\"alt\" width=\"250\" \/><img decoding=\"async\" src=\"http:\/\/www.ramus.je\/img\/inzerat_2.jpg\" alt=\"alt\" width=\"250\" \/><\/p>\n","protected":false},"excerpt":{"rendered":"<p>Od \u010dervna 2014 m\u00e1me a vyu\u017e\u00edv\u00e1me pracovn\u00ed st\u016fl a sch\u016fzovac\u00ed m\u00edsto ve sd\u00edlen\u00e9 kancel\u00e1\u0159i v Nusl\u00edch, co\u017e v\u00fdrazn\u011b prosp\u011blo na\u0161emu fungov\u00e1n\u00ed.\u00a0Bohu\u017eel pr\u00e1v\u011b odpadl jeden n\u00e1jemce, kter\u00fd s n\u00e1mi kancel\u00e1\u0159 dosud sd\u00edlel, tak\u017ee hled\u00e1me do party n\u011bkoho dal\u0161\u00edho, abychom kancel\u00e1\u0159 nemuseli opustit. Krom\u011b skv\u011bl\u00fdch lid\u00ed z Ramusu a Atelieru ZTI m\u00e1 tenhle kancl \u0159adu dal\u0161\u00edch v\u00fdhod: &hellip; <a href=\"https:\/\/www.ramus.je\/nejlepsi\/sdilet-kancl-s-ramusem\/\" class=\"more-link\">Continue reading<span class=\"screen-reader-text\"> &#8222;Sd\u00edlet kancl s Ramusem?&#8220;<\/span><\/a><\/p>\n","protected":false},"author":6,"featured_media":0,"comment_status":"open","ping_status":"open","sticky":false,"template":"","format":"standard","meta":{"ngg_post_thumbnail":0,"footnotes":""},"categories":[213],"tags":[],"class_list":["post-2580","post","type-post","status-publish","format-standard","hentry","category-novinky"],"_links":{"self":[{"href":"https:\/\/www.ramus.je\/nejlepsi\/wp-json\/wp\/v2\/posts\/2580","targetHints":{"allow":["GET"]}}],"collection":[{"href":"https:\/\/www.ramus.je\/nejlepsi\/wp-json\/wp\/v2\/posts"}],"about":[{"href":"https:\/\/www.ramus.je\/nejlepsi\/wp-json\/wp\/v2\/types\/post"}],"author":[{"embeddable":true,"href":"https:\/\/www.ramus.je\/nejlepsi\/wp-json\/wp\/v2\/users\/6"}],"replies":[{"embeddable":true,"href":"https:\/\/www.ramus.je\/nejlepsi\/wp-json\/wp\/v2\/comments?post=2580"}],"version-history":[{"count":0,"href":"https:\/\/www.ramus.je\/nejlepsi\/wp-json\/wp\/v2\/posts\/2580\/revisions"}],"wp:attachment":[{"href":"https:\/\/www.ramus.je\/nejlepsi\/wp-json\/wp\/v2\/media?parent=2580"}],"wp:term":[{"taxonomy":"category","embeddable":true,"href":"https:\/\/www.ramus.je\/nejlepsi\/wp-json\/wp\/v2\/categories?post=2580"},{"taxonomy":"post_tag","embeddable":true,"href":"https:\/\/www.ramus.je\/nejlepsi\/wp-json\/wp\/v2\/tags?post=2580"}],"curies":[{"name":"wp","href":"https:\/\/api.w.org\/{rel}","templated":true}]}}