{"id":2542,"date":"2014-08-15T22:29:55","date_gmt":"2014-08-15T21:29:55","guid":{"rendered":"https:\/\/www.ramus.je\/web\/ramusjemejdan\/"},"modified":"2014-08-15T22:29:55","modified_gmt":"2014-08-15T21:29:55","slug":"ramusjemejdan","status":"publish","type":"post","link":"https:\/\/www.ramus.je\/nejlepsi\/ramusjemejdan\/","title":{"rendered":"Ramus.je kulturn\u00ed mejdan"},"content":{"rendered":"<p>Po lo\u0148sk\u00e9m \u00fasp\u011bchu si zopakujeme pot\u00e1borovou p\u00e1rty ve sp\u0159\u00e1telen\u00e9m Containallu!<\/p>\n<p>Od 18:00 si budete moci v kontejneru prohl\u00e9dnout v\u00fdstavu fotek (Skoro p\u011bt let Ramusu) za poslechu parti\u010dek Peeni Walli a Rasta Pasta, od 21:00 za\u010dne velkoplo\u0161n\u00e1 komentovan\u00e1 projekce fotek z obou na\u0161ich letn\u00edch t\u00e1bor\u016f na st\u011bnu domu.<\/p>\n<p>Po fotk\u00e1ch se mo\u017en\u00e1 do\u010dk\u00e1me premi\u00e9ry klipu k nov\u00e9mu songu o Ramusu, kter\u00fd u\u017e se od za\u010d\u00e1tku srpna b\u00e9k\u00e1 v Novohradk\u00e1ch!<\/p>\n<p>Z\u00edtra jede do Novohradek druh\u00fd t\u00e1bor, tak dr\u017ete palce a vid\u00edme se v z\u00e1\u0159\u00ed&#8230;<\/p>\n<p><img loading=\"lazy\" decoding=\"async\" class=\" size-full wp-image-2541\" src=\"https:\/\/www.ramus.je\/nejlepsi\/wp-content\/uploads\/2014\/08\/ramus_je_kulturni_mejdan_030914.jpg\" alt=\"alt\" width=\"559\" height=\"207\" srcset=\"https:\/\/www.ramus.je\/nejlepsi\/wp-content\/uploads\/2014\/08\/ramus_je_kulturni_mejdan_030914.jpg 983w, https:\/\/www.ramus.je\/nejlepsi\/wp-content\/uploads\/2014\/08\/ramus_je_kulturni_mejdan_030914-300x111.jpg 300w, https:\/\/www.ramus.je\/nejlepsi\/wp-content\/uploads\/2014\/08\/ramus_je_kulturni_mejdan_030914-768x284.jpg 768w\" sizes=\"auto, (min-width: 960px) 75vw, 100vw\" \/><\/p>\n","protected":false},"excerpt":{"rendered":"<p>Po lo\u0148sk\u00e9m \u00fasp\u011bchu si zopakujeme pot\u00e1borovou p\u00e1rty ve sp\u0159\u00e1telen\u00e9m Containallu! Od 18:00 si budete moci v kontejneru prohl\u00e9dnout v\u00fdstavu fotek (Skoro p\u011bt let Ramusu) za poslechu parti\u010dek Peeni Walli a Rasta Pasta, od 21:00 za\u010dne velkoplo\u0161n\u00e1 komentovan\u00e1 projekce fotek z obou na\u0161ich letn\u00edch t\u00e1bor\u016f na st\u011bnu domu. Po fotk\u00e1ch se mo\u017en\u00e1 do\u010dk\u00e1me premi\u00e9ry klipu k &hellip; <a href=\"https:\/\/www.ramus.je\/nejlepsi\/ramusjemejdan\/\" class=\"more-link\">Continue reading<span class=\"screen-reader-text\"> &#8222;Ramus.je kulturn\u00ed mejdan&#8220;<\/span><\/a><\/p>\n","protected":false},"author":6,"featured_media":2540,"comment_status":"open","ping_status":"open","sticky":false,"template":"","format":"standard","meta":{"ngg_post_thumbnail":0,"footnotes":""},"categories":[213],"tags":[],"class_list":["post-2542","post","type-post","status-publish","format-standard","has-post-thumbnail","hentry","category-novinky"],"_links":{"self":[{"href":"https:\/\/www.ramus.je\/nejlepsi\/wp-json\/wp\/v2\/posts\/2542","targetHints":{"allow":["GET"]}}],"collection":[{"href":"https:\/\/www.ramus.je\/nejlepsi\/wp-json\/wp\/v2\/posts"}],"about":[{"href":"https:\/\/www.ramus.je\/nejlepsi\/wp-json\/wp\/v2\/types\/post"}],"author":[{"embeddable":true,"href":"https:\/\/www.ramus.je\/nejlepsi\/wp-json\/wp\/v2\/users\/6"}],"replies":[{"embeddable":true,"href":"https:\/\/www.ramus.je\/nejlepsi\/wp-json\/wp\/v2\/comments?post=2542"}],"version-history":[{"count":0,"href":"https:\/\/www.ramus.je\/nejlepsi\/wp-json\/wp\/v2\/posts\/2542\/revisions"}],"wp:featuredmedia":[{"embeddable":true,"href":"https:\/\/www.ramus.je\/nejlepsi\/wp-json\/wp\/v2\/media\/2540"}],"wp:attachment":[{"href":"https:\/\/www.ramus.je\/nejlepsi\/wp-json\/wp\/v2\/media?parent=2542"}],"wp:term":[{"taxonomy":"category","embeddable":true,"href":"https:\/\/www.ramus.je\/nejlepsi\/wp-json\/wp\/v2\/categories?post=2542"},{"taxonomy":"post_tag","embeddable":true,"href":"https:\/\/www.ramus.je\/nejlepsi\/wp-json\/wp\/v2\/tags?post=2542"}],"curies":[{"name":"wp","href":"https:\/\/api.w.org\/{rel}","templated":true}]}}