{"id":2513,"date":"2014-07-15T12:15:24","date_gmt":"2014-07-15T11:15:24","guid":{"rendered":"https:\/\/www.ramus.je\/web\/vilavalila\/"},"modified":"2014-07-15T12:15:24","modified_gmt":"2014-07-15T11:15:24","slug":"vilavalila","status":"publish","type":"post","link":"https:\/\/www.ramus.je\/nejlepsi\/vilavalila\/","title":{"rendered":"\/ 2014 \/ \u010dervenec \/ N\u00e1vally ve ville Vallile"},"content":{"rendered":"<p><strong><a href=\"index.php\/archiv\/galerie?view=album&#038;album=6036003622412063745&#038;page=1\"><strong>Fotky z akce tady.<\/strong><\/a><a href=\"index.php\/archiv\/galerie?view=album&#038;album=6036003622412063745&#038;page=1\"><\/a><\/p>\n<p>N\u00e1vally ve Ville Vallile<\/strong><\/p>\n<p><em>Nav\u00edc tomu nebylo tak d\u00e1vno, co televize Prima zatemnila mysl \u010desk\u00e9ho n\u00e1roda prvn\u00ed \u0159adou Vyvolen\u00fdch<\/em><\/p>\n<p>Slovn\u00ed spojen\u00ed Villa Vallila jsem poprv\u00fd sly\u0161el asi v l\u00e9t\u011b 2007. P\u00e1r m\u011bs\u00edc\u016f pot\u00e9, co jsem Honz\u00edkovi Rudolfovi kdesi v hospod\u011b na Palmovce na \u010d\u00edsi oslav\u011b narozenin neuv\u00e1\u017een\u011b odk\u00fdval nijak lukrativn\u00ed a v\u0161emi odm\u00edtanou nab\u00eddku jet asistentovat na letn\u00ed t\u00e1bor, se osud naplnil, a j\u00e1 se p\u0159istihl, kterak v potu tv\u00e1\u0159e skute\u010dn\u011b tla\u010d\u00edm n\u011bkoho na invalidn\u00edm voz\u00edku do strm\u00e9ho \u00fatesu Novohradsk\u00fdch hor.<\/p>\n<p>Byl to m\u016fj prvn\u00ed t\u00e1bor (tehdy je\u0161t\u011b po\u0159\u00e1d\u00e1n <a href=\"http:\/\/www.proutek.cz\/\">Proutkem<\/a>), prvn\u00ed kontakt s lidmi s posti\u017een\u00edm, prvn\u00ed z \u0159ady rekord\u016f ve v\u00edcedenn\u00edm nemyt\u00ed se. Mozek jsem m\u011bl je\u0161t\u011b slu\u0161n\u011b rozbombardovanej z\u00e1\u017eitkama z t\u0159\u00edt\u00fddenn\u00edho workcampu ve Francii a ob\u010dasn\u00e9 zkazky dvou t\u00e1borov\u00fdch \u00fa\u010dastnic o tom, jak si \u017eij\u00ed ve <a href=\"http:\/\/www.vallila.cz\/\">vile Vallile<\/a>, m\u011b zcela m\u00edjely, stejn\u011b jako pojmy chr\u00e1n\u011bn\u00e9 \u010di komunitn\u00ed bydlen\u00ed, kter\u00fdmi se zde n\u011bkte\u0159\u00ed zku\u0161en\u011bj\u0161\u00ed asistentuj\u00edc\u00ed oh\u00e1n\u011bli.<\/p>\n<p>Nav\u00edc tomu nebylo tak d\u00e1vno, co televize Prima zatemnila mysl \u010desk\u00e9ho n\u00e1roda prvn\u00ed \u0159adou Vyvolen\u00fdch, d\u00edky kter\u00fdm je pou\u017eit\u00ed slova \u201evila\u201c spolehliv\u00fdm zabij\u00e1kem ve\u0161ker\u00fdch seri\u00f3zn\u00edch konverzac\u00ed (kter\u00fdmi se to na t\u00e1bo\u0159e, pochopiteln\u011b, jen hem\u017e\u00ed).<\/p>\n<p>O vile Vallile jsem se tedy tehdy nedozv\u011bd\u011bl zhola nic. Nicm\u00e9n\u011b si pamatuji, jak\u00fdm zp\u016fsobem \u017eeny o vile mluvili: jako o domov\u011b, jako o m\u00edst\u011b, kter\u00e9ho si v\u00e1\u017e\u00ed a kter\u00e9ho jsou sou\u010d\u00e1st\u00ed. Zvaly n\u00e1s, a\u0165 je jedeme nav\u0161t\u00edvit. Pozv\u00e1n\u00ed jsem vysly\u0161el, akor\u00e1t se sedmilet\u00fdm zpo\u017ed\u011bn\u00edm\u2026<\/p>\n<p><em>Se zd\u00e1 pro te\u010f jako nepodstatn\u00e1 informace, ale pozd\u011bji to ve sv\u00e9m eposu z\u00faro\u010d\u00edm<\/em><\/p>\n<p>Trochu zrychl\u00edme tempo: bum, je rok 2010, Ramus u\u017e se u\u010d\u00ed mluvit, d\u00e1lkov\u011b studuji soci\u00e1ln\u00ed pr\u00e1ci na Jaboku a v\u0161\u00edm\u00e1m si, \u017ee do vily Vallily jezd\u00ed studenti na praxi. Jako d\u00e1lkov\u00e9ho studenta se m\u011b praxe net\u00fdkaj\u00ed, denn\u00ed studentka <a href=\"index.php\/kontakt\/jitkasvobodova\">J\u00ed\u0165a<\/a>\u00a0v\u0161ak do vily na praxi jede a vrac\u00ed se s je\u0161t\u011b pozitivn\u011bj\u0161\u00ed n\u00e1ladou, ne\u017e je u n\u00ed obvykl\u00e9.<\/p>\n<p>Za\u010d\u00edn\u00e1m ch\u00e1pat, \u017ee ve vile je asi spousta fajn lid\u00ed, roztomil\u00fd zv\u00ed\u0159\u00e1tka, p\u0159\u00edroda a tak. Nicm\u00e9n\u011b tomu zat\u00edm p\u0159\u00edli\u0161 pozornosti nev\u011bnuju, proto\u017ee J\u00ed\u0165a se dok\u00e1\u017ee nadchnout pro ledacos. I kdyby tam bylo v\u0161echno kompletn\u011b \u0161patn\u011b, ale po cest\u011b zp\u00e1tky by na silnici potkala beru\u0161ku, vr\u00e1tila by se nad\u0161en\u00e1.<\/p>\n<p>N\u011bkdy zhruba v t\u00e9 dob\u011b se taky potk\u00e1v\u00e1m s Mire\u010dkem \u0160kult\u00e9tym, kter\u00fd to tehdy je\u0161t\u011b nev\u00ed, nicm\u00e9n\u011b v bl\u00edzk\u00e9 budoucnosti nato\u010d\u00ed pro Ramus n\u011bkolik <a href=\"index.php\/televize\/reklama\">spot\u016f<\/a>. No a tenhle Mire\u010dek taky mimojin\u00fd zmi\u0148uje, \u017ee ve vile str\u00e1vil n\u011bkolik dlouh\u00fdch dn\u00ed, kdy\u017e zde se sv\u00fdm spolu\u017e\u00e1kem to\u010dil dokument o vznikaj\u00edc\u00edm komunitn\u00edm bydlen\u00ed.<\/p>\n<p>Tak\u017ee suma sum\u00e1rum, m\u00edsto zhola nic u\u017e touto dobou tu\u0161\u00edm alespo\u0148 zhola n\u011bco. Ch\u00e1pu u\u017e, \u017ee ve vile \u017eij\u00ed soci\u00e1ln\u011b \u010di zdravotn\u011b znev\u00fdhodn\u011bn\u00ed lid\u00e9, \u017ee zde \u017eij\u00ed spolu s asistenty (teda takzvan\u011b komunitn\u011b), \u017ee se zde staraj\u00ed o zv\u00ed\u0159ata a bujnou vegetaci, a \u017ee to je zkr\u00e1tka cel\u00fd hodn\u011b bohulib\u00fd. V\u00edc jsem nad t\u00edm nep\u0159em\u00fd\u0161lel.<\/p>\n<p>V\u00fd\u0161e uveden\u00e9 se zd\u00e1 pro te\u010f jako nepodstatn\u00e1 informace, ale pozd\u011bji to ve sv\u00e9m eposu z\u00faro\u010d\u00edm, nebojte.<\/p>\n<p><em><br \/>Jsme na\u0161t\u011bst\u00ed st\u00e1le dost pohodln\u00e9 d\u011bti z m\u011bsta<\/em><\/p>\n<p>Kv\u011bten 2014. Chyst\u00e1me srpnov\u00e9 letn\u00ed t\u00e1bory a p\u0159ihl\u00e1s\u00ed se v\u00edce lid\u00ed, ne\u017e je novohradsk\u00e1 louka schopna pojmout. Vznikne n\u00e1pad uspo\u0159\u00e1dat dal\u0161\u00ed akci, takov\u00fd jako krat\u0161\u00ed t\u00e1bor a z\u00e1rove\u0148 del\u0161\u00ed v\u00edkendovku, a \u010d\u00e1rym\u00e1ryfuk, byl zrozen \u010dty\u0159denn\u00ed t\u00e1b\u016frek. Jsme na\u0161t\u011bst\u00ed st\u00e1le dost pohodln\u00e9 d\u011bti z m\u011bsta, a tak rychle smetem ze stolu p\u016fvodn\u00ed punkovou vizi, tedy putovat v patn\u00e1cti lidech jen tak \u010dty\u0159i dny p\u0159\u00edrodou a na p\u0159\u00edpadnou nep\u0159\u00edze\u0148 po\u010das\u00ed odpov\u011bd\u011bt plachtou velikosti fotbalov\u00e9ho h\u0159i\u0161t\u011b. Mnohem lep\u0161\u00ed a jednodu\u0161\u0161\u00ed samoz\u0159ejm\u011b bude nak\u00fdblit se n\u011bkomu do bar\u00e1ku a tam ho n\u011bkolik dn\u00ed terorizovat na\u0161\u00ed p\u0159\u00edtomnost\u00ed, co\u017e je discipl\u00edna, ve kter\u00fd jsme za t\u011bch n\u011bkolik let \u010dinnosti opravdu dost dob\u0159\u00ed.<\/p>\n<p>\u010cas kvap\u00ed a mo\u017enost\u00ed nen\u00ed mnoho, sout\u011b\u017e o to, kdo ubytuje hlu\u010dnou a otravnou patn\u00e1ctku lid\u00ed z Ramusu, tak nakonec vyhr\u00e1v\u00e1 J\u00ed\u0165ou navrhnut\u00e1 Villa Vallila! Gratulujeme!<\/p>\n<p><em>Budu prost\u011b d\u011blat co nejm\u00ed\u0148!<\/em><\/p>\n<p>I p\u0159es rozvern\u00fd n\u00e1zev akce se mi na letn\u00ed t\u00e1b\u016frek opravdu hodn\u011b necht\u011blo. V\u011bt\u0161inu hektick\u00e9ho \u010dervna jsem \u00fasp\u011b\u0161n\u011b prokecal s my\u0161\u00ed a kl\u00e1vesnic\u00ed, prom\u011bnil jsem se v asoci\u00e1ln\u00ed nepraktickou bytost zvyklou \u0159e\u0161it probl\u00e9my v\u0161eho druhu vsed\u011b u po\u010d\u00edta\u010de s telefonem u ucha a n\u00e1hl\u00fd v\u00fdsadek do p\u0159\u00edrody jsem si nedovedl p\u0159edstavit.<\/p>\n<p>Jedinou re\u00e1lnou \u010dinnost\u00ed p\u0159ed t\u00e1b\u016frkem byly vych\u00e1zky s na\u0161\u00edm rodinn\u00fdm minipsem Mat\u011bjem, kter\u00e9ho jsem dostal na starosti. Trochu jsem doufal, \u017ee pr\u00e1v\u011b Mat\u011bj se stane jak\u00fdmsi trojsk\u00fdm kon\u011bm partyz\u00e1nsk\u00e9 v\u00e1lky, na konci kter\u00e9 jsem dle pl\u00e1n\u016f na t\u00e1b\u016frek v\u016fbec nem\u011bl jet. Jen\u017ee\u2026<\/p>\n<p>Zd\u00e1nliv\u011b nepr\u016fst\u0159eln\u00fd argument hl\u00eddat v Praze Mat\u011bje a tedy logicky nemoci jet kamkoli pry\u010d se uk\u00e1zal jako pom\u011brn\u011b vratk\u00fd. Na\u0161li se bohu\u017eel lid\u00e9, kte\u0159\u00ed byli ochotn\u00ed Mat\u011bje hl\u00eddat a jako hlavn\u00ed z\u00e1por\u00e1k se nakonec uk\u00e1zal m\u016fj bratr, kter\u00fd se dokonce nab\u00eddl, \u017ee Mat\u011bje pohl\u00edd\u00e1 po celou dobu. M\u016fj \u010f\u00e1belsk\u00fd pl\u00e1n tedy selhal a fingovat n\u011bjakou nemoc ve \u010dtvrtek ve\u010der p\u0159ed odjezdem, to by bylo blb\u00fd fakt snad i m\u011b. Tak\u017ee nic, pojedu. Pojedu, ale\u2026<\/p>\n<p>Asistentky a asistenty na akc\u00edch Ramusu nikdo v\u00fdrazn\u011bji neotravuje s t\u00edm, co maj\u00ed \u010di nemaj\u00ed d\u011blat. Je na jejich vlastn\u00edm uv\u00e1\u017een\u00ed, jak moc se zapoj\u00ed a na co se budou c\u00edtit. Je na dan\u00e9m kolektivu, jak se za\u0159\u00edd\u00ed a jak bude kooperovat. M\u016f\u017eete to p\u0159ehnat s aktivitou, p\u0159ep\u00e1lit snahu o humor a tot\u00e1ln\u011b se vyflusat, stejn\u011b tak se ale akce d\u00e1 prozevlit v p\u0159\u00edjemn\u00e9 melancholii a nej\u0161ikovn\u011bj\u0161\u00ed z n\u00e1s si b\u011bhem dne um\u00ed i naj\u00edt opu\u0161t\u011bn\u00e9 m\u00edsto a na n\u011bjak\u00e9 ty dv\u011b ho\u010fky si schrupnout.<\/p>\n<p>V\u011bd\u011bl jsem, \u017ee tenhle syst\u00e9m je dlouhodob\u011b funk\u010dn\u00ed a plodn\u00fd, ale pat\u0159i\u010dn\u011b jsem ho ocenil a\u017e pr\u00e1v\u011b p\u0159ed odjezdem na letn\u00ed t\u00e1b\u016frek: No jasn\u011b! Pojedu, ale budu prost\u011b d\u011blat co nejm\u00ed\u0148! Vyraz\u00edm cestou nejmen\u0161\u00edho odporu a vysloven\u011b se nep\u0159ed\u0159u. Jako\u017eto koordin\u00e1tor ramus\u00ed PRopagandy jsem nav\u00edc s sebou t\u00e1hl fo\u0165\u00e1k, \u010d\u00edm\u017e jsem m\u011bl zaji\u0161t\u011bno, \u017ee ve\u0161ker\u00e9 p\u0159\u00edpadn\u00e9 aktivity budu sp\u00ed\u0161e pozorovat a zv\u011b\u010d\u0148ovat, ne\u017e abych se jich p\u0159\u00edmo \u00fa\u010dastnil. A\u017e m\u011b z t\u011bch n\u011bkolika set v\u00fdcvak\u016f nakonec bolel prst.<\/p>\n<p>Fakt jsem se nakonec moc nep\u0159ed\u0159el, ale nebylo to ani tak t\u00edmhle floutsk\u00fdm a sobeck\u00fdm rozhodnut\u00edm, bylo to prost\u011b t\u00edm, \u017ee rajsk\u00e1 atmosf\u00e9ra vily p\u0159irozen\u011b vyru\u0161ila ve\u0161ker\u00e9 m\u00e9 aktivistick\u00e9 snahy. Najednou nen\u00ed podstatn\u00e9, kdo nese ba\u0165ohy, kdo n\u011bkomu pom\u00e1h\u00e1 s j\u00edzdou na voz\u00edku, kdo \u010dum\u00ed do mapy. N\u011bkdy jen tak sta\u010d\u00ed tr\u00e1vit spolu \u010das a zjist\u00edte&#8230; \u017de to nen\u00ed m\u00e1lo.<\/p>\n<p><em>D\u00e1v\u00e1m si dal\u0161\u00edho \u0161lofajzna a propad\u00e1m se do je\u0161t\u011b v\u011bt\u0161\u00ed mimozity a apati\u010dnosti<\/em><\/p>\n<p>Cestu vlakem jsem \u00fasp\u011b\u0161n\u011b prospal a p\u0159\u00edchod do vily pro\u017eil trochu jako sen. Otev\u0159en\u00e1 vrata, velik\u00e1 zahrada, \u00f3br d\u016fm obklopen\u00fd le\u0161en\u00edm. P\u0159ib\u00edh\u00e1 pan\u00ed Ji\u0159inka, t\u0159ese n\u00e1m rukou, n\u011bkdo se zn\u00e1, n\u011bkdo se vid\u011bl, tak u\u017e to b\u00fdv\u00e1. Na zahradu se postupn\u011b trous\u00ed lidi z vily. Je p\u00e1tek, n\u011bkdo se vrac\u00ed z pr\u00e1ce, n\u011bkdo dopracov\u00e1v\u00e1 ve vile.<\/p>\n<p>D\u00e1v\u00e1me si ob\u011bd, spole\u010dn\u011b se d\u011bl\u00edme o to, co si kdo p\u0159ivezl i nep\u0159ivezl. V\u0161ichni jsou nasyceni. A\u0165 \u017eije komunismus! D\u00e1v\u00e1m si dal\u0161\u00edho \u0161lofajzna a propad\u00e1m se do je\u0161t\u011b v\u011bt\u0161\u00ed mimozity a apati\u010dnosti.<\/p>\n<p>Vst\u00e1v\u00e1me a jdeme na v\u00fdlet. J\u00ed\u0165a, teoreticky zodpov\u011bdn\u00e1 za pr\u016fb\u011bh cel\u00e9 akce, p\u0159esv\u011bd\u010duje obyvatele vily, aby j\u00ed s sebou vzali na v\u00fdlet do m\u011bsta, p\u00e1\u010d pot\u0159ebuje nakoupit j\u00eddlo na ve\u010de\u0159i a na dal\u0161\u00ed dny. N\u00e1s pos\u00edl\u00e1 kamsi do zoo, pr\u00fd je to kousek. Po p\u00e1r set metrech se ukazuje, \u017ee v\u016fbec netu\u0161\u00edme, kam jdeme. Franta se rad\u00ed s J\u00e1chymem, J\u00e1chym se rad\u00ed s mapou, jdeme n\u011bkudy, les, louka, je tu hezky, \u017eereme maliny a t\u0159e\u0161n\u011b po kilech, zoo je \u00fapln\u011b na opa\u010dnou stranu, ale je to jedno, c\u00edlem je cesta!<\/p>\n<p>T\u00e1hnu se za skupinou jak smrad, cvak\u00e1m fo\u0165\u00e1k a p\u0159em\u00fd\u0161l\u00edm, jak je ta J\u00ed\u0165a vy\u010d\u016fran\u00e1 \u2013 si toti\u017e mysl\u00edm, \u017ee sama v\u016fbec nev\u011bd\u011bla, kudy a kam m\u00e1me j\u00edt, a tak rad\u0161i jela nakupovat, \u010d\u00edm\u017e p\u00e1dem se jej\u00ed post velitelky \u00fasp\u011b\u0161n\u011b rozpustil v abstraktn\u00edm davu. V Ramusu celkem b\u011b\u017en\u00e9 p\u0159ed\u00e1n\u00ed moci, kter\u00e9 si brzy osvoj\u00ed ka\u017ed\u00fd, kdo m\u00e1 na starost n\u011bjakou akci.<\/p>\n<p>Vrac\u00edme se, sed\u00edme u ohn\u011b, d\u011bl\u00e1me si \u0161p\u00edzy, kec\u00e1me. Ramuskupina se \u017eiveln\u011b prol\u00edn\u00e1 s lidmi z vily, brzy p\u0159estane b\u00fdt podstatn\u00e9, kdo tu bydl\u00ed a kdo je tu na n\u00e1v\u0161t\u011bv\u011b, a je to tak spr\u00e1vn\u011b. Zat\u00edmco Michal okupuje kuchyni a Kudla si vyh\u0159\u00edv\u00e1 d\u016flek v pohovce v rozlehl\u00e9 spole\u010densk\u00e9 m\u00edstnosti, p\u00e1r lid\u00ed z vily n\u00e1m pom\u00e1h\u00e1 s p\u0159\u00edpravou ohn\u011b a s konzumac\u00ed ve\u010de\u0159e.<\/p>\n<p>Bydl\u00edme naho\u0159e, v obrovsk\u00e9m podkrov\u00ed, vypad\u00e1 to tu jak v Harry Potterovi, vrzaj\u00edc\u00ed schody, obr\u00e1zky na st\u011bn\u00e1ch a st\u011bny, kter\u00e9 u\u017e vyslechly mnoho vesel\u00fdch i nevesel\u00fdch p\u0159\u00edb\u011bh\u016f.<\/p>\n<p><em>Legenda tohodle v\u00fdletu je vila<\/em><\/p>\n<p>V\u017edycky jsou velk\u00fd a vlekl\u00fd diskuze kolem toho, jak moc by m\u011blo b\u00fdt na dan\u00e9 akce d\u016fsledn\u00e9 hran\u00ed legendy, \u010di jestli v\u016fbec. Takhle ostatn\u011b do\u0161lo k tomu, \u017ee Ramus za\u010dal po\u0159\u00e1dat drsn\u00fd t\u00e1bor a drsn\u00e9 v\u00edkendovky, tedy akce, na kter\u00fdch si star\u0161\u00ed osazenstvo nehraje ani na ryt\u00ed\u0159e, ani na ufony, ani na \u017e\u00e1dn\u00e9 dal\u0161\u00ed v\u00edce \u010di m\u00e9n\u011b z\u00e1bavn\u00e9 postavi\u010dky ze sv\u011btov\u00e9 popkultury, ale pro\u017e\u00edv\u00e1 samotn\u00e9 spole\u010dn\u00e9 byt\u00ed za pomoci dal\u0161\u00edch socializa\u010dn\u00edch prvk\u016f, kter\u00e9 k setk\u00e1v\u00e1n\u00ed mlad\u00fdch lid\u00ed pat\u0159\u00ed (jo, t\u0159eba alkoholu).<\/p>\n<p>Nicm\u00e9n\u011b se ukazuje, \u017ee spole\u010dn\u00e1 v\u016fle na n\u011bco si hr\u00e1t \u010dasto vznik\u00e1 samovoln\u011b, ke spole\u010dn\u00e9mu \u00fat\u011bku do fiktivn\u00edho p\u0159\u00edb\u011bhu tak n\u011bjak t\u00edhneme, a\u0165 chceme nebo ne. Z legendy vypl\u00fdv\u00e1 program, program ud\u00e1v\u00e1 rytmus cel\u00e9 akce, legenda je spole\u010dn\u00e1 cigareta, kterou v\u0161ichni kou\u0159\u00ed a sd\u00edl\u00ed. To chce\u0161!<\/p>\n<p>Akce bez legendy, akce s legendou. Oboje je jednoduch\u00e9 a z\u00e1rove\u0148 slo\u017eit\u00e9 (jako tolik dal\u0161\u00edch v\u011bc\u00ed na sv\u011bt\u011b, \u017ee?). D\u011blat n\u011bco je stejn\u011b t\u011b\u017ek\u00e9 jako ned\u011blat nic. Sebemen\u0161\u00ed aktivita v\u00e1s d\u0159\u00edv nebo pozd\u011bji za\u010dne nebavit stejn\u011b jako nicned\u011bl\u00e1n\u00ed.<\/p>\n<p>\u0158\u00edk\u00e1me si, \u017ee je \u0161koda dlouho sp\u00e1t, \u017ee bychom m\u011bli vst\u00e1vat d\u0159\u00edv, \u017ee sp\u00e1t a v\u00e1let se m\u016f\u017eeme i v Praze. Jen\u017ee ani tenhle argument nen\u00ed tak jednozna\u010dn\u00fd, proto\u017ee d\u00e1chnout si na zahrad\u011b vily m\u00e1 \u00fapln\u011b jinou hodnotu ne\u017e chrn\u011bt n\u011bkde v Praze.<\/p>\n<p>A tak mi doch\u00e1z\u00ed, \u017ee z hlediska legendovosti bude t\u00e1b\u016frek takov\u00fdm pr\u016fkopn\u00edkem, proto\u017ee \u017e\u00e1dn\u00fd spole\u010dn\u00fd n\u011bkolikadenn\u00ed p\u0159\u00edb\u011bh zde pro\u017e\u00edvat nebudeme, metla alkohol se akce v\u0161ak tak\u00e9 ne\u00fa\u010dastn\u00ed, tak\u017ee legenda tohodle v\u00fdletu je vila a lid\u00e9 v n\u00ed, tak to je!<\/p>\n<p><em>Je to pro n\u011b takov\u00fd v\u00fdcvikov\u00fd t\u00e1bor, ze kter\u00fdho jsou pak letadlem deportovan\u00fd do Mongolska<\/em><\/p>\n<p>Den druh\u00fd, pr\u00fd teda u\u017e ale v\u00e1\u017en\u011b vyraz\u00edme do zoo. Cesta je dost pomal\u00e1, v rychl\u00e9m tempu n\u00e1m br\u00e1n\u00ed neust\u00e1l\u00e9 malinovn\u00edky a t\u0159e\u0161\u0148ovn\u00edky, p\u0159es kter\u00e9 si mus\u00edme proklestit cestu a doslova se jimi pro\u017erat.<\/p>\n<p>Nacpan\u00ed k prasknut\u00ed nakonec p\u0159ece jen vstupujeme do zoo, abychom zjistili, \u017ee to v\u016fbec \u017e\u00e1dn\u00e1 zoo nen\u00ed, cel\u00fd to byl jeden velkej podfuk! Je to pouze pobo\u010dka pra\u017esk\u00e9 zoo, kde se p\u011bstujou kon\u011b p\u0159evalsk\u00fd(ho). Je to pro n\u011b takov\u00fd v\u00fdcvikov\u00fd t\u00e1bor, ze kter\u00fdho jsou pak letadlem deportovan\u00fd do Mongolska, p\u00e1\u010d je to tam jejich p\u016fvodn\u00ed p\u0159irozen\u00fd prost\u0159ed\u00ed. V\u00e1\u017en\u011b.<\/p>\n<p>Dum\u00e1m nad tim, co m\u00e1 p\u0159irozenost spole\u010dn\u00fdho s boxama, ve kter\u00fdch kon\u011b cestuj\u00ed letadlem, ale zat\u00edm si podobn\u00e9 \u00favahy nech\u00e1v\u00e1m pro sebe, proto\u017ee od t\u00e9 doby, co s n\u00e1mi jezd\u00ed zv\u00fd\u0161en\u00fd po\u010det osob studuj\u00edc\u00edch biologii, genetiku a podobn\u00e9 v\u011bdy, m\u016f\u017ee b\u00fdt ka\u017ed\u00e1 sebemen\u0161\u00ed ot\u00e1zka z oboru sn\u011bhovou koul\u00ed, za kterou zpravidla n\u00e1sleduje lavina odborn\u00fdch diskuz\u00ed a term\u00edn\u016f, kter\u00e9 n\u00e1m laik\u016fm zn\u00ed asi jako bzu\u010den\u00ed starod\u00e1vn\u00e9ho modemu, kter\u00fdm jsme se p\u0159ipojovali k internetu. Kdepak, rad\u0161i budu dr\u017eet hubu-ml\u010deti zlato-nebudu provokovat, \u0159\u00edk\u00e1m si, ale stejn\u011b tu\u0161\u00edm, \u017ee ve\u010dern\u00ed superdebaty, ve kter\u00e9 J\u00e1chym s Madlou rozjedou freestyle na t\u00e9ma sv\u011btov\u00e9 biodiverzity u\u0161et\u0159en nez\u016fstanu.<\/p>\n<p>Kon\u011b p\u0159evalsk\u00fdch nech\u00e1v\u00e1me za z\u00e1dy a na poli hrajeme p\u0159ekvapiv\u011b pohybovou hru. Rozd\u011bl\u00edme se na dva t\u00fdmy, jejich\u017e z\u00e1stupci v\u017edy b\u011b\u017e\u00ed k Dorce nebo k J\u00edt\u011b, kde se potr\u00e1p\u00ed zapeklitou ot\u00e1zkou. Nev\u00ed-li se rady, vrac\u00ed se poradit se svoji skupinou.<\/p>\n<p>P\u0159ekvapen\u011b se dozv\u00edd\u00e1me, \u017ee \u017euf\u00e1nek nen\u00ed jen v\u00fdrobce alkoholu a j\u00e1 marn\u011b p\u0159em\u00fd\u0161l\u00edm nad t\u00edm, kolikr\u00e1t jsem u\u017e v \u017eivot\u011b vyu\u017eil znalost kr\u00e1pn\u00edkov\u00e9 svat\u00e9 trojice (stalaktit, stalagn\u00e1t, kolohn\u00e1t), kolikr\u00e1t ji je\u0161t\u011b nepou\u017eiju a kolik dal\u0161\u00edch zbyte\u010dn\u00fdch informac\u00ed se mi v\u00e1l\u00ed na disku v hlav\u011b.<\/p>\n<p>Ve\u010der op\u011bt sp\u0159\u00e1d\u00e1me pl\u00e1ny, \u017ee bychom \u0161li sp\u00e1t pod plachtu mimo vilu, a\u0165 za\u017eijeme n\u011bjak\u00fd to vzr\u016f\u0161o dobrodr\u016f\u017eo, ale nakonec se moud\u0159e rozhodujeme, \u017ee to nech\u00e1me na z\u00edt\u0159ek, proto\u017ee p\u0159ece z\u00edtra je taky den.<\/p>\n<p><em>Zn\u00ed to jako staro\u0159eck\u00fd b\u00e1je a pov\u011bsti<\/em><\/p>\n<p>Vst\u00e1v\u00e1m s pocitem, \u017ee jsem tu u\u017e t\u0159et\u00ed den a o vile Vallile v\u00edm asi tak stejn\u011b, jako v roce 2007. V\u00edm u\u017e sice, \u017ee ten legra\u010dn\u00ed n\u00e1zev nevznikl jen tak, \u017ee kdysi \u017eil byl n\u011bjak\u00fd pan Vallil, Nor nebo Fin, kter\u00e9mu vila pat\u0159ila. V\u00edm u\u017e, \u017ee my\u0161lenka vybudovat komunitn\u00ed d\u016fm vznikla u\u017e v roce 1996, \u0161est let se pilovala a v roce 2002 za\u010dal cel\u00fd projekt nab\u00fdvat re\u00e1ln\u00fdch obrys\u016f a v dom\u011b za\u010dali bydlet prvn\u00ed lid\u00e9 ze soci\u00e1ln\u011b slab\u00fdch rodin \u010di z d\u011btsk\u00fdch domov\u016f. To v\u0161echno v\u00edm d\u00edky osamocen\u00e9mu bloum\u00e1n\u00ed rann\u00ed vilou a \u010dten\u00edm n\u00e1st\u011bnek.<\/p>\n<p>Na n\u00e1st\u011bnce si \u010dtu i o tom, \u017ee vila usiluje o za\u0159azen\u00ed do mezin\u00e1rodn\u00ed skupiny komunit Archa, kterou p\u0159ed pades\u00e1ti lety zalo\u017eil Jean Vanier. Rozpomenu se, kde jsem to u\u017e jenom sly\u0161el, no jasn\u011b, o Ar\u0161e mluvila p\u0159ed t\u00fddnem na chat\u011b u Maru\u0161ky, kde jsme pl\u00e1novali t\u00e1bor, nov\u00e1 asistentka Olga. Jede na t\u00e1bor a pak snad na rok do Archy.<\/p>\n<p>Nev\u011bnoval jsem tomu p\u0159\u00edli\u0161 pozornosti, ale te\u010f se docela okouzlen\u011b za\u010d\u00edt\u00e1m do rozhovoru, kter\u00fd vis\u00ed na n\u00e1st\u011bnce. Ten t\u00fdpek v tom m\u00e1 fakt jasno! V \u0161edes\u00e1t\u00fdch letech se po n\u00e1v\u0161t\u011bv\u011b jednoho z \u00fastav\u016f rozhodl za\u010d\u00edt bydlet s dv\u011bma chl\u00e1pkama s ment\u00e1ln\u00edm posti\u017een\u00edm. Lidi se za\u010dali nabalovat, vznikla prvn\u00ed Archa, a podobn\u00e9 komunity pak za\u010daly jako houby po de\u0161ti vznikat po cel\u00e9m sv\u011bt\u011b. A\u010d je \u010cesk\u00e1 republika houba\u0159\u016f r\u00e1j, \u017e\u00e1dn\u00e1 Archa zde je\u0161t\u011b nen\u00ed, p\u0159esto\u017ee k jej\u00edm princip\u016fm se hl\u00e1s\u00ed \u0159ada za\u0159\u00edzen\u00ed.<\/p>\n<p>P\u0159esto\u017ee texty zav\u00e1n\u011bj\u00edc\u00ed k\u0159es\u0165anskou tematikou jsem se nau\u010dil br\u00e1t s rezervou, tenhle rozhovor m\u011b pohltil. P\u0159e\u010d\u00edst si ho m\u016f\u017eete <a href=\"http:\/\/www.radiovaticana.cz\/clanek_print.php4?id=19927\">tady<\/a>.<a href=\"http:\/\/www.radiovaticana.cz\/clanek_print.php4?id=19927\"><br \/><\/a><\/p>\n<p>Pro ty, co jsou l\u00edn\u00fd \u010d\u00edst, vypichuju alespo\u0148 p\u00e1r kl\u00ed\u010dov\u00fdch slogan\u016f. Kdy\u017e mluv\u00ed o prvn\u00ed Ar\u0161e, \u0159\u00edk\u00e1 Vanier:<em> Ale od sam\u00e9ho po\u010d\u00e1tku \u0161lo o to, abychom s nimi \u017eili, a ne \u201en\u011bco pro n\u011b d\u011blali\u201c.<\/em><\/p>\n<p>Pak se trochu nav\u00e1\u017e\u00ed do specialist\u016f:<br \/><em>Dne\u0161n\u00edm probl\u00e9mem c\u00edrkve je to, \u017ee se lid\u00e9 s posti\u017een\u00edm p\u0159enech\u00e1vaj\u00ed specialist\u016fm. Pro pr\u00e1ci s takov\u00fdmi lidmi v\u0161ak sta\u010d\u00ed chovat se lidsky, vyslechnout je, j\u00edst spolu s nimi, v\u011bnovat jim mnoho \u010dasu, abychom se s nimi mohli setkat.<\/em><\/p>\n<p>A pak slu\u0161n\u011b sejme sou\u010dasn\u00e9 sv\u011btov\u00e9 uspo\u0159\u00e1d\u00e1n\u00ed:<br \/><em>Vl\u00e1dne bezohledn\u00fd individualismus. Je pot\u0159eba jej p\u0159em\u00e1mat, v\u00edt\u011bzit nad n\u00edm v\u017edy znovu. Lid\u00e9 s posti\u017een\u00edm n\u00e1s u\u010d\u00ed n\u011b\u010demu jin\u00e9mu \u2013 vztah\u016fm.\u00a0A je pravda, \u017ee kdy\u017e se setk\u00e1v\u00e1te a \u017eijete s posti\u017een\u00fdm \u010dlov\u011bkem, objevujete znovu sebe sama, vid\u00edte, \u017ee nast\u00e1vaj\u00ed prom\u011bny, z\u00edsk\u00e1v\u00e1te nov\u00fd obraz spole\u010dnosti, kter\u00e1 nen\u00ed zalo\u017een\u00e1 na individualismu a soupe\u0159en\u00ed, n\u00fdbr\u017e na vztaz\u00edch, spojov\u00e1n\u00ed lid\u00ed.<\/em><\/p>\n<p>Do\u010d\u00edt\u00e1m rozhovor a vyr\u00e1\u017e\u00edme na vejlet do Pr\u010dic.<\/p>\n<p><em>Jsme sou\u010d\u00e1st\u00ed n\u011bjak\u00fdho spiknut\u00ed<\/em><\/p>\n<p>Us\u00edn\u00e1n\u00ed, zmrzlina, ta Pr\u010dice, ne ty Pr\u010dice. Jde s n\u00e1mi i Roman z vily a vytv\u00e1\u0159\u00ed sv\u011btov\u00fd rekord v tla\u010den\u00ed invalidn\u00edho voz\u00edku. Pozdn\u00ed n\u00e1vrat, co se d\u00e1 d\u011blat, dneska taky nebudeme sp\u00e1t venku, nav\u00edc m\u00e1 dneska fakt ale opravdu pr\u0161et, \u0159\u00edkaly to internety v mobilech. Nakonec sp\u00ed venku jen hrstka odv\u00e1\u017eliv\u00fdch.<\/p>\n<p>Sed\u00edme u ohn\u011b s vil\u00e1kama, ale dne\u0161n\u00ed ve\u010der je v n\u011b\u010dem jin\u00fd. K ohni si za n\u00e1mi p\u0159ich\u00e1z\u00ed sednout pan\u00ed Ji\u0159inka, kter\u00e1 tu o v\u00edkendech dobrovolni\u010d\u00ed. Vypr\u00e1v\u00ed n\u00e1m o vile, pt\u00e1 se na Ramus.<\/p>\n<p>Vypr\u00e1v\u00ed a vzpom\u00edn\u00e1 a zn\u00ed to jako staro\u0159eck\u00fd b\u00e1je a pov\u011bsti, o Jedli\u010dk\u00e1rn\u011b, o Rooseveltce, o \u010desk\u00e9 speci\u00e1ln\u00ed pedagogice v devades\u00e1t\u00fdch letech, kter\u00e9 tak u\u017e nevn\u00edm\u00e1m jen jako obdob\u00ed, kdy se p\u0159i velk\u00e9m kapit\u00e1lov\u00e9m t\u0159esku vyl\u00edhly ty nejv\u011bt\u0161\u00ed svin\u011b, ale i jako \u010dasov\u00fd \u00fasek, kdy se \u0159ada lid\u00ed sna\u017eila chytit ujetej vlak soci\u00e1ln\u00ed pr\u00e1ce a d\u00e1t mu n\u011bjak\u00fd sm\u011br.<\/p>\n<p>Rozpl\u00e9t\u00e1me prehistorick\u00e9 vazby mezi Jedl\u00ed, Proutkem a Ramusem, pan\u00ed Ji\u0159inka mluv\u00ed a mluv\u00ed, m\u00e1 pam\u011b\u0165 jako slon a j\u00e1 za\u010d\u00edn\u00e1m m\u00edt pocit, \u017ee jsme sou\u010d\u00e1st\u00ed n\u011bjak\u00fdho velk\u00fdho spiknut\u00ed, subkultury, \u00fadern\u00fd jednotky, kter\u00e1 jednou vysko\u010d\u00ed z brloh\u016f a zm\u011bn\u00ed sv\u011bt. Sleduju v p\u0159\u00edm\u00fdm p\u0159enosu, jak je \u010dlov\u011bk malej, kolik m\u00e1 probl\u00e9m\u016f, ale z\u00e1rove\u0148 jakou m\u00e1 obrovskou s\u00edlu n\u011bco d\u011blat a m\u011bnit.<\/p>\n<p>Jo, nen\u00ed nad to se ob\u010das takhle dojmout a emotivn\u011b rozsypat. Pan\u00ed Ji\u0159inka odch\u00e1z\u00ed a my \u0159e\u0161\u00edme p\u0159irozenost, komunitn\u00ed \u017eit\u00ed, kon\u011b p\u0159evalsk\u00fdho, svobodu volby a v\u0161echny ty velk\u00fd t\u00e9mata, kter\u00fd u\u017e n\u011bkdo n\u011bkdy tolikr\u00e1t \u0159e\u0161il.<\/p>\n<p><em>Tak se tak houpu<\/em><\/p>\n<p>Den posledn\u00ed, houpu se na houpa\u010dce a pozoruju partu d\u011bln\u00edk\u016f, jak leze po le\u0161en\u00ed a opravuje fas\u00e1du vily. Dole u stolu z\u016fstal jen jeden, kter\u00fd ovl\u00e1d\u00e1 v\u00fdtah v podob\u011b k\u00fdblu na lan\u011b, ve kter\u00e9m pos\u00edl\u00e1 p\u0159\u00edpadn\u00e9 n\u00e1\u0159ad\u00ed, kter\u00e9 koleg\u016fm naho\u0159e chyb\u00ed.<\/p>\n<p>Je po ob\u011bd\u011b, bal\u00ed se, vytravuje. Jeden z t\u011bch mnoha moment\u016f, kdy nen\u00ed pot\u0159eba nic d\u011blat a sta\u010d\u00ed jen tak spolu b\u00fdt. Ke stolu d\u011bln\u00edk\u016f p\u0159ich\u00e1z\u00ed Kudla s Michalem. Kudla okam\u017eit\u011b zap\u0159\u00e1d\u00e1 hovor s obsluhou v\u00fdtahu, zat\u00edmco Michal bere do ruky mobil na stole a prohl\u00ed\u017e\u00ed si ho. Ze shora, op\u0159eni o le\u0161en\u00ed, pozoruj\u00ed setk\u00e1n\u00ed na zemi s obavami ostatn\u00ed d\u011bln\u00edci.<\/p>\n<p>Tak se tak houpu a \u0159\u00edk\u00e1m si, \u017ee p\u0159esn\u011b tohle je ta chv\u00edle, kdy bych se m\u011bl mo\u017en\u00e1 teoreticky coby asistent sebrat, p\u0159ij\u00edt ke stolu a n\u011bco d\u011blat. Mo\u017en\u00e1 bych m\u011bl zkontrolovat, jestli maj\u00ed Kudla s Michalem sbaleno. A mo\u017en\u00e1 je tohle taky p\u0159esn\u011b ta chv\u00edle, kdy bych nem\u011bl d\u011blat v\u016fbec nic.<\/p>\n<p>Houpu se, p\u00e1r metr\u016f p\u0159ede mnou pochoduj\u00ed slepice, kousek za zahradou hlu\u010d\u00ed auto proj\u00ed\u017ed\u011bj\u00edc\u00ed vesnic\u00ed. To\u010d\u00edm se na houpa\u010dce a kouk\u00e1m nahoru, jak se z provaz\u016f spl\u00e9t\u00e1 \u0161roubovice. Nech\u00e1v\u00e1m Kudlu a Michala v p\u0159irozen\u00e9 interakci s p\u00e1nem. P\u0159em\u00fd\u0161l\u00edm nad p\u0159irozenost\u00ed, p\u0159em\u00fd\u0161l\u00edm, co to je, svoboda, pravidla, stereotyp\u2026<\/p>\n<p>V\u010dera jsem se ptal Romana, co bydl\u00ed ve vile od za\u010d\u00e1tku, a on \u0159\u00edkal, \u017ee vstane, pracuje, jde sp\u00e1t, vstane, pracuje, jde sp\u00e1t, \u017ee to je neust\u00e1l\u00fd kolob\u011bh\u2026 Ale \u017ee je za n\u011bj vlastn\u011b r\u00e1d.<\/p>\n<p>D\u011blnick\u00e9 r\u00e1dio vyhr\u00e1v\u00e1 hity, n\u011bjak\u00fdho Karla Gotta, Kudla za\u010d\u00edn\u00e1 zp\u00edvat, p\u00e1n od v\u00fdtahu ml\u010d\u00ed a poslouch\u00e1.<\/p>\n<p>Na n\u00e1st\u011bnce ve vile taky bylo napsan\u00fd: n\u011bco mi vila d\u00e1v\u00e1, ale nev\u00edm co, j\u00e1 vlastn\u011b nev\u00edm, co chci\u2026<\/p>\n<p><em><br \/>Nen\u00ed to fo\u0165\u00e1k, je to kulomet<\/em><\/p>\n<p>Za vilou je sportovn\u00ed h\u0159i\u0161t\u011b, postaven\u00fd ur\u010dit\u011b n\u011bjakym zlym nadn\u00e1rodnim korpor\u00e1tem, vede k n\u011bmu cesta, je\u0161t\u011b r\u00e1no byla pln\u00e1 \u0161i\u0161ek, ale dopoledne jsme je vysb\u00edrali. Tak se te\u010f po t\u00fd \u0161i\u0161kuprost\u00fd cest\u011b suneme a jdeme hr\u00e1t s vil\u00e1kama p\u0159ehazku.<\/p>\n<p>Fotim, a fotim \u010d\u00edm d\u00e1l t\u00edm v\u00edc, den ode dne, je tady toho tolik, a je to tak siln\u00fd a j\u00e1 m\u00e1m strach, \u017ee to pro\u0161vihnu. Nen\u00ed to fo\u0165\u00e1k, je to kulomet, kter\u00fdm kropim a kradu du\u0161i v\u0161emu kolem.<\/p>\n<p>Nevim vlastn\u011b, jak\u00fd vy\u0161\u0161\u00ed smysl m\u00e1 tadyto v\u011b\u010dn\u00fd focen\u00ed na akc\u00edch Ramusu. Fotky nem\u016f\u017eou nikdy vystihnout, co se d\u011bje, vytv\u00e1\u0159\u00ed tot\u00e1ln\u011b fale\u0161nou p\u0159edstavu. Letos bysme na t\u00e1bo\u0159e t\u0159eba v\u016fbec nemuseli fotit. O to v\u00edc by si to v\u0161ichni museli pamatovat! N\u00e1pad hezkej, mo\u017en\u00e1 by z toho byli nad\u0161en\u00ed kolegov\u00e9 z \u0159ad konceptu\u00e1ln\u00edho (rozum\u011bj: zbyte\u010dn\u00fdho) um\u011bn\u00ed, ale jinak to asi neprojde\u2026 Fotky, web, videa, v\u0161echno bych to nejrad\u0161i sp\u00e1lil a vymazal, t\u0159eba se pak dopracujem k podstat\u011b.<\/p>\n<p><em>Zat\u00edmco si parta sval\u016f \u010dut\u00e1 n\u011bkde v Braz\u00edlii<\/em><\/p>\n<p>P\u0159ed samotn\u00fdm z\u00e1pasem p\u0159edv\u00e1d\u00ed Plame\u0148\u00e1k tanec na voz\u00edku. V\u010dera to s J\u00e1chymem tr\u00e9novali. Z mobilu hraje Divokej Bill a Plame\u0148\u00e1k p\u0159edv\u00e1d\u00ed neuv\u011b\u0159iteln\u00fd kreace, p\u0159edz\u00e1pasov\u00fd roztlesk\u00e1va\u010dky na celym sv\u011bt\u011b blednou z\u00e1vist\u00ed a v\u0161em u\u017e je jasn\u00fd, \u017ee zat\u00edmco si parta sval\u016f \u010dut\u00e1 n\u011bkde v Braz\u00edlii a v\u0161ichni se z toho m\u016f\u017eou posrat, z\u00e1pas stolet\u00ed se odehraje te\u010f a tady. Jedem. Ramus vs. Villa Vallila.<\/p>\n<p>Hrajem hrajem, m\u00ed\u010d l\u00edt\u00e1, Lucinka zab\u00edj\u00ed u s\u00edt\u011b, ale m\u00e1lo platn\u00fd, dost\u00e1v\u00e1me na zadek 2:0 a pak to v\u0161echno nabere pekeln\u00fd to\u010dky, fot\u00edme se, lou\u010d\u00edme se, p\u00e1r vil\u00e1k\u016f stav\u00ed n\u011bjakou budku u ohn\u011b a p\u00e1r dal\u0161\u00edch n\u00e1s jde vyprovodit na n\u00e1dra\u017e\u00ed. Bre\u010d\u00edme jak \u017eelvy, d\u011bl\u00edme se o sva\u010dinu.<\/p>\n<p>A najednou jsme pry\u010d.<\/p>\n<p><em><br \/>Ty p\u0159\u00edjezdy do Prahy<\/em><\/p>\n<p>Hlav\u00e1k. Prohazujeme p\u00e1r p\u0159\u00e1telsk\u00fdch slov s rodi\u010di a rozd\u00e1v\u00e1me let\u00e1ky o vile, jako d\u016fkaz, \u017ee jsme tam fakt byli. Jeden si taky beru.<\/p>\n<p>Tak dlouho jsme se stra\u0161ili de\u0161t\u011bm, a\u017e b\u011bhem t\u00e1b\u016frku nepr\u0161elo v\u016fbec a chcanec nast\u00e1v\u00e1 a\u017e p\u0159esn\u011b v momentu, kdy vyl\u00e9z\u00e1me do pra\u017esk\u00e9ho \u0160erv\u016fdu.<\/p>\n<p>Ty p\u0159\u00edjezdy do Prahy. Nejde o techniku, o auta, o dopravu, o lidi, o to co \u0159\u00edkaj\u00ed,\u00a0jde o to, \u017ee je toho moc. Informa\u010dn\u00ed p\u0159etlak se v\u00e1m val\u00ed do hlavy a vy to tam mus\u00edte najednou v\u0161echny p\u0159eskupit, v\u0161echno p\u0159ed\u011blat, uklidit. Jako kdy\u017e v\u00e1m p\u0159ijede n\u00e1v\u0161t\u011bva a vy m\u00edsto toho, abyste j\u00ed dali nahl\u00e9dnout do autentick\u00e9ho nepo\u0159\u00e1dku va\u0161eho pokoje, fale\u0161n\u011b ukl\u00edz\u00edte. Nen\u00ed nic vylhan\u011bj\u0161\u00edho ne\u017e \u00faklid pro na\u0161e bli\u017en\u00ed.<\/p>\n<p>Jedu dom\u016f a nev\u00edm, co m\u00e1m d\u011blat. D\u00edv\u00e1m se na Transfomery, dvojku i trojku, ve snaze udr\u017eet v hlav\u011b p\u0159\u00edjemn\u00e9 pr\u00e1zdno co nejd\u00e9le, ne\u017e ho pohlt\u00ed d\u00e9moni z Prahy.<\/p>\n<p>Proklik\u00e1v\u00e1m se fotkama, na Facebooku p\u00ed\u0161u Mire\u010dkovi, jak to tehdy dopadlo s t\u00edm dokumentem o vile, je to n\u011bkde k vid\u011bn\u00ed? \u0158\u00edk\u00e1, \u017ee ho nikdy nevid\u011bl. Vlastn\u011b ho nikdo nikdy nevid\u011bl. Jedinou kopii pr\u00fd n\u011bkdo zni\u010dil na prvn\u00ed zku\u0161ebn\u00ed projekci ve vile.<\/p>\n<p>Kruh se uzav\u00edr\u00e1 a tak si \u0159\u00edk\u00e1m, \u017ee ty fotky fakt sma\u017eu. Samoz\u0159ejm\u011b jsem srab a nesma\u017eu je, ale odkl\u00e1d\u00e1m je na n\u011bkdy jindy, nech\u00e1v\u00e1m to b\u00fdt.<\/p>\n<p>\u010ctu si o t\u00fdpkovi, co zalo\u017eil Archu. Dvacet rozklikan\u00fdch oken, saju informace, \u010dtu, zav\u00edr\u00e1m, otev\u00edr\u00e1m, analyzuji rychleji, ne\u017e kdy\u017e m\u00e1te na st\u0159edn\u00ed p\u0159est\u00e1vkov\u00fdch deset minut na uva\u0159en\u00ed refer\u00e1tu z biologie.<\/p>\n<p>Kouk\u00e1m na ty jeho my\u0161lenky,\u00a0<a href=\"http:\/\/www.areopag.cz\/soubory\/J%20Vanier%20Rod%C3%AD%20se%20nov%C3%A1%20nad%C4%9Bje%20%C3%BAvod.doc\">\u010c\u00edm je a jak\u00e1 m\u00e1 b\u00fdt komunita<\/a>.\u00a0Kdyby se z toho n\u011bjak vydestilovaly ob\u010dasn\u00e9 zm\u00ednky o k\u0159estanstv\u00ed, je to vlastn\u011b nejv\u00edc rebelskej a podvratnej manifest. Nejv\u00edc m\u011b uzemn\u00ed, kdy\u017e cituje n\u011bjak\u00fdho pana Parkera:<\/p>\n<p><em>Tou\u017e\u00edme po spole\u010denstv\u00ed, ale je\u0161t\u011b v\u00edce tou\u017e\u00edme po v\u0161ech soci\u00e1ln\u00edch a ekonomick\u00fdch v\u00fdhod\u00e1ch, je\u017e m\u016f\u017ee individu\u00e1ln\u00ed mobilita p\u0159in\u00e9st.<\/em><\/p>\n<p>A pak nakl\u00e1d\u00e1 d\u00e1l:<br \/><em>Dnes jsou mlad\u00ed jin\u00ed ne\u017e jejich vrstevn\u00edci v \u0161edes\u00e1t\u00fdch a sedmdes\u00e1t\u00fdch letech. Tehdy hledali jin\u00fd zp\u016fsob \u017eivota, alternativn\u00ed spole\u010denstv\u00ed, jinou spole\u010dnost. Mysleli, \u017ee mohou n\u011bco dok\u00e1zat, kdy\u017e zavrhnou star\u00e9 struktury a vezmou na sebe riziko vybudovat nov\u00e9. Byl to \u010das ekonomick\u00e9 expanze. Nyn\u00ed ale nemohou a u\u017e ani necht\u011bj\u00ed br\u00e1t na sebe riziko. C\u00edt\u00ed se p\u0159\u00edli\u0161 ohro\u017een\u00ed, bez ko\u0159en\u016f, nejist\u00ed v tom, co cht\u011bj\u00ed.<\/em><\/p>\n<p>To tak \u010dtu a nech\u00e1v\u00e1m na sebe p\u016fsobit v pra\u017esk\u00fd pseudo-realit\u011b.<\/p>\n<p><em>Nejvy\u0161\u0161\u00ed \u010das se zbl\u00e1znit<\/em><\/p>\n<p>Dny plynou, po\u0159\u00e1d nem\u00e1m v\u016fli nahodit fotky, nechci ty \u010dty\u0159i dny zakl\u00edt do n\u011bjak\u00fdho p\u0159iblb\u00fdho alba. Chod\u00edm na proch\u00e1zky s Mat\u011bjem a jdu do kina na Transformery \u010dty\u0159ku. Re\u017eis\u00e9r Michael Bay \u00fadajn\u011b kdesi prohl\u00e1sil: <strong>&#8222;Nep\u0159i\u0161el jsem l\u00e9\u010dit rakovinu, ale bavit lidi.&#8220;<\/strong> To m\u011b ba.<\/p>\n<p>Nerad si to p\u0159ipou\u0161t\u00edm, ale ten vykuk Vanier m\u011b t\u011b\u017ece zas\u00e1hl. M\u00e1 recht. V\u0161ichni vlastn\u011b instinktivn\u011b tou\u017e\u00edme po \u017eit\u00ed v komunit\u011b, ale z\u00e1rove\u0148 v\u00edme, \u017ee to asi zav\u00e1n\u00ed prac\u00ed a dost mo\u017en\u00e1 i nepohodou. N\u011bco takov\u00fdho m\u016f\u017eou dobrovoln\u011b podstoupit jen bl\u00e1zni.<\/p>\n<p>Mo\u017en\u00e1 nejvy\u0161\u0161\u00ed \u010das se zbl\u00e1znit.<\/p>\n<p><em><br \/>Epilog<\/em><\/p>\n<p>Afgh\u00e1nist\u00e1n, Izrael, Palestina. Titulky se objevuj\u00ed a miz\u00ed rychleji, ne\u017e granule v Mat\u011bjov\u011b \u017er\u00e1dlomisce. Zdrh\u00e1m d\u00e1l a p\u00e1r dn\u00ed po vile jedu o\u010d\u00edhnout maringotku Terezy a Hynka, kter\u00fd m\u011bli p\u0159ed dv\u011bma lety v r\u00e1mci legendy na na\u0161em t\u00e1bo\u0159e svatbu. Hynek d\u011blal Ramusu nov\u00fd logo, jedeme autem a bav\u00edme se, co je nov\u00fdho. Cesta se prot\u00e1hne, vytun\u011bnou maringotku vid\u00edm a\u017e kolem \u0161est\u00fd. Stavujeme se na j\u00eddlo, \u017dofka v mal\u00fdch gum\u00e1c\u00edch skota\u010d\u00ed v lou\u017e\u00edch. Na pohodov\u00e9 pit\u00ed m\u00edstn\u00edho piva z PETek zb\u00fdv\u00e1 jen m\u00e1lo \u010dasu, sed\u00edme u stolu na pozemku, kter\u00fd nem\u00e1 plot, proto\u017ee samotn\u00e1 instituce plotu v \u0161ir\u0161\u00edch sv\u011btov\u00fdch souvislostech znamen\u00e1\u2026 No minim\u00e1ln\u011b peklo. Melu o vile, r\u00e1d bych z\u016fstal, ale r\u00e1no jedem do Vl\u010dkovic, tro\u0161ku jetej nastupuju do zcela pr\u00e1zdn\u00e9ho vlaku a jedu krajinou posedlou tmou\u2026<\/p>\n<p>Hlav\u00e1k k ve\u010de\u0159i, Hlav\u00e1k k sn\u00eddani, fr\u010d\u00edme na des\u00e1t\u00fd ro\u010dn\u00edk festivalu, jeho\u017e v\u00fdt\u011b\u017eek jde na podporu soci\u00e1ln\u00edho bydlen\u00ed v are\u00e1lu\u2026 Pozice bed\u0148\u00e1ka se m\u011bn\u00ed v nekone\u010dn\u00fd maraton vykou\u0159en\u00fdch cigaret ve kter\u00e9m jde hlavn\u011b o to, b\u00fdt ve spr\u00e1vn\u00fd \u010das na spr\u00e1vn\u00e9m m\u00edst\u011b\u2026<\/p>\n<p>\u010cumim na <a href=\"http:\/\/www.houpacikone.cz\/\">Houpac\u00ed kon\u011b<\/a>, kapelu, kter\u00e1 hraje p\u0159es dvacet let a a\u017e te\u010f se do\u010dkala n\u011b\u010deho, \u010demu lid\u00e9 \u0159\u00edkaj\u00ed \u00fasp\u011bch. Fascinuje m\u011b umanutost a preciznost, se kterou hraj\u00ed, a zvl\u00e1\u0161tn\u00ed znerv\u00f3zn\u011bl\u00fd neklid, kter\u00fd kolem sebe \u0161\u00ed\u0159\u00ed hlavn\u011b pan zp\u011bv\u00e1k. Sedmiminutovou p\u00edse\u0148 I mean you z alba Houpac\u00ed kon\u011b z roku 1995 jsem jednu dobu sj\u00ed\u017ed\u011bl den co den\u2026<\/p>\n<p>Potk\u00e1v\u00e1me \u0159adu vil\u00e1k\u016f, kte\u0159\u00ed to sem maj\u00ed kousek. Milan dokonce hraje fotbal za t\u00fdm \u010d\u00e1ste\u010dn\u011b slo\u017een\u00fd z Ramusu \u2013 Ramu\u017ei se nakonec probojov\u00e1vaj\u00ed na kr\u00e1sn\u00e9 \u010dtvrt\u00e9 m\u00edsto.<\/p>\n<p>Potk\u00e1v\u00e1m Honzu Koste\u010dku z Proutku. Zas jak kolovr\u00e1tek sypu z\u00e1\u017eitky z vily, tak umanut\u011b, a\u017e Honza krot\u00ed m\u00e9 nad\u0161en\u00ed a nab\u00edz\u00ed mi kriti\u010dt\u011bj\u0161\u00ed n\u00e1hled na podobn\u00e9 komunity. Poznatek, \u017ee dob\u0159e funguj\u00edc\u00ed komunita je vlastn\u011b vrchol segregace, m\u011b tak nasere, a\u017e ztrat\u00edm chu\u0165 poslouchat pr\u00e1v\u011b za\u010d\u00ednaj\u00edc\u00ed \u010dten\u00ed autor\u016f blogu <a href=\"http:\/\/www.1000vecicomeserou.cz\/\">1000 v\u011bc\u00ed co m\u011b serou<\/a>.<\/p>\n<p>Ne, to byl jen f\u00f3r, jak nacpat dv\u011b sprost\u00fd slova do jedn\u00fd v\u011bty, vskute\u010dnosti jsem za to r\u00e1d a druh\u00fd den se o fungov\u00e1n\u00ed komunity \u010dile h\u00e1d\u00e1me s lidma z Ramusu, kter\u00fdch je tu po\u017eehnan\u011b. \u0158e\u0161\u00edme, \u017ee v\u0161echny podobn\u00e9 projekty v zahrani\u010d\u00ed funguj\u00ed. Hele, nebo je to tak, \u017ee se k n\u00e1m jen nedostanou informace o tom, jak ty sam\u00e9 projekty nefunguj\u00ed?<\/p>\n<p>M\u00e1m hlavu jak bal\u00f3n. Dal\u0161\u00ed cesta do Prahy, dal\u0161\u00ed p\u0159eukl\u00edzen\u00ed hlavy. V pond\u011bl\u00ed vych\u00e1z\u00ed rozhovor se zp\u011bv\u00e1kem z Houpac\u00edch kon\u00ed, <a href=\"http:\/\/houpacikone.cz\/im\/ji-blog\/ji-zpoved_mfdnes.jpg\">ve kter\u00e9m se vyzn\u00e1v\u00e1 z toho<\/a>, \u017ee byl agentem StB. Tenhle sv\u011bt je tak kr\u00e1sn\u011b slo\u017eitej a nejednozna\u010dnej.<\/p>\n<p>Na tenhle canc jsem skoro zapomn\u011bl, ale J\u00e1chym mi poslal svoje fotky z vily, tak\u017ee to asi prost\u011b dop\u00ed\u0161u a hodim na web.<\/p>\n<p>A d\u011bj se v\u016fle zbo\u017e\u00ed!<\/p>\n<p><strong><a href=\"index.php\/galerie?view=album&#038;album=6036003622412063745&#038;page=1\">\u00a0<\/a><\/strong><\/p>\n","protected":false},"excerpt":{"rendered":"<p>Fotky z akce tady. N\u00e1vally ve Ville Vallile Nav\u00edc tomu nebylo tak d\u00e1vno, co televize Prima zatemnila mysl \u010desk\u00e9ho n\u00e1roda prvn\u00ed \u0159adou Vyvolen\u00fdch Slovn\u00ed spojen\u00ed Villa Vallila jsem poprv\u00fd sly\u0161el asi v l\u00e9t\u011b 2007. P\u00e1r m\u011bs\u00edc\u016f pot\u00e9, co jsem Honz\u00edkovi Rudolfovi kdesi v hospod\u011b na Palmovce na \u010d\u00edsi oslav\u011b narozenin neuv\u00e1\u017een\u011b odk\u00fdval nijak lukrativn\u00ed a &hellip; <a href=\"https:\/\/www.ramus.je\/nejlepsi\/vilavalila\/\" class=\"more-link\">Continue reading<span class=\"screen-reader-text\"> &#8222;\/ 2014 \/ \u010dervenec \/ N\u00e1vally ve ville Vallile&#8220;<\/span><\/a><\/p>\n","protected":false},"author":6,"featured_media":0,"comment_status":"open","ping_status":"open","sticky":false,"template":"","format":"standard","meta":{"ngg_post_thumbnail":0,"footnotes":""},"categories":[222],"tags":[],"class_list":["post-2513","post","type-post","status-publish","format-standard","hentry","category-zapisnik"],"_links":{"self":[{"href":"https:\/\/www.ramus.je\/nejlepsi\/wp-json\/wp\/v2\/posts\/2513","targetHints":{"allow":["GET"]}}],"collection":[{"href":"https:\/\/www.ramus.je\/nejlepsi\/wp-json\/wp\/v2\/posts"}],"about":[{"href":"https:\/\/www.ramus.je\/nejlepsi\/wp-json\/wp\/v2\/types\/post"}],"author":[{"embeddable":true,"href":"https:\/\/www.ramus.je\/nejlepsi\/wp-json\/wp\/v2\/users\/6"}],"replies":[{"embeddable":true,"href":"https:\/\/www.ramus.je\/nejlepsi\/wp-json\/wp\/v2\/comments?post=2513"}],"version-history":[{"count":0,"href":"https:\/\/www.ramus.je\/nejlepsi\/wp-json\/wp\/v2\/posts\/2513\/revisions"}],"wp:attachment":[{"href":"https:\/\/www.ramus.je\/nejlepsi\/wp-json\/wp\/v2\/media?parent=2513"}],"wp:term":[{"taxonomy":"category","embeddable":true,"href":"https:\/\/www.ramus.je\/nejlepsi\/wp-json\/wp\/v2\/categories?post=2513"},{"taxonomy":"post_tag","embeddable":true,"href":"https:\/\/www.ramus.je\/nejlepsi\/wp-json\/wp\/v2\/tags?post=2513"}],"curies":[{"name":"wp","href":"https:\/\/api.w.org\/{rel}","templated":true}]}}