{"id":2511,"date":"2014-07-02T20:09:39","date_gmt":"2014-07-02T19:09:39","guid":{"rendered":"https:\/\/www.ramus.je\/web\/vallila\/"},"modified":"2014-07-02T20:09:39","modified_gmt":"2014-07-02T19:09:39","slug":"vallila","status":"publish","type":"post","link":"https:\/\/www.ramus.je\/nejlepsi\/vallila\/","title":{"rendered":"Vall\u00edme se do Villy Vallily"},"content":{"rendered":"<p>D\u011bkujeme v\u0161em, kdo p\u0159i\u0161li v\u010dera na St\u0159el\u00e1k, a fr\u010d\u00edme d\u00e1l!\u00a0Krom\u011b dvou letn\u00edch t\u00e1bor\u016f se letos uskute\u010dn\u00ed i &#8222;t\u00e1b\u016frek&#8220;, \u010dty\u0159denn\u00ed akce v men\u0161\u00edm po\u010dtu lid\u00ed. Vyr\u00e1\u017e\u00edme ji\u017e tento p\u00e1tek (4. 7.), vrac\u00edme se v pond\u011bl\u00ed (7. 7.), azyl n\u00e1m tentokr\u00e1t poskytne\u00a0<a href=\"http:\/\/www.vallila.cz\/\">Villa Vallila<\/a>.<\/p>\n<p>P\u0159\u00edpadn\u00e9 posily z \u0159ad asistentek a asistent\u016f p\u0159iv\u00edt\u00e1me na posledn\u00ed chv\u00edli s fanf\u00e1rami. Poje\u010fte, po\u010das\u00ed bude slun\u00ed\u010dkov\u00fd .)<\/p>\n","protected":false},"excerpt":{"rendered":"<p>D\u011bkujeme v\u0161em, kdo p\u0159i\u0161li v\u010dera na St\u0159el\u00e1k, a fr\u010d\u00edme d\u00e1l!\u00a0Krom\u011b dvou letn\u00edch t\u00e1bor\u016f se letos uskute\u010dn\u00ed i &#8222;t\u00e1b\u016frek&#8220;, \u010dty\u0159denn\u00ed akce v men\u0161\u00edm po\u010dtu lid\u00ed. Vyr\u00e1\u017e\u00edme ji\u017e tento p\u00e1tek (4. 7.), vrac\u00edme se v pond\u011bl\u00ed (7. 7.), azyl n\u00e1m tentokr\u00e1t poskytne\u00a0Villa Vallila. P\u0159\u00edpadn\u00e9 posily z \u0159ad asistentek a asistent\u016f p\u0159iv\u00edt\u00e1me na posledn\u00ed chv\u00edli s fanf\u00e1rami. Poje\u010fte, &hellip; <a href=\"https:\/\/www.ramus.je\/nejlepsi\/vallila\/\" class=\"more-link\">Continue reading<span class=\"screen-reader-text\"> &#8222;Vall\u00edme se do Villy Vallily&#8220;<\/span><\/a><\/p>\n","protected":false},"author":6,"featured_media":0,"comment_status":"open","ping_status":"open","sticky":false,"template":"","format":"standard","meta":{"ngg_post_thumbnail":0,"footnotes":""},"categories":[213],"tags":[],"class_list":["post-2511","post","type-post","status-publish","format-standard","hentry","category-novinky"],"_links":{"self":[{"href":"https:\/\/www.ramus.je\/nejlepsi\/wp-json\/wp\/v2\/posts\/2511","targetHints":{"allow":["GET"]}}],"collection":[{"href":"https:\/\/www.ramus.je\/nejlepsi\/wp-json\/wp\/v2\/posts"}],"about":[{"href":"https:\/\/www.ramus.je\/nejlepsi\/wp-json\/wp\/v2\/types\/post"}],"author":[{"embeddable":true,"href":"https:\/\/www.ramus.je\/nejlepsi\/wp-json\/wp\/v2\/users\/6"}],"replies":[{"embeddable":true,"href":"https:\/\/www.ramus.je\/nejlepsi\/wp-json\/wp\/v2\/comments?post=2511"}],"version-history":[{"count":0,"href":"https:\/\/www.ramus.je\/nejlepsi\/wp-json\/wp\/v2\/posts\/2511\/revisions"}],"wp:attachment":[{"href":"https:\/\/www.ramus.je\/nejlepsi\/wp-json\/wp\/v2\/media?parent=2511"}],"wp:term":[{"taxonomy":"category","embeddable":true,"href":"https:\/\/www.ramus.je\/nejlepsi\/wp-json\/wp\/v2\/categories?post=2511"},{"taxonomy":"post_tag","embeddable":true,"href":"https:\/\/www.ramus.je\/nejlepsi\/wp-json\/wp\/v2\/tags?post=2511"}],"curies":[{"name":"wp","href":"https:\/\/api.w.org\/{rel}","templated":true}]}}