{"id":2479,"date":"2014-05-12T00:00:00","date_gmt":"2014-05-11T23:00:00","guid":{"rendered":"https:\/\/www.ramus.je\/web\/rambarbazar14\/"},"modified":"2014-05-12T00:00:00","modified_gmt":"2014-05-11T23:00:00","slug":"rambarbazar14","status":"publish","type":"post","link":"https:\/\/www.ramus.je\/nejlepsi\/rambarbazar14\/","title":{"rendered":"\/ 2014 \/ kv\u011bten \/ Rambar limo bazar"},"content":{"rendered":"<p>U\u017e pot\u0159et\u00ed jsme se vydali zp\u0159\u00edjemnit n\u00e1\u0161vt\u011bvn\u00edk\u016fm charitativn\u00ed bazar, jeho\u017e \u010d\u00e1st v\u00fdt\u011b\u017eku putuje na aktivity Ramusu. Tentokr\u00e1t jsme s Rambarem nasadili letn\u00ed provoz a za dobrovoln\u00fd p\u0159\u00edsp\u011bv\u011bk jsme rozd\u00e1vali limon\u00e1dy, k m\u00e1n\u00ed ale bylo i kafe \u010di \u010daje. Jel n\u00e1s pln\u00fd po\u010det, dev\u011bt seda\u010dek v dod\u00e1vce = dev\u011bt lid\u00ed. \u010c\u00e1st z n\u00e1s v\u017edy obsluhovala v Rambaru, \u010d\u00e1st pom\u00e1hala s oble\u010den\u00edm vevnit\u0159 \u010di si sama vyb\u00edrala v\u011bci do \u0161atn\u00edku, \u010d\u00e1st lid\u00ed lelkovala venku a u\u017e\u00edvala si slunn\u00e9ho po\u010das\u00ed.<\/p>\n<p>D\u011bkujeme Michaele Grimm a jej\u00edmu t\u00fdmu, se kter\u00fdm s ne\u00fanavnou snahou p\u0159ipravuje bazar a d\u011bkujeme m\u00edstn\u00ed hospod\u011b za skv\u011bl\u00fd ob\u011bd!\u00a0<\/p>\n<p><strong>fotky z akce \/\u00a0<a href=\"index.php\/archiv\/galerie?view=album&#038;album=6017296896610780017&#038;page=1\">tady<\/a><\/strong><\/p>\n<p><strong>video o bazaru, kter\u00e9 vzniklo v listopadu 2013 tu:<\/strong><\/p>\n<p><strong><a href=\"https:\/\/www.youtube.com\/watch?v=GirjKnZWx5c\">http:\/\/www.youtube.com\/watch?v=GirjKnZWx5c<\/a><a href=\"https:\/\/www.youtube.com\/watch?v=GirjKnZWx5c\"><br \/><\/a><\/strong><\/p>\n","protected":false},"excerpt":{"rendered":"<p>U\u017e pot\u0159et\u00ed jsme se vydali zp\u0159\u00edjemnit n\u00e1\u0161vt\u011bvn\u00edk\u016fm charitativn\u00ed bazar, jeho\u017e \u010d\u00e1st v\u00fdt\u011b\u017eku putuje na aktivity Ramusu. Tentokr\u00e1t jsme s Rambarem nasadili letn\u00ed provoz a za dobrovoln\u00fd p\u0159\u00edsp\u011bv\u011bk jsme rozd\u00e1vali limon\u00e1dy, k m\u00e1n\u00ed ale bylo i kafe \u010di \u010daje. Jel n\u00e1s pln\u00fd po\u010det, dev\u011bt seda\u010dek v dod\u00e1vce = dev\u011bt lid\u00ed. \u010c\u00e1st z n\u00e1s v\u017edy obsluhovala v &hellip; <a href=\"https:\/\/www.ramus.je\/nejlepsi\/rambarbazar14\/\" class=\"more-link\">Continue reading<span class=\"screen-reader-text\"> &#8222;\/ 2014 \/ kv\u011bten \/ Rambar limo bazar&#8220;<\/span><\/a><\/p>\n","protected":false},"author":6,"featured_media":0,"comment_status":"open","ping_status":"open","sticky":false,"template":"","format":"standard","meta":{"ngg_post_thumbnail":0,"footnotes":""},"categories":[222],"tags":[],"class_list":["post-2479","post","type-post","status-publish","format-standard","hentry","category-zapisnik"],"_links":{"self":[{"href":"https:\/\/www.ramus.je\/nejlepsi\/wp-json\/wp\/v2\/posts\/2479","targetHints":{"allow":["GET"]}}],"collection":[{"href":"https:\/\/www.ramus.je\/nejlepsi\/wp-json\/wp\/v2\/posts"}],"about":[{"href":"https:\/\/www.ramus.je\/nejlepsi\/wp-json\/wp\/v2\/types\/post"}],"author":[{"embeddable":true,"href":"https:\/\/www.ramus.je\/nejlepsi\/wp-json\/wp\/v2\/users\/6"}],"replies":[{"embeddable":true,"href":"https:\/\/www.ramus.je\/nejlepsi\/wp-json\/wp\/v2\/comments?post=2479"}],"version-history":[{"count":0,"href":"https:\/\/www.ramus.je\/nejlepsi\/wp-json\/wp\/v2\/posts\/2479\/revisions"}],"wp:attachment":[{"href":"https:\/\/www.ramus.je\/nejlepsi\/wp-json\/wp\/v2\/media?parent=2479"}],"wp:term":[{"taxonomy":"category","embeddable":true,"href":"https:\/\/www.ramus.je\/nejlepsi\/wp-json\/wp\/v2\/categories?post=2479"},{"taxonomy":"post_tag","embeddable":true,"href":"https:\/\/www.ramus.je\/nejlepsi\/wp-json\/wp\/v2\/tags?post=2479"}],"curies":[{"name":"wp","href":"https:\/\/api.w.org\/{rel}","templated":true}]}}