{"id":24365,"date":"2025-09-01T20:51:37","date_gmt":"2025-09-01T19:51:37","guid":{"rendered":"https:\/\/www.ramus.je\/nejlepsi\/?p=24365"},"modified":"2025-09-01T20:51:37","modified_gmt":"2025-09-01T19:51:37","slug":"promitani-fotek-z-leta","status":"publish","type":"post","link":"https:\/\/www.ramus.je\/nejlepsi\/promitani-fotek-z-leta\/","title":{"rendered":"PROM\u00cdT\u00c1N\u00cd FOTEK Z L\u00c9TA"},"content":{"rendered":"\n<p>L\u00e9to je skoro za n\u00e1mi, t\u00fdp\u00ed\u010dka jsou sbalen\u00e1, louka se ukl\u00edz\u00ed a Ramus m\u00e1 zas za sebou spoustu bl\u00e1zniv\u00fdch, kr\u00e1sn\u00fdch, dojemn\u00fdch i divok\u00fdch chvil.\u00a0 P\u0159ij\u010fte spole\u010dn\u011b zavzpom\u00ednat p\u0159i tradi\u010dn\u00edm prom\u00edtku, d\u00e1t si dobrou lim\u010du a pokl\u00e1bosit s k\u00e1mo\u0161stvem. Historky a fotky z t\u00e1b\u016frku na D\u0159evomorce, drsn\u00fdho, bejby a legendov\u00fdho t\u00e1bora budeme \u017ehavit cca od 17 h. P\u0159esn\u00fd program up\u0159esn\u00edme brzy, tak sledujte fb ud\u00e1lost tady: <a href=\"https:\/\/fb.me\/e\/3cKV2itTk\">https:\/\/fb.me\/e\/3cKV2itTk<\/a><\/p>\n\n\n\n<p> T\u011b\u0161\u00edme se!\u00a0<\/p>\n\n\n\n<figure class=\"wp-block-image size-large\"><img loading=\"lazy\" decoding=\"async\" width=\"1024\" height=\"576\" src=\"https:\/\/www.ramus.je\/nejlepsi\/wp-content\/uploads\/2025\/09\/PROMITKO2025-1024x576.jpg\" alt=\"\" class=\"wp-image-24366\" srcset=\"https:\/\/www.ramus.je\/nejlepsi\/wp-content\/uploads\/2025\/09\/PROMITKO2025-1024x576.jpg 1024w, https:\/\/www.ramus.je\/nejlepsi\/wp-content\/uploads\/2025\/09\/PROMITKO2025-300x169.jpg 300w, https:\/\/www.ramus.je\/nejlepsi\/wp-content\/uploads\/2025\/09\/PROMITKO2025-768x432.jpg 768w, https:\/\/www.ramus.je\/nejlepsi\/wp-content\/uploads\/2025\/09\/PROMITKO2025-1536x864.jpg 1536w, https:\/\/www.ramus.je\/nejlepsi\/wp-content\/uploads\/2025\/09\/PROMITKO2025.jpg 1920w\" sizes=\"auto, (min-width: 960px) 75vw, 100vw\" \/><\/figure>\n","protected":false},"excerpt":{"rendered":"<p>L\u00e9to je skoro za n\u00e1mi, t\u00fdp\u00ed\u010dka jsou sbalen\u00e1, louka se ukl\u00edz\u00ed a Ramus m\u00e1 zas za sebou spoustu bl\u00e1zniv\u00fdch, kr\u00e1sn\u00fdch, dojemn\u00fdch i divok\u00fdch chvil.\u00a0 P\u0159ij\u010fte spole\u010dn\u011b zavzpom\u00ednat p\u0159i tradi\u010dn\u00edm prom\u00edtku, d\u00e1t si dobrou lim\u010du a pokl\u00e1bosit s k\u00e1mo\u0161stvem. Historky a fotky z t\u00e1b\u016frku na D\u0159evomorce, drsn\u00fdho, bejby a legendov\u00fdho t\u00e1bora budeme \u017ehavit cca od 17 &hellip; <a href=\"https:\/\/www.ramus.je\/nejlepsi\/promitani-fotek-z-leta\/\" class=\"more-link\">Continue reading<span class=\"screen-reader-text\"> &#8222;PROM\u00cdT\u00c1N\u00cd FOTEK Z L\u00c9TA&#8220;<\/span><\/a><\/p>\n","protected":false},"author":3,"featured_media":0,"comment_status":"closed","ping_status":"","sticky":false,"template":"","format":"standard","meta":{"ngg_post_thumbnail":0,"footnotes":""},"categories":[213],"tags":[],"class_list":["post-24365","post","type-post","status-publish","format-standard","hentry","category-novinky"],"_links":{"self":[{"href":"https:\/\/www.ramus.je\/nejlepsi\/wp-json\/wp\/v2\/posts\/24365","targetHints":{"allow":["GET"]}}],"collection":[{"href":"https:\/\/www.ramus.je\/nejlepsi\/wp-json\/wp\/v2\/posts"}],"about":[{"href":"https:\/\/www.ramus.je\/nejlepsi\/wp-json\/wp\/v2\/types\/post"}],"author":[{"embeddable":true,"href":"https:\/\/www.ramus.je\/nejlepsi\/wp-json\/wp\/v2\/users\/3"}],"replies":[{"embeddable":true,"href":"https:\/\/www.ramus.je\/nejlepsi\/wp-json\/wp\/v2\/comments?post=24365"}],"version-history":[{"count":1,"href":"https:\/\/www.ramus.je\/nejlepsi\/wp-json\/wp\/v2\/posts\/24365\/revisions"}],"predecessor-version":[{"id":24367,"href":"https:\/\/www.ramus.je\/nejlepsi\/wp-json\/wp\/v2\/posts\/24365\/revisions\/24367"}],"wp:attachment":[{"href":"https:\/\/www.ramus.je\/nejlepsi\/wp-json\/wp\/v2\/media?parent=24365"}],"wp:term":[{"taxonomy":"category","embeddable":true,"href":"https:\/\/www.ramus.je\/nejlepsi\/wp-json\/wp\/v2\/categories?post=24365"},{"taxonomy":"post_tag","embeddable":true,"href":"https:\/\/www.ramus.je\/nejlepsi\/wp-json\/wp\/v2\/tags?post=24365"}],"curies":[{"name":"wp","href":"https:\/\/api.w.org\/{rel}","templated":true}]}}