{"id":2436,"date":"2012-02-24T00:00:00","date_gmt":"2012-02-23T23:00:00","guid":{"rendered":"https:\/\/www.ramus.je\/web\/tovarnanatricka\/"},"modified":"2012-02-24T00:00:00","modified_gmt":"2012-02-23T23:00:00","slug":"tovarnanatricka","status":"publish","type":"post","link":"https:\/\/www.ramus.je\/nejlepsi\/tovarnanatricka\/","title":{"rendered":"\/ 2012 \/ \u00fanor \/ Tov\u00e1rna na tri\u010dka"},"content":{"rendered":"<p>V lednu se uskute\u010dnilo men\u0161\u00ed setk\u00e1n\u00ed, na kter\u00e9m pok\u0159til svoji sb\u00edrku b\u00e1sn\u00ed letit\u00fd\u00a0\u00fa\u010dastn\u00edk ramus\u00edch akc\u00ed Marek Hole\u010dek, ale hned v \u00fanoru n\u00e1s \u010dekal t\u011b\u017ek\u00fd \u00fakol!<\/p>\n<p>Bl\u00ed\u017eil se den D, benefi\u010dn\u00ed koncert, na n\u011bm\u017e jsme se cht\u011bli uk\u00e1zat v co nejlep\u0161\u00edm\u00a0sv\u011btle. Po kr\u00e1tk\u00e9m vysv\u011btlen\u00ed si, co\u017ee to ten benefi\u010dn\u00ed koncert vlastn\u011b je, jsme\u00a0za\u010dali vyr\u00e1b\u011bt tri\u010dka, je\u017e bychom na m\u00edst\u011b mohli prod\u00e1vat.<\/p>\n<p>Ka\u017ed\u00e1 skupinka dostala za \u00fakol vyrobit tisk\u00e1tko s motivem konkr\u00e9tni ud\u00e1losti,\u00a0kterou Ramus pro\u017eil v roce 2011. D\u00edky pr\u016fb\u011b\u017en\u00e9mu kolektivn\u00edmu hudebn\u00edmu\u00a0jamov\u00e1n\u00ed pr\u00e1ce p\u0159\u00edjemn\u011b ub\u00edhala. N\u011bkolik motiv\u016f m\u016f\u017eete vid\u011bt ve v\u00fdro\u010dn\u00ed zpr\u00e1v\u011b z roku 2012.<\/p>\n<p><strong>fotky \/\u00a0<a href=\"index.php\/archiv\/galerie?view=album&#038;album=5718062252839999073&#038;page=1\">nejlep\u0161\u00ed triga v\u0161ech dob<\/a><\/strong><br \/><strong>video tadyhle:<\/strong><\/p>\n<p><strong><a href=\"http:\/\/vimeo.com\/38469209\">http:\/\/vimeo.com\/38469209<\/a><\/strong><\/p>\n","protected":false},"excerpt":{"rendered":"<p>V lednu se uskute\u010dnilo men\u0161\u00ed setk\u00e1n\u00ed, na kter\u00e9m pok\u0159til svoji sb\u00edrku b\u00e1sn\u00ed letit\u00fd\u00a0\u00fa\u010dastn\u00edk ramus\u00edch akc\u00ed Marek Hole\u010dek, ale hned v \u00fanoru n\u00e1s \u010dekal t\u011b\u017ek\u00fd \u00fakol! Bl\u00ed\u017eil se den D, benefi\u010dn\u00ed koncert, na n\u011bm\u017e jsme se cht\u011bli uk\u00e1zat v co nejlep\u0161\u00edm\u00a0sv\u011btle. Po kr\u00e1tk\u00e9m vysv\u011btlen\u00ed si, co\u017ee to ten benefi\u010dn\u00ed koncert vlastn\u011b je, jsme\u00a0za\u010dali vyr\u00e1b\u011bt tri\u010dka, je\u017e &hellip; <a href=\"https:\/\/www.ramus.je\/nejlepsi\/tovarnanatricka\/\" class=\"more-link\">Continue reading<span class=\"screen-reader-text\"> &#8222;\/ 2012 \/ \u00fanor \/ Tov\u00e1rna na tri\u010dka&#8220;<\/span><\/a><\/p>\n","protected":false},"author":6,"featured_media":0,"comment_status":"open","ping_status":"open","sticky":false,"template":"","format":"standard","meta":{"ngg_post_thumbnail":0,"footnotes":""},"categories":[222],"tags":[],"class_list":["post-2436","post","type-post","status-publish","format-standard","hentry","category-zapisnik"],"_links":{"self":[{"href":"https:\/\/www.ramus.je\/nejlepsi\/wp-json\/wp\/v2\/posts\/2436","targetHints":{"allow":["GET"]}}],"collection":[{"href":"https:\/\/www.ramus.je\/nejlepsi\/wp-json\/wp\/v2\/posts"}],"about":[{"href":"https:\/\/www.ramus.je\/nejlepsi\/wp-json\/wp\/v2\/types\/post"}],"author":[{"embeddable":true,"href":"https:\/\/www.ramus.je\/nejlepsi\/wp-json\/wp\/v2\/users\/6"}],"replies":[{"embeddable":true,"href":"https:\/\/www.ramus.je\/nejlepsi\/wp-json\/wp\/v2\/comments?post=2436"}],"version-history":[{"count":0,"href":"https:\/\/www.ramus.je\/nejlepsi\/wp-json\/wp\/v2\/posts\/2436\/revisions"}],"wp:attachment":[{"href":"https:\/\/www.ramus.je\/nejlepsi\/wp-json\/wp\/v2\/media?parent=2436"}],"wp:term":[{"taxonomy":"category","embeddable":true,"href":"https:\/\/www.ramus.je\/nejlepsi\/wp-json\/wp\/v2\/categories?post=2436"},{"taxonomy":"post_tag","embeddable":true,"href":"https:\/\/www.ramus.je\/nejlepsi\/wp-json\/wp\/v2\/tags?post=2436"}],"curies":[{"name":"wp","href":"https:\/\/api.w.org\/{rel}","templated":true}]}}