{"id":23904,"date":"2025-05-01T14:49:27","date_gmt":"2025-05-01T13:49:27","guid":{"rendered":"https:\/\/www.ramus.je\/nejlepsi\/?p=23904"},"modified":"2025-05-01T14:52:51","modified_gmt":"2025-05-01T13:52:51","slug":"ramusi-blesak","status":"publish","type":"post","link":"https:\/\/www.ramus.je\/nejlepsi\/ramusi-blesak\/","title":{"rendered":"RAMUS\u00cd BLE\u0160\u00c1K"},"content":{"rendered":"\n<p>Ramus bude m\u00edt ble\u0161\u00e1k! <\/p>\n\n\n\n<p>P\u0159ij\u010f si vybrat n\u011bjak\u00e9 nov\u00e9 kousky na sebe, do knihovny nebo na poli\u010dku  Potk\u00e1me se 24. 5. v Z\u00e1zem\u00ed, kde n\u00e1s \u010dek\u00e1 krom\u011b m\u00f3dn\u00edch v\u00fdst\u0159elk\u016f i super program \u2013 bude malov\u00e1n\u00ed a vyr\u00e1b\u011bn\u00ed, diskuze o cykloinfrastruktu\u0159e v Praze a nakonec koncert kapely Roman Radkovi\u010d Collective, kter\u00e1 doraz\u00ed a\u017e z dalek\u00fdch Tav\u00edkovic! Jedine\u010dn\u00e1 mo\u017enost sly\u0161et a vid\u011bt tenhle epick\u00fd hudebn\u00ed z\u00e1\u017eitek na\u017eivo.<\/p>\n\n\n\n<p>Cel\u00e1 akce je benefice pro Ramus, tak\u017ee kdy\u017e doraz\u00ed\u0161, t\u0159eba i s k\u00e1mo\u0161stvem, podpo\u0159\u00ed\u0161 t\u00edm n\u00e1\u0161 chod! A pokud m\u00e1\u0161 doma n\u011bjak\u00e9 kousky, kter\u00e9 r\u00e1d\/r\u00e1da daruje\u0161 do ble\u0161\u00e1ku, vypl\u0148 tenhle <a href=\"https:\/\/docs.google.com\/forms\/d\/e\/1FAIpQLSeX9FbFUjf4nhvz0h34jGFMAjjBzcQ5t7jJ7I0MPMjwpzB5XA\/viewform?fbclid=IwY2xjawKAW29leHRuA2FlbQIxMABicmlkETE1MkhPekVIOTY1eDRvZndWAR5xDPQ28Pd-TStQO6bEhLsBrCB0jk816m0O3wU-28bUcJDRhb-6gjNTv6tpPw_aem_rwQSvy4E8O8aCuYgBEAVmA\" data-type=\"link\" data-id=\"https:\/\/docs.google.com\/forms\/d\/e\/1FAIpQLSeX9FbFUjf4nhvz0h34jGFMAjjBzcQ5t7jJ7I0MPMjwpzB5XA\/viewform?fbclid=IwY2xjawKAW29leHRuA2FlbQIxMABicmlkETE1MkhPekVIOTY1eDRvZndWAR5xDPQ28Pd-TStQO6bEhLsBrCB0jk816m0O3wU-28bUcJDRhb-6gjNTv6tpPw_aem_rwQSvy4E8O8aCuYgBEAVmA\">formul\u00e1\u0159: <\/a><\/p>\n\n\n\n<p><a href=\"https:\/\/docs.google.com\/forms\/d\/e\/1FAIpQLSeX9FbFUjf4nhvz0h34jGFMAjjBzcQ5t7jJ7I0MPMjwpzB5XA\/viewform?fbclid=IwY2xjawKAW29leHRuA2FlbQIxMABicmlkETE1MkhPekVIOTY1eDRvZndWAR5xDPQ28Pd-TStQO6bEhLsBrCB0jk816m0O3wU-28bUcJDRhb-6gjNTv6tpPw_aem_rwQSvy4E8O8aCuYgBEAVmA\">https:\/\/docs.google.com\/forms\/d\/e\/1FAIpQLSeX9FbFUjf4nhvz0h34jGFMAjjBzcQ5t7jJ7I0MPMjwpzB5XA\/viewform?fbclid=IwY2xjawKAW29leHRuA2FlbQIxMABicmlkETE1MkhPekVIOTY1eDRvZndWAR5xDPQ28Pd-TStQO6bEhLsBrCB0jk816m0O3wU-28bUcJDRhb-6gjNTv6tpPw_aem_rwQSvy4E8O8aCuYgBEAVmA<\/a><\/p>\n\n\n\n<p>A pro v\u00edc info koukni do popisu ud\u00e1losti: <a href=\"https:\/\/fb.me\/e\/4ygQQclLL\" rel=\"noreferrer noopener\" target=\"_blank\">https:\/\/fb.me\/e\/4ygQQclLL<\/a><\/p>\n\n\n\n<p>Za plak\u00e1tek velk\u00fd d\u00edk L\u016fce a Leon\u011b<img loading=\"lazy\" decoding=\"async\" height=\"16\" width=\"16\" src=\"https:\/\/static.xx.fbcdn.net\/images\/emoji.php\/v9\/te8\/2\/16\/1faf6.png\" alt=\"&#x1faf6;\"><img loading=\"lazy\" decoding=\"async\" height=\"16\" width=\"16\" src=\"https:\/\/static.xx.fbcdn.net\/images\/emoji.php\/v9\/t9c\/2\/16\/1f9e1.png\" alt=\"&#x1f9e1;\"><\/p>\n\n\n\n<figure class=\"wp-block-image size-large\"><img loading=\"lazy\" decoding=\"async\" width=\"707\" height=\"1024\" src=\"https:\/\/www.ramus.je\/nejlepsi\/wp-content\/uploads\/2025\/05\/plakat_final-707x1024.jpg\" alt=\"\" class=\"wp-image-23905\" srcset=\"https:\/\/www.ramus.je\/nejlepsi\/wp-content\/uploads\/2025\/05\/plakat_final-707x1024.jpg 707w, https:\/\/www.ramus.je\/nejlepsi\/wp-content\/uploads\/2025\/05\/plakat_final-207x300.jpg 207w, https:\/\/www.ramus.je\/nejlepsi\/wp-content\/uploads\/2025\/05\/plakat_final-768x1112.jpg 768w, https:\/\/www.ramus.je\/nejlepsi\/wp-content\/uploads\/2025\/05\/plakat_final-1060x1536.jpg 1060w, https:\/\/www.ramus.je\/nejlepsi\/wp-content\/uploads\/2025\/05\/plakat_final-1414x2048.jpg 1414w, https:\/\/www.ramus.je\/nejlepsi\/wp-content\/uploads\/2025\/05\/plakat_final-scaled.jpg 1767w\" sizes=\"auto, (min-width: 960px) 75vw, 100vw\" \/><\/figure>\n","protected":false},"excerpt":{"rendered":"<p>Ramus bude m\u00edt ble\u0161\u00e1k! P\u0159ij\u010f si vybrat n\u011bjak\u00e9 nov\u00e9 kousky na sebe, do knihovny nebo na poli\u010dku Potk\u00e1me se 24. 5. v Z\u00e1zem\u00ed, kde n\u00e1s \u010dek\u00e1 krom\u011b m\u00f3dn\u00edch v\u00fdst\u0159elk\u016f i super program \u2013 bude malov\u00e1n\u00ed a vyr\u00e1b\u011bn\u00ed, diskuze o cykloinfrastruktu\u0159e v Praze a nakonec koncert kapely Roman Radkovi\u010d Collective, kter\u00e1 doraz\u00ed a\u017e z dalek\u00fdch Tav\u00edkovic! &hellip; <a href=\"https:\/\/www.ramus.je\/nejlepsi\/ramusi-blesak\/\" class=\"more-link\">Continue reading<span class=\"screen-reader-text\"> &#8222;RAMUS\u00cd BLE\u0160\u00c1K&#8220;<\/span><\/a><\/p>\n","protected":false},"author":3,"featured_media":0,"comment_status":"closed","ping_status":"","sticky":false,"template":"","format":"standard","meta":{"ngg_post_thumbnail":0,"footnotes":""},"categories":[213],"tags":[],"class_list":["post-23904","post","type-post","status-publish","format-standard","hentry","category-novinky"],"_links":{"self":[{"href":"https:\/\/www.ramus.je\/nejlepsi\/wp-json\/wp\/v2\/posts\/23904","targetHints":{"allow":["GET"]}}],"collection":[{"href":"https:\/\/www.ramus.je\/nejlepsi\/wp-json\/wp\/v2\/posts"}],"about":[{"href":"https:\/\/www.ramus.je\/nejlepsi\/wp-json\/wp\/v2\/types\/post"}],"author":[{"embeddable":true,"href":"https:\/\/www.ramus.je\/nejlepsi\/wp-json\/wp\/v2\/users\/3"}],"replies":[{"embeddable":true,"href":"https:\/\/www.ramus.je\/nejlepsi\/wp-json\/wp\/v2\/comments?post=23904"}],"version-history":[{"count":2,"href":"https:\/\/www.ramus.je\/nejlepsi\/wp-json\/wp\/v2\/posts\/23904\/revisions"}],"predecessor-version":[{"id":23907,"href":"https:\/\/www.ramus.je\/nejlepsi\/wp-json\/wp\/v2\/posts\/23904\/revisions\/23907"}],"wp:attachment":[{"href":"https:\/\/www.ramus.je\/nejlepsi\/wp-json\/wp\/v2\/media?parent=23904"}],"wp:term":[{"taxonomy":"category","embeddable":true,"href":"https:\/\/www.ramus.je\/nejlepsi\/wp-json\/wp\/v2\/categories?post=23904"},{"taxonomy":"post_tag","embeddable":true,"href":"https:\/\/www.ramus.je\/nejlepsi\/wp-json\/wp\/v2\/tags?post=23904"}],"curies":[{"name":"wp","href":"https:\/\/api.w.org\/{rel}","templated":true}]}}