{"id":2379,"date":"2014-03-24T00:00:00","date_gmt":"2014-03-23T23:00:00","guid":{"rendered":"https:\/\/www.ramus.je\/web\/prvnijarnivila14\/"},"modified":"2014-03-24T00:00:00","modified_gmt":"2014-03-23T23:00:00","slug":"prvnijarnivila14","status":"publish","type":"post","link":"https:\/\/www.ramus.je\/nejlepsi\/prvnijarnivila14\/","title":{"rendered":"\/ 2014 \/ b\u0159ezen \/ Prvn\u00ed jarn\u00ed v\u00edla"},"content":{"rendered":"<p><strong><a href=\"http:\/\/www.ramus.je\/nejlepsi\/index.php\/archiv\/galerie?view=album&#038;album=5994451784096466481&#038;page=1\">FOTKY TADY<\/a><\/strong><em><\/p>\n<p>Z v\u00edkendov\u00e9ho v\u00fdletu\u00a0do Hradce Kr\u00e1lov\u00e9 vznikly hned\u00a0\u010dty\u0159i z\u00e1pisy. Vznikaly\u00a0\u017eiveln\u011b a po skupink\u00e1ch, m\u016f\u017eete proto ocenit r\u016fznorodost p\u0159\u00edstup\u016f a zpracov\u00e1n\u00ed. N\u00e1zvy\u00a0v\u017edy zna\u010d\u00ed n\u00e1zvy novin, kter\u00e9 si m\u011bly skupinky vymyslet pro naps\u00e1n\u00ed \u010dl\u00e1nku.<\/em> \u00a0<\/p>\n<p><strong>Noviny rychle a levn\u011b<\/strong><\/p>\n<p>Ramus stop jel vlakem stop do HK stop spole\u010dn\u00e1 ve\u010de\u0159e stop kytara stop spac\u00e1k stop sobota stop r\u00e1no stop rozcvi\u010dka stop sn\u00eddan\u011b stop v\u00edla p\u0159i\u0161la, jaro ne stop H\u016flka fu\u010d stop hled\u00e1me stop zbyte\u010dn\u011b stop H\u016flka ne stop daniel jo stop ob\u011bd venku stop zevl stop v\u00edla na\u0161tvan\u00e1 stop p\u00edse\u0148 pro v\u00edlu stop bud\u00edme jinak stop hur\u00e1 stop ve\u010de\u0159e stop kv\u011btinov\u00fd b\u00e1l stop zuby stop spac\u00e1k stop hry stop ob\u011bd te\u010f stop stop. \u00a0<\/p>\n<p><strong>Noviny Hele<\/strong><\/p>\n<p>Ve 3 hodiny byl sraz na Hlavn\u00edm n\u00e1dra\u017e\u00ed. Vstoupili jsme do vlaku \u2013 sm\u011br Hradec kr\u00e1lov\u00e9. Ve vlaku jsme spali, pozn\u00e1vali nov\u00e9 lidi a d\u011blali kr\u00e1viny. Kdy\u017e jsme p\u0159ijeli do m\u011bsta, vydali jsme se do klubovny Skautu. Potom jsme vybalili v\u0161echno j\u00eddlo na st\u016fl a pak jsme ho jedli a\u017e jsme ho sn\u011bdli. Po ve\u010de\u0159i jsme \u0161li sp\u00e1t.<br \/>Druh\u00fd den byla rozcvi\u010dka, hr\u00e1li jsme na Mraz\u00edka, najedli jsme se a p\u0159i\u0161la v\u00edla. Ta n\u00e1s poprosila, abychom j\u00ed pomohli naj\u00edt h\u016flku. Pak jsme j\u00ed \u0161li hledat, ale m\u00edsto h\u016flky jsme na\u0161li Daniela H\u016flku. V parku jsme vym\u00fd\u0161leli, kter\u00e1 zv\u00ed\u0159\u00e1tka sp\u00ed v zim\u011b. Kdy\u017e jsme to vymysleli, vydali jsme se zp\u00e1tky na t\u011bstovinov\u00fd ob\u011bd. Po ob\u011bd\u011b se zjevila v\u00edla a rozdala n\u00e1m ob\u00e1lky. Pot\u0159ebovala probudit je\u0161t\u011b 4 zv\u00ed\u0159\u00e1tka, tancem.\u00a0<\/p>\n<p>Vydali jsme se naj\u00edt a probudit. Kdy\u017e se tak stalo, vr\u00e1tili jsme se zp\u00e1tky, v\u00edla se n\u00e1m zase zjevila a dala n\u00e1m za odm\u011bnu kv\u011btinov\u00fd b\u00e1l, kter\u00fd byl i jako oslava narozenin Honzy. Zp\u00edvali jsme, tancovali a hr\u00e1li hudbu.<\/p>\n<p>Skon\u010dilo to v 10 hodin a pak jsme \u0161li sp\u00e1t. Dnes r\u00e1no byl hudebn\u00ed bud\u00ed\u010dek, vzbudila n\u00e1s Jitka. Po sn\u00eddani jsme hr\u00e1li na slova a te\u010f p\u00ed\u0161em tohle. Cel\u00fd den m\u00e1 b\u00fdt o\u0161klivo. \u00a0<\/p>\n<p><strong>Nov\u00e9 Kv\u011bty, ned\u011bln\u00ed vyd\u00e1n\u00ed<\/strong><\/p>\n<p>Mouchy, mu\u0161ky! A kdy\u017e se jelo vlakem, sedl si V\u00edtek k Terce a Erik byl na\u0161tvanej. Tom\u00e1\u0161 se d\u00edval z okna. Pov\u00eddali se.<\/p>\n<p>A kdo prd\u011bl? David. A Tom nemohl usnout. Tiery: \u201eM\u00e1m r\u00e1d radio a hudbu na p\u0159\u00e1n\u00ed. H\u016flku m\u00e1m r\u00e1d, hlavn\u011b tu masku.\u201c<\/p>\n<p>Jitka m\u00e1 pocit, \u017ee byla asi snad poprv\u00e9 rozcvi\u010dka.<\/p>\n<p>Tom r\u00e1d vzpom\u00edn\u00e1 na Mraz\u00edka. A pak p\u0159i\u0161la v\u00edla! Honz\u00edk slavil narozeniny, ale v\u00edla ztratila h\u016flku. \u0160la se hledat. Tiery: \u201eNa\u0161li jsme H\u016flku.\u201c (Daniela, pozn. Redakce)<\/p>\n<p>Potkali jsme kon\u00edka, dod\u00e1v\u00e1 Martinka.<\/p>\n<p>\u00dakol byl spln\u011bn\u2026 Nakonec v\u011bci, za kter\u00e9 se styd\u00edme, sem nep\u00ed\u0161em. Tiery jezdil s voz\u00edkem.<\/p>\n<p>Honza m\u011bl narozeniny r\u00e1no i ve\u010der. Tom si to u\u017e\u00edval.\u00a0<br \/>Eriku, jak\u00e1 byla d\u00edza? (ot\u00e1zka redakce)\u00a0<br \/>Erik: U\u017e\u00edval jsem si to, ale necht\u011blo se mi. Erik \u0159ekl, \u017ee m\u00e1 \u0161patnou ky\u010del, a proto nemohl tan\u010dit. (Tereza mu to zazl\u00edvala.)\u00a0<br \/>J\u00ed\u0165a: Ale Eriku, jsme si tak dob\u0159e zatrsali.\u00a0<\/p>\n<p>N\u011bkter\u00e9 ud\u00e1losti se opakovaly. Hodn\u011b se chodilo na z\u00e1chod. V\u0161ecko jsme p\u0159e\u017eili, p\u0159esto\u017ee Vojta p\u0159ipom\u00edn\u00e1 nebezpe\u010dnou voz\u00edkovou kolizi.<br \/> Z Kukel, Redakce Nov\u00fdch Kv\u011bt\u016f (ale Nov\u00fdch!) \u00a0<\/p>\n<p><strong>Noviny Pozp\u00e1tku<\/strong><\/p>\n<p>Zasedli jsme ke stolu a za st\u00e1l\u00e9ho jablen\u00ed a mrkven\u00ed chroust\u016f jsme za\u010dali ps\u00e1t: J\u00e1chym tu nebyl. Vym\u00fd\u0161leli jsme co nejv\u00edce slov od ka\u017ed\u00e9 hl\u00e1sky. Po rozcvi\u010dce jsme vstali. A \u00a0S\u00fd\u010dek, str\u00fd\u010dek, smiln\u00edk. Na\u010de\u017e byla diskot\u00e9ka. A pak jsme \u0161li sp\u00e1t.<\/p>\n<p>Tancovali jsme a zp\u00edvali. Slavili jsme narozeniny jara a p\u0159\u00edchod Honz\u00edka. D\u011blali jsme freestyle s voz\u00edky. V\u00e1zali jsme kytky. Modr\u00e9 i zelen\u00e9. Va\u0161ek m\u011bl dokonce modro-zelenou. Op\u011bt jsme tancovali a zp\u00edvali, abychom probudili zv\u00ed\u0159\u00e1tka. Ani medv\u011bd ani zaj\u00edc, ani vydra, ale zato je\u017eek, moucha, tet\u0159ev, tcho\u0159, stromy, rybn\u00edk, domy, silnice. Kluci se koupali. Brrr. Po hlav\u011b?<\/p>\n<p>P\u0159i\u0161la v\u00edla a \u0159ekla n\u00e1m, \u017ee mus\u00edme zv\u00ed\u0159\u00e1tka probudit sami, proto\u017ee jsme nena\u0161li jej\u00ed h\u016flku. Na\u0161li nena\u0161li, vad\u00ed nevad\u00ed, nen\u00ed h\u016flka jako H\u016flka. Potkali jsme ho u h\u0159bitova. Skl\u00e1dka smrd\u00ed. R\u016f\u017eov\u00e1 jarn\u00ed v\u00edla ztratila svou kouzelnou h\u016flku. Zase rozcvi\u010dka a vst\u00e1t. A sp\u00e1t. V seznamovac\u00edm kole\u010dku jsme si pov\u011bd\u011bli jm\u00e9na a co kdo m\u00e1 a nem\u00e1 r\u00e1d. M\u00e1te r\u00e1di k\u0159en? P\u0159ijeli jsme vlakem do Hradce Kr\u00e1lov\u00e9. Kartin se neztratil. Zat\u00edm. Nakonec jsme se setkali na Hlavn\u00edm n\u00e1dra\u017e\u00ed. Je\u017eku, je\u017eku, m\u00e1\u0161 na hlav\u011b ple\u0161ku! \u00a0<\/p>\n","protected":false},"excerpt":{"rendered":"<p>FOTKY TADY Z v\u00edkendov\u00e9ho v\u00fdletu\u00a0do Hradce Kr\u00e1lov\u00e9 vznikly hned\u00a0\u010dty\u0159i z\u00e1pisy. Vznikaly\u00a0\u017eiveln\u011b a po skupink\u00e1ch, m\u016f\u017eete proto ocenit r\u016fznorodost p\u0159\u00edstup\u016f a zpracov\u00e1n\u00ed. N\u00e1zvy\u00a0v\u017edy zna\u010d\u00ed n\u00e1zvy novin, kter\u00e9 si m\u011bly skupinky vymyslet pro naps\u00e1n\u00ed \u010dl\u00e1nku. \u00a0 Noviny rychle a levn\u011b Ramus stop jel vlakem stop do HK stop spole\u010dn\u00e1 ve\u010de\u0159e stop kytara stop spac\u00e1k stop sobota stop &hellip; <a href=\"https:\/\/www.ramus.je\/nejlepsi\/prvnijarnivila14\/\" class=\"more-link\">Continue reading<span class=\"screen-reader-text\"> &#8222;\/ 2014 \/ b\u0159ezen \/ Prvn\u00ed jarn\u00ed v\u00edla&#8220;<\/span><\/a><\/p>\n","protected":false},"author":5,"featured_media":0,"comment_status":"open","ping_status":"open","sticky":false,"template":"","format":"standard","meta":{"ngg_post_thumbnail":0,"footnotes":""},"categories":[222],"tags":[],"class_list":["post-2379","post","type-post","status-publish","format-standard","hentry","category-zapisnik"],"_links":{"self":[{"href":"https:\/\/www.ramus.je\/nejlepsi\/wp-json\/wp\/v2\/posts\/2379","targetHints":{"allow":["GET"]}}],"collection":[{"href":"https:\/\/www.ramus.je\/nejlepsi\/wp-json\/wp\/v2\/posts"}],"about":[{"href":"https:\/\/www.ramus.je\/nejlepsi\/wp-json\/wp\/v2\/types\/post"}],"author":[{"embeddable":true,"href":"https:\/\/www.ramus.je\/nejlepsi\/wp-json\/wp\/v2\/users\/5"}],"replies":[{"embeddable":true,"href":"https:\/\/www.ramus.je\/nejlepsi\/wp-json\/wp\/v2\/comments?post=2379"}],"version-history":[{"count":0,"href":"https:\/\/www.ramus.je\/nejlepsi\/wp-json\/wp\/v2\/posts\/2379\/revisions"}],"wp:attachment":[{"href":"https:\/\/www.ramus.je\/nejlepsi\/wp-json\/wp\/v2\/media?parent=2379"}],"wp:term":[{"taxonomy":"category","embeddable":true,"href":"https:\/\/www.ramus.je\/nejlepsi\/wp-json\/wp\/v2\/categories?post=2379"},{"taxonomy":"post_tag","embeddable":true,"href":"https:\/\/www.ramus.je\/nejlepsi\/wp-json\/wp\/v2\/tags?post=2379"}],"curies":[{"name":"wp","href":"https:\/\/api.w.org\/{rel}","templated":true}]}}