{"id":23701,"date":"2025-04-08T13:10:43","date_gmt":"2025-04-08T12:10:43","guid":{"rendered":"https:\/\/www.ramus.je\/nejlepsi\/?p=23701"},"modified":"2025-04-08T13:10:43","modified_gmt":"2025-04-08T12:10:43","slug":"ramus-mel-oslavu-a-byly-tam-trpytky-a-slavnostni-saty","status":"publish","type":"post","link":"https:\/\/www.ramus.je\/nejlepsi\/ramus-mel-oslavu-a-byly-tam-trpytky-a-slavnostni-saty\/","title":{"rendered":"RAMUS M\u011aL OSLAVU A BYLY TAM T\u0158PYTKY A SLAVNOSTN\u00cd \u0160ATY"},"content":{"rendered":"\n<p>Tak u\u017e je po b\u00e1lu, a p\u0159\u00e1tel\u00e9, byl to doj\u00e1k! Obrovsk\u00e9 d\u00edky v\u0161em, kdo jste dorazili \u2013 zp\u00edvat, tvo\u0159it, tan\u010dit a hlavn\u011b slavit 15 let ramus\u00ed existence! <img loading=\"lazy\" decoding=\"async\" height=\"16\" width=\"16\" src=\"https:\/\/static.xx.fbcdn.net\/images\/emoji.php\/v9\/te8\/2\/16\/1faf6.png\" alt=\"&#x1faf6;\"><\/p>\n\n\n\n<p>Program toho sice sliboval spoustu, ale bylo toho je\u0161t\u011b mnohem v\u00edc! Vynikaj\u00edc\u00ed topinky na p\u0159enosn\u00fdch venkovn\u00edch kam\u00ednk\u00e1ch od \u0160t\u011bp\u00e1na \u0160varce, v\u00fdrobky z keramiky v\u0161ech mo\u017en\u00fdch podob a tvar\u016f, oscarov\u00e9 \u0161aty spolumoder\u00e1torky Toni\u010dky Z., lekce spole\u010densk\u00fdch tanc\u016f s Klaudi\u00ed a vrchn\u00ed tane\u010dnic\u00ed Agi, nezapomenuteln\u00e9 moder\u00e1torsk\u00e9 vsuvky Honzy Kudl\u00e1\u010dka s je\u0161t\u011b nezapomenuteln\u011bj\u0161\u00edm p\u011bveck\u00fdm vystoupen\u00edm, Erikovo chvilkov\u00e9 hostov\u00e1n\u00ed v te\u010f u\u017e legend\u00e1rn\u00ed kapele Bubnuj nebo Hraj, \u010di pestr\u00e1 tombola pln\u00e1 v\u011bc\u00ed, o kter\u00fdch jste ani nev\u011bd\u011bli, \u017ee je pot\u0159ebujete\u2026<\/p>\n\n\n\n<p>Prost\u011b t\u0159pytky l\u00edtaly vzduchem, na parketu se po\u0159\u00e1d tan\u010dilo a i p\u0159es zamra\u010den\u00e9 po\u010das\u00ed se n\u00e1m poda\u0159ilo roz\u017eehnout oh\u00fdnek! Ramusu jsme v\u0161ichni pop\u0159\u00e1li jen to nejlep\u0161\u00ed a alespo\u0148 je\u0161t\u011b t\u0159ikr\u00e1t tolik let! A\u0165 \u017eije!<img loading=\"lazy\" decoding=\"async\" height=\"16\" width=\"16\" src=\"https:\/\/static.xx.fbcdn.net\/images\/emoji.php\/v9\/t75\/2\/16\/2728.png\" alt=\"&#x2728;\"><\/p>\n\n\n\n<p>Dal\u0161\u00ed momenty, kter\u00e9 chytnou za srdce, najdete v galerii na fotk\u00e1ch od Emy Mih\u00e1lov\u00e9 a Hanky Hroudov\u00e9: <a href=\"https:\/\/www.ramus.je\/nejlepsi\/galerie\/fotky\/oslava-15-let-ramus?fbclid=IwZXh0bgNhZW0CMTAAAR4oftXOTMcIgy29FfrlJFPXK059zj1v0J7F3WbZptni1KRpAUUf8TMm2w2PSQ_aem_AWi9kanVdXzEeqoifWlc-g\" target=\"_blank\" rel=\"noreferrer noopener\">https:\/\/www.ramus.je\/&#8230;\/galerie\/fotky\/oslava-15-let-ramus<\/a><\/p>\n\n\n\n<p>Tis\u00edcer\u00e9 d\u00edky! <img loading=\"lazy\" decoding=\"async\" height=\"16\" width=\"16\" alt=\"&#x1f389;\" src=\"https:\/\/static.xx.fbcdn.net\/images\/emoji.php\/v9\/t2b\/2\/16\/1f389.png\"><img loading=\"lazy\" decoding=\"async\" height=\"16\" width=\"16\" alt=\"&#x1f525;\" src=\"https:\/\/static.xx.fbcdn.net\/images\/emoji.php\/v9\/tef\/2\/16\/1f525.png\"><\/p>\n\n\n\n<figure class=\"wp-block-image size-large\"><img loading=\"lazy\" decoding=\"async\" width=\"1024\" height=\"683\" src=\"https:\/\/www.ramus.je\/nejlepsi\/wp-content\/uploads\/2025\/04\/4W1A4189-1024x683.jpg\" alt=\"\" class=\"wp-image-23702\" srcset=\"https:\/\/www.ramus.je\/nejlepsi\/wp-content\/uploads\/2025\/04\/4W1A4189-1024x683.jpg 1024w, https:\/\/www.ramus.je\/nejlepsi\/wp-content\/uploads\/2025\/04\/4W1A4189-300x200.jpg 300w, https:\/\/www.ramus.je\/nejlepsi\/wp-content\/uploads\/2025\/04\/4W1A4189-768x512.jpg 768w, https:\/\/www.ramus.je\/nejlepsi\/wp-content\/uploads\/2025\/04\/4W1A4189-1536x1024.jpg 1536w, https:\/\/www.ramus.je\/nejlepsi\/wp-content\/uploads\/2025\/04\/4W1A4189-1200x800.jpg 1200w, https:\/\/www.ramus.je\/nejlepsi\/wp-content\/uploads\/2025\/04\/4W1A4189-720x480.jpg 720w, https:\/\/www.ramus.je\/nejlepsi\/wp-content\/uploads\/2025\/04\/4W1A4189.jpg 1800w\" sizes=\"auto, (min-width: 960px) 75vw, 100vw\" \/><\/figure>\n","protected":false},"excerpt":{"rendered":"<p>Tak u\u017e je po b\u00e1lu, a p\u0159\u00e1tel\u00e9, byl to doj\u00e1k! Obrovsk\u00e9 d\u00edky v\u0161em, kdo jste dorazili \u2013 zp\u00edvat, tvo\u0159it, tan\u010dit a hlavn\u011b slavit 15 let ramus\u00ed existence! Program toho sice sliboval spoustu, ale bylo toho je\u0161t\u011b mnohem v\u00edc! Vynikaj\u00edc\u00ed topinky na p\u0159enosn\u00fdch venkovn\u00edch kam\u00ednk\u00e1ch od \u0160t\u011bp\u00e1na \u0160varce, v\u00fdrobky z keramiky v\u0161ech mo\u017en\u00fdch podob a tvar\u016f, &hellip; <a href=\"https:\/\/www.ramus.je\/nejlepsi\/ramus-mel-oslavu-a-byly-tam-trpytky-a-slavnostni-saty\/\" class=\"more-link\">Continue reading<span class=\"screen-reader-text\"> &#8222;RAMUS M\u011aL OSLAVU A BYLY TAM T\u0158PYTKY A SLAVNOSTN\u00cd \u0160ATY&#8220;<\/span><\/a><\/p>\n","protected":false},"author":3,"featured_media":0,"comment_status":"closed","ping_status":"","sticky":false,"template":"","format":"standard","meta":{"ngg_post_thumbnail":0,"footnotes":""},"categories":[213],"tags":[],"class_list":["post-23701","post","type-post","status-publish","format-standard","hentry","category-novinky"],"_links":{"self":[{"href":"https:\/\/www.ramus.je\/nejlepsi\/wp-json\/wp\/v2\/posts\/23701","targetHints":{"allow":["GET"]}}],"collection":[{"href":"https:\/\/www.ramus.je\/nejlepsi\/wp-json\/wp\/v2\/posts"}],"about":[{"href":"https:\/\/www.ramus.je\/nejlepsi\/wp-json\/wp\/v2\/types\/post"}],"author":[{"embeddable":true,"href":"https:\/\/www.ramus.je\/nejlepsi\/wp-json\/wp\/v2\/users\/3"}],"replies":[{"embeddable":true,"href":"https:\/\/www.ramus.je\/nejlepsi\/wp-json\/wp\/v2\/comments?post=23701"}],"version-history":[{"count":2,"href":"https:\/\/www.ramus.je\/nejlepsi\/wp-json\/wp\/v2\/posts\/23701\/revisions"}],"predecessor-version":[{"id":23704,"href":"https:\/\/www.ramus.je\/nejlepsi\/wp-json\/wp\/v2\/posts\/23701\/revisions\/23704"}],"wp:attachment":[{"href":"https:\/\/www.ramus.je\/nejlepsi\/wp-json\/wp\/v2\/media?parent=23701"}],"wp:term":[{"taxonomy":"category","embeddable":true,"href":"https:\/\/www.ramus.je\/nejlepsi\/wp-json\/wp\/v2\/categories?post=23701"},{"taxonomy":"post_tag","embeddable":true,"href":"https:\/\/www.ramus.je\/nejlepsi\/wp-json\/wp\/v2\/tags?post=23701"}],"curies":[{"name":"wp","href":"https:\/\/api.w.org\/{rel}","templated":true}]}}