{"id":2338,"date":"2013-12-17T00:00:00","date_gmt":"2013-12-16T23:00:00","guid":{"rendered":"https:\/\/www.ramus.je\/web\/rambal-2\/"},"modified":"2013-12-17T00:00:00","modified_gmt":"2013-12-16T23:00:00","slug":"rambal-2","status":"publish","type":"post","link":"https:\/\/www.ramus.je\/nejlepsi\/rambal-2\/","title":{"rendered":"\/ 2013 \/ prosinec \/ Ramb\u00e1l"},"content":{"rendered":"<p><strong>zapsal \/ Honz\u00edk<br \/><\/strong><strong>fotky \/\u00a0<a href=\"index.php\/archiv\/galerie?view=album&#038;album=5960734868350858369&#038;page=1\">zde<\/a><\/strong><\/p>\n<p>\u00a0T\u00fdden p\u0159ed V\u00e1noci,\u00a0v\u011bt\u0161ina lid\u00ed sh\u00e1n\u00ed d\u00e1rky na posledn\u00ed chv\u00edli a za\u010d\u00edn\u00e1 se pomalu oslavovat.\u00a0Ramus se rozhodl, \u017ee bude tak\u00e9 oslavovat. M\u00e1 pro\u010d. Funguje toti\u017e u\u017e \u010dty\u0159i roky, rozjel spoustu nov\u00fdchaktivit a jde mu to, ale hlavn\u011b za n\u00edm stoj\u00ed spousta p\u0159\u00e1tel. To je dost d\u016fvod\u016f pro\u010d slavit, ne?<\/p>\n<p>Uspo\u0159\u00e1dat benefi\u010dn\u00ed akci do \u010dtrn\u00e1cti dn\u016f byla v\u00fdzva, ale v\u0161ichni, kdo mohli, pomohli. Jak asistenti, tak klienti, rodi\u010de, kamar\u00e1di i sponzo\u0159i. Vlastn\u011b se se\u0161la ta cel\u00e1 Ramus\u00ed rodina, jak by se ve v\u00e1no\u010dn\u00edm \u010dase sej\u00edt m\u011bla a v\u0161echno \u0161lo dob\u0159e. \u00a0<\/p>\n<p>Okolo sedm\u00e9 se za\u010dali trousit prvn\u00ed host\u00e9 do galerie Divus, pobl\u00ed\u017e metra Vltavsk\u00e1, d\u00e1my ve ve\u010dern\u00edch r\u00f3b\u00e1ch, p\u00e1nov\u00e9 v s\u00e1\u010dk\u00e1ch. Za\u010dal hr\u00e1t Martin Chik a Ondra Bal\u00edk, aby se v bluesov\u00e9m rytmu dostali v\u0161ichni rychle do vesel\u00e9 n\u00e1lady po p\u0159\u00edchodu z mrazu a aby se l\u00e9pe tr\u00e1vily dobroty p\u0159ipraven\u00e9 asistentkami a maminkami.\u00a0T\u011bm pat\u0159\u00ed velk\u00e9 d\u00edky, proto\u017ee to bylo v\u00fdborn\u00fd (speci\u00e1ln\u00ed cena p\u0159ipadla Jemn\u011b fialov\u00e9 pomaz\u00e1nce)! \u00a0<\/p>\n<p>N\u00e1sledovalo p\u0159ed\u00e1n\u00ed daru od \u010ceskomoravsk\u00e9 stavebn\u00ed spo\u0159itelny v hodnot\u011b pades\u00e1ti tis\u00edc, d\u00edky kter\u00e9mu jsme celou akci mohli uspo\u0159\u00e1dat. I my jsme cht\u011bli ud\u011blat radost, a proto\u017ee spo\u0159itelna r\u00e1da pom\u00e1h\u00e1 stav\u011bt, dostala od n\u00e1s malbu dome\u010dku, kterou jsme spole\u010dn\u011b vyrobili na v\u00edkendu u Do\u0148ova. \u00a0<\/p>\n<p>U um\u011bn\u00ed jsme z\u016fstali, jen jsme se p\u0159esunuli k tanci. Ten triumfoval tangem, tu\u0161\u00edm. Ka\u017edop\u00e1dn\u011b n\u00e1\u0161 kolega Dominik n\u00e1m se svoj\u00ed p\u0159ekr\u00e1snou partnerkou par\u00e1dn\u011b p\u0159edtan\u010dil. Pokra\u010dovalo p\u0159edstaven\u00ed platformy, kterou Ramus vytv\u00e1\u0159\u00ed, abychom mohli vz\u00e1p\u011bt\u00ed vyu\u017e\u00edt okoukan\u00e9 fenomen\u00e1ln\u00ed figury. Fakticky. \u00a0<\/p>\n<p>K tomu zahr\u00e1la kapela Circus probl\u00e9m a v balk\u00e1nsk\u00fdch rytmech se zaplnila tane\u010dn\u00ed plocha. Tan\u010dili snad v\u0161ichni &#8211; rodi\u010de, d\u011bti, velc\u00ed, mal\u00ed,\u00a0dokud mohl\u00ed. Kdy\u017e u\u017e nemohl Circus, nahradil ho DJ Disko\u010d\u00ed a bylo jasn\u00e9, \u017ee to rozto\u010d\u00ed. Hr\u00e1l a\u017e pozd\u011b do noce, u\u017eijte si V\u00e1noce! \u00a0<\/p>\n<p><strong><a href=\"index.php?option=com_wgpicasa&#038;view=album&#038;album=5960734868350858369&#038;page=1&#038;Itemid=30\">\u00a0<\/a><\/strong><\/p>\n","protected":false},"excerpt":{"rendered":"<p>zapsal \/ Honz\u00edkfotky \/\u00a0zde \u00a0T\u00fdden p\u0159ed V\u00e1noci,\u00a0v\u011bt\u0161ina lid\u00ed sh\u00e1n\u00ed d\u00e1rky na posledn\u00ed chv\u00edli a za\u010d\u00edn\u00e1 se pomalu oslavovat.\u00a0Ramus se rozhodl, \u017ee bude tak\u00e9 oslavovat. M\u00e1 pro\u010d. Funguje toti\u017e u\u017e \u010dty\u0159i roky, rozjel spoustu nov\u00fdchaktivit a jde mu to, ale hlavn\u011b za n\u00edm stoj\u00ed spousta p\u0159\u00e1tel. To je dost d\u016fvod\u016f pro\u010d slavit, ne? Uspo\u0159\u00e1dat benefi\u010dn\u00ed akci &hellip; <a href=\"https:\/\/www.ramus.je\/nejlepsi\/rambal-2\/\" class=\"more-link\">Continue reading<span class=\"screen-reader-text\"> &#8222;\/ 2013 \/ prosinec \/ Ramb\u00e1l&#8220;<\/span><\/a><\/p>\n","protected":false},"author":5,"featured_media":0,"comment_status":"open","ping_status":"open","sticky":false,"template":"","format":"standard","meta":{"ngg_post_thumbnail":0,"footnotes":""},"categories":[222],"tags":[],"class_list":["post-2338","post","type-post","status-publish","format-standard","hentry","category-zapisnik"],"_links":{"self":[{"href":"https:\/\/www.ramus.je\/nejlepsi\/wp-json\/wp\/v2\/posts\/2338","targetHints":{"allow":["GET"]}}],"collection":[{"href":"https:\/\/www.ramus.je\/nejlepsi\/wp-json\/wp\/v2\/posts"}],"about":[{"href":"https:\/\/www.ramus.je\/nejlepsi\/wp-json\/wp\/v2\/types\/post"}],"author":[{"embeddable":true,"href":"https:\/\/www.ramus.je\/nejlepsi\/wp-json\/wp\/v2\/users\/5"}],"replies":[{"embeddable":true,"href":"https:\/\/www.ramus.je\/nejlepsi\/wp-json\/wp\/v2\/comments?post=2338"}],"version-history":[{"count":0,"href":"https:\/\/www.ramus.je\/nejlepsi\/wp-json\/wp\/v2\/posts\/2338\/revisions"}],"wp:attachment":[{"href":"https:\/\/www.ramus.je\/nejlepsi\/wp-json\/wp\/v2\/media?parent=2338"}],"wp:term":[{"taxonomy":"category","embeddable":true,"href":"https:\/\/www.ramus.je\/nejlepsi\/wp-json\/wp\/v2\/categories?post=2338"},{"taxonomy":"post_tag","embeddable":true,"href":"https:\/\/www.ramus.je\/nejlepsi\/wp-json\/wp\/v2\/tags?post=2338"}],"curies":[{"name":"wp","href":"https:\/\/api.w.org\/{rel}","templated":true}]}}