{"id":2331,"date":"2013-11-23T00:00:00","date_gmt":"2013-11-22T23:00:00","guid":{"rendered":"https:\/\/www.ramus.je\/web\/drsnovikend13\/"},"modified":"2013-11-23T00:00:00","modified_gmt":"2013-11-22T23:00:00","slug":"drsnovikend13","status":"publish","type":"post","link":"https:\/\/www.ramus.je\/nejlepsi\/drsnovikend13\/","title":{"rendered":"\/ 2013 \/ listopad \/ Van Damme drsnov\u00edkend"},"content":{"rendered":"<p><strong>zapsala \/ Ani\u010dka<br \/><\/strong><strong>fotky \/\u00a0<a href=\"index.php\/archiv\/galerie?view=album&#038;album=5951330061446163873&#038;page=1\">zde Van Damme fotky<\/a><\/strong><\/p>\n<p>Ramus se v p\u00e1tek 20.11. vydal na svou historicky prvn\u00ed drsnou v\u00edkendovku. Ta se uskute\u010dnila na chalup\u011b jednoho z na\u0161ich \u010dlen\u016f v mal\u00e9 vesni\u010dce Ple\u0161ivec nedaleko \u010cesk\u00e9 L\u00edpy.\u00a0Nenechte se p\u0159\u00edli\u0161 zm\u00e1st ozna\u010den\u00edm v\u00edkendu, jako drsn\u00fd\u2026\u00a0Sp\u00ed\u0161e ne\u017e o cokoliv vylo\u017een\u00e9 drsn\u00e9ho, se jednalo o snahu nav\u00e1zat na n\u00e1\u0161 (nep\u0159\u00edli\u0161 klasick\u00fd) letn\u00ed t\u00e1bor ur\u010den\u00fd pro star\u0161\u00ed a zku\u0161en\u011bj\u0161\u00ed \u010dleny Ramusu, a kter\u00fd t\u00e9\u017e nese p\u0159\u00eddomek \u201edrsn\u00fd\u201c. \u00a0\u00a0<\/p>\n<p>Program na v\u00edkend byl jednoduch\u00fd, \u0159\u00e1dn\u011b se pobavit, u\u017e\u00edt si okoln\u00ed p\u0159\u00edrodu (CHKO Koko\u0159\u00ednsko) a pokusit se spole\u010dn\u011b vytvo\u0159it n\u011bjak\u00fd hmatateln\u00fd v\u00fdstup pou\u017eiteln\u00fd pro ramus\u00ed\u00a0&#8222;PRopagandu&#8220;. Pokud jde o prvn\u00ed pl\u00e1n (t\u00fdkaj\u00edc\u00ed se z\u00e1bavy), toho se v\u011bt\u0161ina chopila velmi odv\u00e1\u017en\u011b a hlavn\u011b ve\u010dery v &#8222;kon\u00edrn\u011b&#8220; u ohn\u011b byly opravdu v\u00fd\u017eivn\u00e9: bu\u0159ty, pivo, grilovan\u00e9 hermel\u00edny, kytara&#8230;\u00a0 \u00a0<\/p>\n<p>Druh\u00fd pl\u00e1n (v\u00fdletnick\u00fd) se bohu\u017eel s ohledem na pozdn\u00ed vst\u00e1v\u00e1n\u00ed a brzk\u00fd z\u00e1pad slunce nezrealizoval zrovna naplno. Nicm\u00e9n\u011b i mal\u00e1 odpoledn\u00ed vych\u00e1zka zakon\u010den\u00e1 sci-fi pohledem na ob\u0159\u00ed satelity \u00dastavu fyziky atmosf\u00e9ry Akademie v\u011bd \u010cR v Pansk\u00e9 vsi se pr\u00fd po\u010d\u00edt\u00e1 \ud83d\ude42 \u00a0<\/p>\n<p>No a pokud jde o ten t\u0159et\u00ed \u00fakol, nato\u010dili jsme dv\u011b kr\u00e1tk\u00e1 videa. Prvn\u00ed video je o na\u0161\u00ed modr\u00e9 frajerce dod\u00e1vce a z\u00e1t\u011b\u017eov\u00e9 zkou\u0161ce \u201eKolik Ramus\u00e1k\u016f se do n\u00ed vejde?!\u201c (odpov\u011b\u010f na ot\u00e1zku, co v\u0161echno se d\u00e1 i krom Ramus\u00e1k\u016f do dod\u00e1vky nacpat najdete na na\u0161em video dole pod \u010dl\u00e1nkem).<\/p>\n<p>Druh\u00e9 video byl sp\u00ed\u0161 takov\u00fd hec &#8211; zparodovat Van Damm\u016fv \u201eepic split\u201c, kter\u00fd se tou dobou bleskov\u011b \u0161\u00ed\u0159il po internetech. Na\u0161e verze dopadla a my jsme samoz\u0159ejm\u011b p\u0159esv\u011bd\u010den\u00ed, \u017ee je mnohem lep\u0161\u00ed ne\u017e origin\u00e1l. \ud83d\ude00\u00a0 \u00a0<\/p>\n<p>O na\u0161em videu informovalo n\u011bkolik web\u016f a s t\u00e9m\u011b\u0159 30.000 shl\u00e9dnut\u00edmi ho ozna\u010dily za &#8222;vir\u00e1ln\u00ed video&#8220;.<a href=\"http:\/\/www.mediaguru.cz\/2013\/11\/van-dammova-lekce-jak-udelat-viral\/#.Uqoe3_TuKSo\"><br \/><\/a><\/p>\n<p>Prvn\u00ed drsnov\u00edkendovku lze shrnout jako akci v\u00edcem\u00e9n\u011b vyda\u0159enou, mysl\u00edm, \u017ee jsme si j\u00ed v\u0161ichni u\u017eili a v po\u0159\u00e1d\u00e1n\u00ed drsnov\u00edkend\u016f budeme tedy r\u00e1di pokra\u010dovat. \u00a0<\/p>\n<p><strong><a href=\"index.php?option=com_wgpicasa&#038;view=album&#038;album=5951330061446163873&#038;page=1&#038;Itemid=30\">\u00a0<\/a><\/strong><\/p>\n<p><a href=\"http:\/\/www.youtube.com\/watch?v=-vnOsyKYB2o\">http:\/\/www.youtube.com\/watch?v=-vnOsyKYB2o<\/a><a href=\"http:\/\/www.youtube.com\/watch?v=-vnOsyKYB2o\"><\/a><\/p>\n<p><a href=\"http:\/\/www.youtube.com\/watch?v=WJiwF-TpK_o\">http:\/\/www.youtube.com\/watch?v=WJiwF-TpK_o<\/a><\/p>\n<p><strong>\u00a0<\/strong><\/p>\n","protected":false},"excerpt":{"rendered":"<p>zapsala \/ Ani\u010dkafotky \/\u00a0zde Van Damme fotky Ramus se v p\u00e1tek 20.11. vydal na svou historicky prvn\u00ed drsnou v\u00edkendovku. Ta se uskute\u010dnila na chalup\u011b jednoho z na\u0161ich \u010dlen\u016f v mal\u00e9 vesni\u010dce Ple\u0161ivec nedaleko \u010cesk\u00e9 L\u00edpy.\u00a0Nenechte se p\u0159\u00edli\u0161 zm\u00e1st ozna\u010den\u00edm v\u00edkendu, jako drsn\u00fd\u2026\u00a0Sp\u00ed\u0161e ne\u017e o cokoliv vylo\u017een\u00e9 drsn\u00e9ho, se jednalo o snahu nav\u00e1zat na n\u00e1\u0161 (nep\u0159\u00edli\u0161 &hellip; <a href=\"https:\/\/www.ramus.je\/nejlepsi\/drsnovikend13\/\" class=\"more-link\">Continue reading<span class=\"screen-reader-text\"> &#8222;\/ 2013 \/ listopad \/ Van Damme drsnov\u00edkend&#8220;<\/span><\/a><\/p>\n","protected":false},"author":5,"featured_media":0,"comment_status":"open","ping_status":"open","sticky":false,"template":"","format":"standard","meta":{"ngg_post_thumbnail":0,"footnotes":""},"categories":[222],"tags":[],"class_list":["post-2331","post","type-post","status-publish","format-standard","hentry","category-zapisnik"],"_links":{"self":[{"href":"https:\/\/www.ramus.je\/nejlepsi\/wp-json\/wp\/v2\/posts\/2331","targetHints":{"allow":["GET"]}}],"collection":[{"href":"https:\/\/www.ramus.je\/nejlepsi\/wp-json\/wp\/v2\/posts"}],"about":[{"href":"https:\/\/www.ramus.je\/nejlepsi\/wp-json\/wp\/v2\/types\/post"}],"author":[{"embeddable":true,"href":"https:\/\/www.ramus.je\/nejlepsi\/wp-json\/wp\/v2\/users\/5"}],"replies":[{"embeddable":true,"href":"https:\/\/www.ramus.je\/nejlepsi\/wp-json\/wp\/v2\/comments?post=2331"}],"version-history":[{"count":0,"href":"https:\/\/www.ramus.je\/nejlepsi\/wp-json\/wp\/v2\/posts\/2331\/revisions"}],"wp:attachment":[{"href":"https:\/\/www.ramus.je\/nejlepsi\/wp-json\/wp\/v2\/media?parent=2331"}],"wp:term":[{"taxonomy":"category","embeddable":true,"href":"https:\/\/www.ramus.je\/nejlepsi\/wp-json\/wp\/v2\/categories?post=2331"},{"taxonomy":"post_tag","embeddable":true,"href":"https:\/\/www.ramus.je\/nejlepsi\/wp-json\/wp\/v2\/tags?post=2331"}],"curies":[{"name":"wp","href":"https:\/\/api.w.org\/{rel}","templated":true}]}}