{"id":23135,"date":"2025-03-10T13:34:51","date_gmt":"2025-03-10T12:34:51","guid":{"rendered":"https:\/\/www.ramus.je\/nejlepsi\/?p=23135"},"modified":"2025-03-10T13:41:08","modified_gmt":"2025-03-10T12:41:08","slug":"oslava-15-let-ramusu-v-habrovce","status":"publish","type":"post","link":"https:\/\/www.ramus.je\/nejlepsi\/oslava-15-let-ramusu-v-habrovce\/","title":{"rendered":"OSLAVA 15 LET RAMUSU V HABROVCE"},"content":{"rendered":"\n<p><\/p>\n\n\n<div class=\"wp-block-image\">\n<figure class=\"aligncenter size-large is-resized\"><img loading=\"lazy\" decoding=\"async\" width=\"724\" height=\"1024\" src=\"https:\/\/www.ramus.je\/nejlepsi\/wp-content\/uploads\/2025\/03\/ramusbal-724x1024.jpg\" alt=\"\" class=\"wp-image-23136\" style=\"width:553px;height:auto\" srcset=\"https:\/\/www.ramus.je\/nejlepsi\/wp-content\/uploads\/2025\/03\/ramusbal-724x1024.jpg 724w, https:\/\/www.ramus.je\/nejlepsi\/wp-content\/uploads\/2025\/03\/ramusbal-212x300.jpg 212w, https:\/\/www.ramus.je\/nejlepsi\/wp-content\/uploads\/2025\/03\/ramusbal-768x1086.jpg 768w, https:\/\/www.ramus.je\/nejlepsi\/wp-content\/uploads\/2025\/03\/ramusbal-1086x1536.jpg 1086w, https:\/\/www.ramus.je\/nejlepsi\/wp-content\/uploads\/2025\/03\/ramusbal-1448x2048.jpg 1448w, https:\/\/www.ramus.je\/nejlepsi\/wp-content\/uploads\/2025\/03\/ramusbal-scaled.jpg 1810w\" sizes=\"auto, (min-width: 960px) 75vw, 100vw\" \/><\/figure>\n<\/div>\n\n\n<p><\/p>\n\n\n\n<p><strong>Zdrav\u00edme ve\u0161ker\u00e9 ramus\u00ed p\u0159\u00edznivstvo a srde\u010dn\u011b v\u00e1s v\u0161echny zveme na oslavu 15 let existence t\u00e9hle radosti!<\/strong> &#x1f49e;&#x1f382;<\/p>\n\n\n\n<p>29.3. od 14:00. Sledujte <a href=\"https:\/\/fb.me\/e\/4zf4vOEjF\" data-type=\"link\" data-id=\"https:\/\/fb.me\/e\/4zf4vOEjF\">ud\u00e1lost<\/a> pro v\u00edce informac\u00ed &#x1f337;\u00a0\u00a0<\/p>\n\n\n\n<p>Ramus m\u011bl sice narozeniny u\u017e v listopadu, ale jaro a plesov\u00e1 sez\u00f3na jsou ide\u00e1ln\u00ed pro ok\u00e1zalou t\u0159pytivou ud\u00e1lost.&nbsp;&nbsp;Tentokr\u00e1t budeme slavit v Habrovce, fa\u0159e na Praze 4 nedaleko stanice metra Bud\u011bjovick\u00e1. (U Habrovky 66\/2, 140 00 Praha 4 &#8211; Kr\u010d) Jestli n\u00e1m po\u010das\u00ed bude p\u0159\u00e1t, u\u017eijeme si odpoledne pohodovou zahradn\u00ed slavnost a ve\u010der (nebo v p\u0159\u00edpad\u011b mraziv\u00e9ho po\u010das\u00ed) se protancujeme a\u017e do tane\u010dn\u00edho s\u00e1lu.&nbsp;&#x1f483;&#x1f483;<\/p>\n\n\n\n<p>Pokud si l\u00e1mete hlavu s dresscodem, t\u0159pytky nikdy nic nezkaz\u00ed.&#x2728;\u00a0A jestli m\u00e1te doma n\u011bco slavnostn\u00edho, co z\u00e1rove\u0148 zvl\u00e1dne trochu keramick\u00e9 hl\u00edny nebo kou\u0159 z oh\u00fdnku, je to ta spr\u00e1vn\u00e1 volba! Outfit\u016f si klidn\u011b p\u0159ineste v\u00edc a m\u011b\u0148te je podle n\u00e1lady. Slavnostn\u00ed klobouky, z\u00e1st\u011bry, podpatky\u2026 prost\u011b ramus\u00ed divok\u00e1 elegance!&#x1faad;<\/p>\n\n\n\n<p>Doneste pros\u00edm Ramusu k narozenin\u00e1m n\u011bjak\u00fd ten d\u00e1rek &#x1f381;, kter\u00fd budeme moci za\u0159adit do tomboly\u00a0\u00a0a jestli se boj\u00edte, \u017ee se netref\u00edte do vkusu, Ramus ke vstupu do puberty r\u00e1d p\u0159ijme i kapesn\u00e9 do kasi\u010dky nebo p\u0159es QR k\u00f3d na vstupu. Na m\u00edst\u011b bude ob\u010derstven\u00ed, ale ur\u010dit\u011b se neost\u00fdchejte a p\u0159ineste k posd\u00edlen\u00ed vlastn\u00ed dobroty, jako na jakoukoli jinou oslavu! Krom\u011b sladkost\u00ed se ur\u010dit\u011b budou hodit nejr\u016fzn\u011bj\u0161\u00ed pomaz\u00e1nky na speci\u00e1ln\u00ed topinky z grilu \u0160t\u011bp\u00e1na \u0160varce!&#x1f336;<\/p>\n\n\n\n<p>Akci sm\u011b\u0159ujeme nejen na na\u0161e klientstvo, rodi\u010dovstvo a asistentstvo, ale i na kohokoliv, koho Ramus zaj\u00edm\u00e1 a kdo hled\u00e1 p\u0159\u00edle\u017eitost, jak ho l\u00e9pe poznat, ne\u017e se t\u0159eba p\u0159ihl\u00e1s\u00ed na n\u011bkterou z akc\u00ed.&nbsp;<\/p>\n\n\n\n<p><strong>Program pl\u00e1nujeme zat\u00edm takto:<\/strong><\/p>\n\n\n\n<p>14.00 \u2013 Otev\u0159en\u00ed bran, voln\u00e1 z\u00e1bava s ob\u010derstven\u00edm<br>14.30 \u2013 Keramick\u00fd kurz s B\u00e1rou Noskovou<br>15.30 \u2013 Tane\u010dn\u00ed lekce (v\u00edce info brzy)<br>16.30 \u2013 Vystoupen\u00ed p\u011bveck\u00e9ho sboru Dru\u017cyna<br>17.00 \u2013 Ve\u010de\u0159e a voln\u00e1 z\u00e1bava<br>18.00 \u2013 Koncert kapely Bubnuj nebo hraj<br>19.00 \u2013 Vyhl\u00e1\u0161en\u00ed tomboly<br>20.00 \u2013 Oh\u00fdnek, kyt\u00e1rky, v s\u00e1le mo\u017enost karaoke \u010di projekce ramus\u00edch film\u016f<br>21.30 \u2013 DJ Polyester<\/p>\n\n\n\n<p>&#x2b50;&#xfe0f;&#x2b50;&#xfe0f;&#x2b50;&#xfe0f;<\/p>\n\n\n\n<p>Konec oslavy podle n\u00e1lady v s\u00e1le a trp\u011blivosti soused\u016f v\u016f\u010di hluku. \u0160i\u0159te pozv\u00e1nku, moc se u\u017e t\u011b\u0161\u00edme!&nbsp;&#x2764;&#xfe0f;&#x200d;&#x1f525;<\/p>\n","protected":false},"excerpt":{"rendered":"<p>Zdrav\u00edme ve\u0161ker\u00e9 ramus\u00ed p\u0159\u00edznivstvo a srde\u010dn\u011b v\u00e1s v\u0161echny zveme na oslavu 15 let existence t\u00e9hle radosti! &#x1f49e;&#x1f382; 29.3. od 14:00. Sledujte ud\u00e1lost pro v\u00edce informac\u00ed &#x1f337;\u00a0\u00a0 Ramus m\u011bl sice narozeniny u\u017e v listopadu, ale jaro a plesov\u00e1 sez\u00f3na jsou ide\u00e1ln\u00ed pro ok\u00e1zalou t\u0159pytivou ud\u00e1lost.&nbsp;&nbsp;Tentokr\u00e1t budeme slavit v Habrovce, fa\u0159e na Praze 4 nedaleko stanice metra &hellip; <a href=\"https:\/\/www.ramus.je\/nejlepsi\/oslava-15-let-ramusu-v-habrovce\/\" class=\"more-link\">Continue reading<span class=\"screen-reader-text\"> &#8222;OSLAVA 15 LET RAMUSU V HABROVCE&#8220;<\/span><\/a><\/p>\n","protected":false},"author":3,"featured_media":0,"comment_status":"closed","ping_status":"","sticky":false,"template":"","format":"standard","meta":{"ngg_post_thumbnail":0,"footnotes":""},"categories":[213],"tags":[],"class_list":["post-23135","post","type-post","status-publish","format-standard","hentry","category-novinky"],"_links":{"self":[{"href":"https:\/\/www.ramus.je\/nejlepsi\/wp-json\/wp\/v2\/posts\/23135","targetHints":{"allow":["GET"]}}],"collection":[{"href":"https:\/\/www.ramus.je\/nejlepsi\/wp-json\/wp\/v2\/posts"}],"about":[{"href":"https:\/\/www.ramus.je\/nejlepsi\/wp-json\/wp\/v2\/types\/post"}],"author":[{"embeddable":true,"href":"https:\/\/www.ramus.je\/nejlepsi\/wp-json\/wp\/v2\/users\/3"}],"replies":[{"embeddable":true,"href":"https:\/\/www.ramus.je\/nejlepsi\/wp-json\/wp\/v2\/comments?post=23135"}],"version-history":[{"count":6,"href":"https:\/\/www.ramus.je\/nejlepsi\/wp-json\/wp\/v2\/posts\/23135\/revisions"}],"predecessor-version":[{"id":23142,"href":"https:\/\/www.ramus.je\/nejlepsi\/wp-json\/wp\/v2\/posts\/23135\/revisions\/23142"}],"wp:attachment":[{"href":"https:\/\/www.ramus.je\/nejlepsi\/wp-json\/wp\/v2\/media?parent=23135"}],"wp:term":[{"taxonomy":"category","embeddable":true,"href":"https:\/\/www.ramus.je\/nejlepsi\/wp-json\/wp\/v2\/categories?post=23135"},{"taxonomy":"post_tag","embeddable":true,"href":"https:\/\/www.ramus.je\/nejlepsi\/wp-json\/wp\/v2\/tags?post=23135"}],"curies":[{"name":"wp","href":"https:\/\/api.w.org\/{rel}","templated":true}]}}