{"id":23045,"date":"2025-02-23T16:55:41","date_gmt":"2025-02-23T15:55:41","guid":{"rendered":"https:\/\/www.ramus.je\/nejlepsi\/?p=23045"},"modified":"2025-03-11T19:10:51","modified_gmt":"2025-03-11T18:10:51","slug":"celebrity-v-eteru","status":"publish","type":"post","link":"https:\/\/www.ramus.je\/nejlepsi\/celebrity-v-eteru\/","title":{"rendered":"Celebrity v \u00e9teru"},"content":{"rendered":"\n<p>Olga a Honza p\u0159ed \u010dasem d\u011blali rozhovor s d\u011btmi pro Disman\u016fv rozhlasov\u00fd d\u011btsk\u00fd soubor. Krom\u011b pov\u00edd\u00e1n\u00ed o Disma\u0148\u00e1ku padne p\u00e1r slov i o Ramusu a Honza n\u00e1m prozrad\u00ed, co si mysl\u00ed o Ramus\u00e1c\u00edch a Ramusa\u010dk\u00e1ch! K poslechu zde:<a href=\"https:\/\/drds.rozhlas.cz\/socialni-pracovnice-olga...\"> <\/a><a href=\"https:\/\/drds.rozhlas.cz\/socialni-pracovnice-olga-bierhanzlova-jako-dite-jsem-byla-hodne-stydliva-ale-9415214\">https:\/\/drds.rozhlas.cz\/socialni-pracovnice-olga-bierhanzlova-jako-dite-jsem-byla-hodne-stydliva-ale-9415214<\/a><\/p>\n\n\n\n<figure class=\"wp-block-image size-large\"><img loading=\"lazy\" decoding=\"async\" width=\"1024\" height=\"576\" src=\"https:\/\/www.ramus.je\/nejlepsi\/wp-content\/uploads\/2025\/02\/475514784_1031096142396841_5674570808377234989_n-1024x576.jpg\" alt=\"\" class=\"wp-image-23046\" srcset=\"https:\/\/www.ramus.je\/nejlepsi\/wp-content\/uploads\/2025\/02\/475514784_1031096142396841_5674570808377234989_n-1024x576.jpg 1024w, https:\/\/www.ramus.je\/nejlepsi\/wp-content\/uploads\/2025\/02\/475514784_1031096142396841_5674570808377234989_n-300x169.jpg 300w, https:\/\/www.ramus.je\/nejlepsi\/wp-content\/uploads\/2025\/02\/475514784_1031096142396841_5674570808377234989_n-768x432.jpg 768w, https:\/\/www.ramus.je\/nejlepsi\/wp-content\/uploads\/2025\/02\/475514784_1031096142396841_5674570808377234989_n-1536x864.jpg 1536w, https:\/\/www.ramus.je\/nejlepsi\/wp-content\/uploads\/2025\/02\/475514784_1031096142396841_5674570808377234989_n.jpg 2048w\" sizes=\"auto, (min-width: 960px) 75vw, 100vw\" \/><\/figure>\n\n\n\n<p><\/p>\n","protected":false},"excerpt":{"rendered":"<p>Olga a Honza p\u0159ed \u010dasem d\u011blali rozhovor s d\u011btmi pro Disman\u016fv rozhlasov\u00fd d\u011btsk\u00fd soubor. Krom\u011b pov\u00edd\u00e1n\u00ed o Disma\u0148\u00e1ku padne p\u00e1r slov i o Ramusu a Honza n\u00e1m prozrad\u00ed, co si mysl\u00ed o Ramus\u00e1c\u00edch a Ramusa\u010dk\u00e1ch! K poslechu zde: https:\/\/drds.rozhlas.cz\/socialni-pracovnice-olga-bierhanzlova-jako-dite-jsem-byla-hodne-stydliva-ale-9415214<\/p>\n","protected":false},"author":3,"featured_media":0,"comment_status":"closed","ping_status":"","sticky":false,"template":"","format":"standard","meta":{"ngg_post_thumbnail":0,"footnotes":""},"categories":[213],"tags":[],"class_list":["post-23045","post","type-post","status-publish","format-standard","hentry","category-novinky"],"_links":{"self":[{"href":"https:\/\/www.ramus.je\/nejlepsi\/wp-json\/wp\/v2\/posts\/23045","targetHints":{"allow":["GET"]}}],"collection":[{"href":"https:\/\/www.ramus.je\/nejlepsi\/wp-json\/wp\/v2\/posts"}],"about":[{"href":"https:\/\/www.ramus.je\/nejlepsi\/wp-json\/wp\/v2\/types\/post"}],"author":[{"embeddable":true,"href":"https:\/\/www.ramus.je\/nejlepsi\/wp-json\/wp\/v2\/users\/3"}],"replies":[{"embeddable":true,"href":"https:\/\/www.ramus.je\/nejlepsi\/wp-json\/wp\/v2\/comments?post=23045"}],"version-history":[{"count":2,"href":"https:\/\/www.ramus.je\/nejlepsi\/wp-json\/wp\/v2\/posts\/23045\/revisions"}],"predecessor-version":[{"id":23344,"href":"https:\/\/www.ramus.je\/nejlepsi\/wp-json\/wp\/v2\/posts\/23045\/revisions\/23344"}],"wp:attachment":[{"href":"https:\/\/www.ramus.je\/nejlepsi\/wp-json\/wp\/v2\/media?parent=23045"}],"wp:term":[{"taxonomy":"category","embeddable":true,"href":"https:\/\/www.ramus.je\/nejlepsi\/wp-json\/wp\/v2\/categories?post=23045"},{"taxonomy":"post_tag","embeddable":true,"href":"https:\/\/www.ramus.je\/nejlepsi\/wp-json\/wp\/v2\/tags?post=23045"}],"curies":[{"name":"wp","href":"https:\/\/api.w.org\/{rel}","templated":true}]}}