{"id":2300,"date":"2013-10-13T00:00:00","date_gmt":"2013-10-12T23:00:00","guid":{"rendered":"https:\/\/www.ramus.je\/web\/brandejsnadlabem\/"},"modified":"2013-10-13T00:00:00","modified_gmt":"2013-10-12T23:00:00","slug":"brandejsnadlabem","status":"publish","type":"post","link":"https:\/\/www.ramus.je\/nejlepsi\/brandejsnadlabem\/","title":{"rendered":"\/ 2013 \/ \u0159\u00edjen \/ Brandejs nad Labem"},"content":{"rendered":"<p><strong>zapsal \/ Kuba<br \/><\/strong><strong>fotky \/<a href=\"index.php\/archiv\/galerie?view=album&#038;album=5936091407409643681&#038;page=1\">\u00a0tadyhle<\/a><\/strong><\/p>\n<p>U\u017e mohutn\u00fd d\u00e9\u0161\u0165, kter\u00fdm n\u00e1s Brand\u00fds v p\u00e1tek ve\u010der p\u0159iv\u00edtal, zna\u010dil, \u017ee o tomto v\u00edkendu stane n\u011bco jedine\u010dn\u00e9ho. Pot\u00e9, co jsme na\u0161li skautsk\u00fd srub, ve kter\u00e9m jsme m\u011bli str\u00e1vit dal\u0161\u00ed dv\u011b noci, jsme se usu\u0161ili a nave\u010de\u0159eli. Jeliko\u017e se mezi n\u00e1mi nach\u00e1zeli nov\u00ed kamar\u00e1di, rozhodli jsme se, \u017ee si d\u00e1me &#8222;p\u0159edstavovac\u00ed kole\u010dko&#8220;. Sotva jsme za\u010dali, vyru\u0161ilo n\u00e1s nal\u00e9hav\u00e9 klep\u00e1n\u00ed na dve\u0159e srubu. Kdo to m\u016f\u017ee b\u00fdt v tuhle hodinu? Dve\u0159e jsme otev\u0159eli a do chaloupky ve\u0161el lehce zmaten\u00fd \u010dlov\u011bk s \u010dern\u00fdmi br\u00fdlemi. Uk\u00e1zalo se, \u017ee jde o slep\u00e9ho brand\u00fdsk\u00e9ho rod\u00e1ka, kter\u00fd hled\u00e1 pomoc. A tu jsme se mu my, jak m\u00e1me v podobn\u00fdch situac\u00edch ve zvyku, rozhodli poskytnout. \u00a0<\/p>\n<p>Slepec jm\u00e9nem Eduard m\u011bl toti\u017e probl\u00e9m. Kdy\u017e byl je\u0161t\u011b d\u00edt\u011b, n\u00e1hle oslepl, a tak ji\u017e mnoho let nevid\u011bl svoje milovan\u00e9 m\u011bsto Brand\u00fds. Za ta l\u00e9ta mu nikdo nebyl schopen popsat jeho kr\u00e1sy, jen\u017ee on by moc r\u00e1d v\u011bd\u011bl, jak se m\u011bsto od dob, kdy je\u0161t\u011b vid\u011bl, zm\u011bnilo. \u00a0<\/p>\n<p>Druh\u00e9ho dne dopoledne jsme se rozd\u011blili na t\u0159i skupiny, vyfasovali mapy Brand\u00fdsa a vydali se m\u011bsto prozkoumat. Ka\u017ed\u00e1 ze skupin m\u011bla v mapce zakreslenou jinou cestu, na n\u00ed\u017e byly vyzna\u010deny tzv. &#8222;body z\u00e1jmu&#8220;. \u0160lo o m\u00edsta, na kter\u00fdch jsme se v\u017edy zastavili, \u0159\u00e1dn\u011b si je p\u0159ohl\u00e9dli a vymysleli, jak bychom je co nejl\u00e9pe popsali slep\u00e9mu Eduardovi. A\u0165 u\u017e \u0161lo o b\u011b\u017eeck\u00fd okruh Emila Z\u00e1topka, brand\u00fdsk\u00fd z\u00e1mek \u010di pravd\u011bpodobn\u011b nejo\u0161kliv\u011bj\u0161\u00ed d\u016fm ve m\u011bst\u011b, v\u017edy jsme si zaznamenali v\u0161e podstatn\u00e9. A nav\u00edc &#8211; cestu jsme si, i p\u0159es ne \u00fapln\u011b ide\u00e1ln\u00ed po\u010das\u00ed, u\u017eili. \u00a0<\/p>\n<p>Eduardova slepota n\u00e1s nav\u00edc natolik ovlivnila, \u017ee jsme se rozhodli vyzkou\u0161et si alespo\u0148 na chvilku, jak\u00e9 to je b\u00fdt znev\u00fdhodn\u011bn v jednom ze sv\u00fdch z\u00e1kladn\u00edch smysl\u016f. A tak jsme b\u011bhem na\u0161ich v\u00fdlet\u016f plnily zkou\u0161ku slepoty (zav\u00e1zan\u00e9 o\u010di), hluchoty (\u0161punty v u\u0161\u00edch) a ml\u010den\u00ed. \u00a0<\/p>\n<p>Tent\u00fd\u017e ve\u010der n\u00e1s Eduard znova nav\u0161t\u00edvil. Byl zv\u011bdav, co jsme si pro n\u011bj p\u0159ipravili, a tak nesta\u010dil \u017easnout, kdy\u017e jsme mu l\u00ed\u010dili v\u0161echna ta brand\u00fdsk\u00e1 m\u00edsta. Jedni je barvit\u011b popisovali, jin\u00ed Edovi p\u0159inesli r\u016fzn\u00e9 p\u0159edm\u011bty z on\u011bch m\u00edst, dal\u0161\u00ed t\u0159eba popisovali m\u00edstn\u00ed zaj\u00edmavosti pomoc\u00ed zvuk\u016f. Eduard byl t\u00edm v\u0161\u00edm velmi dojat, a\u017e se stalo n\u011bco, co nikdo z n\u00e1s ne\u010dekal. Na\u0161e vypr\u00e1v\u011bn\u00ed z cest v n\u011bm vyvolala takov\u00fd emocion\u00e1ln\u00ed \u0161ok, \u017ee se mu z toho vr\u00e1til zrak! \u00a0<\/p>\n<p>Eduard n\u00e1m byl za svou znovunabytou schopnost tak vd\u011b\u010dn\u00fd, \u017ee se rozhodl n\u00e1s dal\u0161\u00edho dne vz\u00edt na v\u00fdlet do Star\u00e9 Boleslavi, s n\u00ed\u017e Brand\u00fds soused\u00ed. P\u0159esto\u017ee l\u00e9ta nevid\u011bl, bezpe\u010dn\u011b Boleslav pozn\u00e1val a proto\u017ee je \u010dlov\u011bk u\u010den\u00fd, m\u011bli jsme v\u00fdlet i s bohat\u00fdm v\u00fdkladem. Nakonec n\u00e1s vzal do boleslavsk\u00e9ho kostela Nanebevzet\u00ed panny Marie. \u00a0<\/p>\n<p>Ned\u011bln\u00ed v\u00fdlet jsme uzav\u0159eli chvilkou v brand\u00fdsk\u00e9 z\u00e1meck\u00e9 zahrad\u011b. V\u00edkend v Brand\u00fdse byl tedy pln z\u00e1\u017eitk\u016f, na kter\u00e9 budeme je\u0161t\u011b n\u011bjakou dobu vzpom\u00ednat! \u00a0<\/p>\n<p><strong><a href=\"index.php\/galerie?view=album&#038;album=5936091407409643681&#038;page=1\"><br \/><\/a><\/strong><strong>video:<\/strong><\/p>\n<p><strong><a href=\"http:\/\/vimeo.com\/92538480\">http:\/\/vimeo.com\/92538480<\/a><\/strong><\/p>\n","protected":false},"excerpt":{"rendered":"<p>zapsal \/ Kubafotky \/\u00a0tadyhle U\u017e mohutn\u00fd d\u00e9\u0161\u0165, kter\u00fdm n\u00e1s Brand\u00fds v p\u00e1tek ve\u010der p\u0159iv\u00edtal, zna\u010dil, \u017ee o tomto v\u00edkendu stane n\u011bco jedine\u010dn\u00e9ho. Pot\u00e9, co jsme na\u0161li skautsk\u00fd srub, ve kter\u00e9m jsme m\u011bli str\u00e1vit dal\u0161\u00ed dv\u011b noci, jsme se usu\u0161ili a nave\u010de\u0159eli. Jeliko\u017e se mezi n\u00e1mi nach\u00e1zeli nov\u00ed kamar\u00e1di, rozhodli jsme se, \u017ee si d\u00e1me &#8222;p\u0159edstavovac\u00ed &hellip; <a href=\"https:\/\/www.ramus.je\/nejlepsi\/brandejsnadlabem\/\" class=\"more-link\">Continue reading<span class=\"screen-reader-text\"> &#8222;\/ 2013 \/ \u0159\u00edjen \/ Brandejs nad Labem&#8220;<\/span><\/a><\/p>\n","protected":false},"author":5,"featured_media":0,"comment_status":"open","ping_status":"open","sticky":false,"template":"","format":"standard","meta":{"ngg_post_thumbnail":0,"footnotes":""},"categories":[222],"tags":[],"class_list":["post-2300","post","type-post","status-publish","format-standard","hentry","category-zapisnik"],"_links":{"self":[{"href":"https:\/\/www.ramus.je\/nejlepsi\/wp-json\/wp\/v2\/posts\/2300","targetHints":{"allow":["GET"]}}],"collection":[{"href":"https:\/\/www.ramus.je\/nejlepsi\/wp-json\/wp\/v2\/posts"}],"about":[{"href":"https:\/\/www.ramus.je\/nejlepsi\/wp-json\/wp\/v2\/types\/post"}],"author":[{"embeddable":true,"href":"https:\/\/www.ramus.je\/nejlepsi\/wp-json\/wp\/v2\/users\/5"}],"replies":[{"embeddable":true,"href":"https:\/\/www.ramus.je\/nejlepsi\/wp-json\/wp\/v2\/comments?post=2300"}],"version-history":[{"count":0,"href":"https:\/\/www.ramus.je\/nejlepsi\/wp-json\/wp\/v2\/posts\/2300\/revisions"}],"wp:attachment":[{"href":"https:\/\/www.ramus.je\/nejlepsi\/wp-json\/wp\/v2\/media?parent=2300"}],"wp:term":[{"taxonomy":"category","embeddable":true,"href":"https:\/\/www.ramus.je\/nejlepsi\/wp-json\/wp\/v2\/categories?post=2300"},{"taxonomy":"post_tag","embeddable":true,"href":"https:\/\/www.ramus.je\/nejlepsi\/wp-json\/wp\/v2\/tags?post=2300"}],"curies":[{"name":"wp","href":"https:\/\/api.w.org\/{rel}","templated":true}]}}