{"id":22762,"date":"2025-01-04T20:06:48","date_gmt":"2025-01-04T19:06:48","guid":{"rendered":"https:\/\/www.ramus.je\/nejlepsi\/?p=22762"},"modified":"2025-01-04T20:07:49","modified_gmt":"2025-01-04T19:07:49","slug":"pf-2025","status":"publish","type":"post","link":"https:\/\/www.ramus.je\/nejlepsi\/pf-2025\/","title":{"rendered":"PF 2025"},"content":{"rendered":"<div class=\"wp-block-image\">\n<figure class=\"aligncenter size-large is-resized\"><img loading=\"lazy\" decoding=\"async\" width=\"1024\" height=\"654\" src=\"https:\/\/www.ramus.je\/nejlepsi\/wp-content\/uploads\/2025\/01\/ramuspf-kopie-1024x654.jpg\" alt=\"\" class=\"wp-image-22764\" style=\"width:664px;height:auto\" srcset=\"https:\/\/www.ramus.je\/nejlepsi\/wp-content\/uploads\/2025\/01\/ramuspf-kopie-1024x654.jpg 1024w, https:\/\/www.ramus.je\/nejlepsi\/wp-content\/uploads\/2025\/01\/ramuspf-kopie-300x191.jpg 300w, https:\/\/www.ramus.je\/nejlepsi\/wp-content\/uploads\/2025\/01\/ramuspf-kopie-768x490.jpg 768w, https:\/\/www.ramus.je\/nejlepsi\/wp-content\/uploads\/2025\/01\/ramuspf-kopie-1536x980.jpg 1536w, https:\/\/www.ramus.je\/nejlepsi\/wp-content\/uploads\/2025\/01\/ramuspf-kopie-2048x1307.jpg 2048w\" sizes=\"auto, (min-width: 960px) 75vw, 100vw\" \/><\/figure>\n<\/div>\n\n\n<p class=\"has-text-align-center\">D\u00edky v\u0161em, kte\u0159\u00ed jste tu bylx s n\u00e1mi a t\u011b\u0161\u00edme se na dal\u0161\u00ed ramus\u00ed rok! A\u0165 je pln\u00fd vejlet\u016f, ohn\u00ed\u010dk\u016f a spole\u010dn\u00fdch chvil, p\u0159esn\u011b tak jak to m\u00e1me r\u00e1di. &#x1f496;<\/p>\n\n\n\n<p class=\"has-text-align-center\">A pozor! Tohle PF se dokonce h\u00fdbe. V pln\u00e9 par\u00e1d\u011b si jej m\u016f\u017eete pustit zde: <a href=\"https:\/\/fb.watch\/wVfWs_PT-t\/\">https:\/\/fb.watch\/wVfWs_PT-t\/<\/a> D\u011bkujeme za n\u011bj na\u0161im asistentk\u00e1m Toni\u010dce a Jant\u0159e.<\/p>\n\n\n\n<p><\/p>\n","protected":false},"excerpt":{"rendered":"<p>D\u00edky v\u0161em, kte\u0159\u00ed jste tu bylx s n\u00e1mi a t\u011b\u0161\u00edme se na dal\u0161\u00ed ramus\u00ed rok! A\u0165 je pln\u00fd vejlet\u016f, ohn\u00ed\u010dk\u016f a spole\u010dn\u00fdch chvil, p\u0159esn\u011b tak jak to m\u00e1me r\u00e1di. &#x1f496; A pozor! Tohle PF se dokonce h\u00fdbe. V pln\u00e9 par\u00e1d\u011b si jej m\u016f\u017eete pustit zde: https:\/\/fb.watch\/wVfWs_PT-t\/ D\u011bkujeme za n\u011bj na\u0161im asistentk\u00e1m Toni\u010dce a Jant\u0159e.<\/p>\n","protected":false},"author":3,"featured_media":0,"comment_status":"closed","ping_status":"","sticky":false,"template":"","format":"standard","meta":{"ngg_post_thumbnail":0,"footnotes":""},"categories":[213],"tags":[],"class_list":["post-22762","post","type-post","status-publish","format-standard","hentry","category-novinky"],"_links":{"self":[{"href":"https:\/\/www.ramus.je\/nejlepsi\/wp-json\/wp\/v2\/posts\/22762","targetHints":{"allow":["GET"]}}],"collection":[{"href":"https:\/\/www.ramus.je\/nejlepsi\/wp-json\/wp\/v2\/posts"}],"about":[{"href":"https:\/\/www.ramus.je\/nejlepsi\/wp-json\/wp\/v2\/types\/post"}],"author":[{"embeddable":true,"href":"https:\/\/www.ramus.je\/nejlepsi\/wp-json\/wp\/v2\/users\/3"}],"replies":[{"embeddable":true,"href":"https:\/\/www.ramus.je\/nejlepsi\/wp-json\/wp\/v2\/comments?post=22762"}],"version-history":[{"count":2,"href":"https:\/\/www.ramus.je\/nejlepsi\/wp-json\/wp\/v2\/posts\/22762\/revisions"}],"predecessor-version":[{"id":22766,"href":"https:\/\/www.ramus.je\/nejlepsi\/wp-json\/wp\/v2\/posts\/22762\/revisions\/22766"}],"wp:attachment":[{"href":"https:\/\/www.ramus.je\/nejlepsi\/wp-json\/wp\/v2\/media?parent=22762"}],"wp:term":[{"taxonomy":"category","embeddable":true,"href":"https:\/\/www.ramus.je\/nejlepsi\/wp-json\/wp\/v2\/categories?post=22762"},{"taxonomy":"post_tag","embeddable":true,"href":"https:\/\/www.ramus.je\/nejlepsi\/wp-json\/wp\/v2\/tags?post=22762"}],"curies":[{"name":"wp","href":"https:\/\/api.w.org\/{rel}","templated":true}]}}