{"id":2263,"date":"2013-02-28T00:00:00","date_gmt":"2013-02-27T23:00:00","guid":{"rendered":"https:\/\/www.ramus.je\/web\/startupkavarny\/"},"modified":"2013-02-28T00:00:00","modified_gmt":"2013-02-27T23:00:00","slug":"startupkavarny","status":"publish","type":"post","link":"https:\/\/www.ramus.je\/nejlepsi\/startupkavarny\/","title":{"rendered":"\/ 2013 \/ \u00fanor \/ Start up ramus\u00ed kav\u00e1rny"},"content":{"rendered":"<p>\u010clov\u011bk by asi ne\u0159ekl, jak\u00fd \u00fasp\u011bch m\u016f\u017ee m\u00edt, kdy\u017e se s trochou pot\u0159ebn\u00fdch v\u011bc\u00ed postav\u00ed na ulici a za\u010dne va\u0159it k\u00e1vu. P\u0159esto je tomu tak, jak dok\u00e1zal n\u00e1\u0161 testovac\u00ed k\u00e1vovo-\u010dajov\u00fd d\u00fdch\u00e1nek na Bud\u011bjovick\u00e9, kter\u00e9ho jsem byl sou\u010d\u00e1st\u00ed i j\u00e1. L\u00edbilo se mi na tom ve\u010deru to, \u017ee to nebyli jen p\u0159\u00e1tel\u00e9 od n\u00e1s z Ramusu, kte\u0159\u00ed se bavili, ale i \u00fapln\u011b ciz\u00ed lid\u00e9, kte\u0159\u00ed \u0161li n\u00e1hodou kolem a byli prost\u011b a jednodu\u0161e jen r\u00e1di, \u017ee si mohou d\u00e1t kafe nebo \u010daj. A tak by to p\u0159esn\u011b m\u011blo b\u00fdt &#8211; d\u011blat lidem kolem radost i jen tak oby\u010dejn\u00fdmi v\u011bcmi a br\u00e1t i va\u0159en\u00ed kafe s humorem a nads\u00e1zkou.<\/p>\n<p>D\u00e1l u\u017e bych \u0159ekl jen prost\u011b poveden\u00fd ve\u010der, u\u017e se t\u011b\u0161\u00edm, a\u017e s kav\u00e1rnou zas n\u011bkam vyjedeme.<\/p>\n<p><strong>zapsal \/ Marek<\/strong><br \/><strong>video ani fotky nejsou, ale mo\u017en\u00e1 se jednou najdou&#8230;<\/strong><\/p>\n","protected":false},"excerpt":{"rendered":"<p>\u010clov\u011bk by asi ne\u0159ekl, jak\u00fd \u00fasp\u011bch m\u016f\u017ee m\u00edt, kdy\u017e se s trochou pot\u0159ebn\u00fdch v\u011bc\u00ed postav\u00ed na ulici a za\u010dne va\u0159it k\u00e1vu. P\u0159esto je tomu tak, jak dok\u00e1zal n\u00e1\u0161 testovac\u00ed k\u00e1vovo-\u010dajov\u00fd d\u00fdch\u00e1nek na Bud\u011bjovick\u00e9, kter\u00e9ho jsem byl sou\u010d\u00e1st\u00ed i j\u00e1. L\u00edbilo se mi na tom ve\u010deru to, \u017ee to nebyli jen p\u0159\u00e1tel\u00e9 od n\u00e1s z Ramusu, &hellip; <a href=\"https:\/\/www.ramus.je\/nejlepsi\/startupkavarny\/\" class=\"more-link\">Continue reading<span class=\"screen-reader-text\"> &#8222;\/ 2013 \/ \u00fanor \/ Start up ramus\u00ed kav\u00e1rny&#8220;<\/span><\/a><\/p>\n","protected":false},"author":5,"featured_media":0,"comment_status":"open","ping_status":"open","sticky":false,"template":"","format":"standard","meta":{"ngg_post_thumbnail":0,"footnotes":""},"categories":[222],"tags":[],"class_list":["post-2263","post","type-post","status-publish","format-standard","hentry","category-zapisnik"],"_links":{"self":[{"href":"https:\/\/www.ramus.je\/nejlepsi\/wp-json\/wp\/v2\/posts\/2263","targetHints":{"allow":["GET"]}}],"collection":[{"href":"https:\/\/www.ramus.je\/nejlepsi\/wp-json\/wp\/v2\/posts"}],"about":[{"href":"https:\/\/www.ramus.je\/nejlepsi\/wp-json\/wp\/v2\/types\/post"}],"author":[{"embeddable":true,"href":"https:\/\/www.ramus.je\/nejlepsi\/wp-json\/wp\/v2\/users\/5"}],"replies":[{"embeddable":true,"href":"https:\/\/www.ramus.je\/nejlepsi\/wp-json\/wp\/v2\/comments?post=2263"}],"version-history":[{"count":0,"href":"https:\/\/www.ramus.je\/nejlepsi\/wp-json\/wp\/v2\/posts\/2263\/revisions"}],"wp:attachment":[{"href":"https:\/\/www.ramus.je\/nejlepsi\/wp-json\/wp\/v2\/media?parent=2263"}],"wp:term":[{"taxonomy":"category","embeddable":true,"href":"https:\/\/www.ramus.je\/nejlepsi\/wp-json\/wp\/v2\/categories?post=2263"},{"taxonomy":"post_tag","embeddable":true,"href":"https:\/\/www.ramus.je\/nejlepsi\/wp-json\/wp\/v2\/tags?post=2263"}],"curies":[{"name":"wp","href":"https:\/\/api.w.org\/{rel}","templated":true}]}}