{"id":2252,"date":"2012-03-22T00:00:00","date_gmt":"2012-03-21T23:00:00","guid":{"rendered":"https:\/\/www.ramus.je\/web\/report-na-dodavku\/"},"modified":"2012-03-22T00:00:00","modified_gmt":"2012-03-21T23:00:00","slug":"report-na-dodavku","status":"publish","type":"post","link":"https:\/\/www.ramus.je\/nejlepsi\/report-na-dodavku\/","title":{"rendered":"\/ 2012 \/ b\u0159ezen \/ Benefit na dod\u00e1vku"},"content":{"rendered":"<p><strong>fotky \/<a href=\"index.php\/archiv\/galerie?view=album&#038;album=5723903832129764113&#038;page=1\">\u00a0tady<\/a><\/strong><\/p>\n<p>O tom, jak Ramus k dod\u00e1vce p\u0159i\u0161el, by se dala napsat kn\u00ed\u017eka, tak to vezmu co nejstru\u010dn\u011bji: my\u0161lenka na benefi\u010dn\u00ed koncert, z jeho\u017e v\u00fdt\u011b\u017eku bychom si koupili dod\u00e1vku, n\u00e1m v\u0161em v hlav\u011b kl\u00ed\u010dila dost dlouho.<\/p>\n<p>Ramus nikdy nevyv\u00edjel \u017e\u00e1dnou p\u0159\u00edli\u0161nou aktivitu t\u00fdkaj\u00edc\u00ed se sh\u00e1n\u011bn\u00ed pen\u011bz. Akce Ramusu se v\u017edy tak n\u011bjak pokryly samy, a jeliko\u017e v Ramusu nen\u00ed nikdo za nic placen, obe\u0161li jsme se v\u017edy bez v\u00fdrazn\u011bj\u0161\u00edch finan\u010dn\u00edch injekc\u00ed. Ve chv\u00edli, kdy jsme zatou\u017eili po dod\u00e1vce (co\u017e je pro hladk\u00fd pr\u016fb\u011bh na\u0161ich letn\u00edch t\u00e1bor\u016f v Novohradsk\u00fdch hor\u00e1ch objekt zcela kl\u00ed\u010dov\u00fd, a p\u0159esto\u017ee jsme si s Gand\u017eabusem a dal\u0161\u00edmi legra\u010dn\u00edmi zap\u016fj\u010den\u00fdmi vehikly v\u00e1\u017en\u011b u\u017eili, vlastn\u00ed dod\u00e1vka je vlastn\u00ed dod\u00e1vka) bylo jasn\u00e9, \u017ee budeme pot\u0159ebovat pen\u00edze. Jak je z\u00edskat?<\/p>\n<p>Cel\u00e1 akce se za\u010dala rodit na za\u010d\u00e1tku srpna 2011, kdy Matou\u0161 Glanc vymyslel, \u017ee se na prvn\u00ed t\u00e1bor (ur\u010den\u00fd zejm\u00e9na pro star\u0161\u00ed a zku\u0161en\u011bj\u0161\u00ed) pojede po skupink\u00e1ch stopem. Respektive zp\u016fsobem, jak\u00fd si ka\u017ed\u00e1 skupinka sama ur\u010d\u00ed. Skupince ve slo\u017een\u00ed Ad\u00e9la Z., Petr S. a moje mali\u010dkost trvalo zhruba 10 minut, ne\u017e j\u00ed u autobusov\u00e9 zast\u00e1vky na jej\u00ed vzty\u010den\u00fd palec zastavila dod\u00e1vka. Dod\u00e1vku \u0159\u00eddil na prvn\u00ed pohled fajn chlap, vzadu m\u011bl n\u011bkolik ps\u016f a hudebn\u00edch n\u00e1stroj\u016f, pov\u00eddali jsme si, pov\u00eddali a sta\u010dilo n\u011bkolik dob\u0159e m\u00ed\u0159en\u00fdch dotaz\u016f a vy\u0161lo najevo, \u017ee jsme nestopli nikoho jin\u00e9ho, ne\u017e zp\u011bv\u00e1ka Xaviera Baumaxu. Projevili jsme si vz\u00e1jemn\u00e9 sympatie a padlo n\u011bco v tom smyslu, \u017ee si m\u016f\u017eeme na podzim napsat e-mail a t\u0159eba z toho vyplyne benefi\u010dn\u00ed koncert. Xavi si jel d\u00e1l po sv\u00fdch a my n\u011bkolik dal\u0161\u00edch hodin za neust\u00e1l\u00e9ho poprch\u00e1v\u00e1n\u00ed stopovali u Mek\u00e1\u010de dal\u0161\u00ed auto\u2026<\/p>\n<p>V \u0159\u00edjnu jsme si e-mail skute\u010dn\u011b napsali a za\u010dali pl\u00e1novat benefi\u010dn\u00ed koncert. Prob\u011bhlo n\u011bkolik ramusch\u016fz\u00ed, na kter\u00fdch jsme vym\u00fd\u0161leli m\u00edsto akce a dal\u0161\u00ed n\u00e1le\u017eitosti. Koncert bude v Biu Oko, dohodli jsme se z\u00e1hy \u2013 nejen, \u017ee zde n\u011bkolik na\u0161ich bli\u017en\u00edch pracovalo \u010di st\u00e1le pracuje a dal\u0161\u00ed bydl\u00ed nedaleko, zejm\u00e9na je to p\u0159\u00edjemn\u00fd bezbari\u00e9rov\u00fd a velmi dob\u0159e dostupn\u00fd prostor.<\/p>\n<p>Vyvstala dal\u0161\u00ed ot\u00e1zka \u2013 kdo bude hr\u00e1t s Baumaxou? V \u00favahu p\u0159ich\u00e1zelo mno\u017estv\u00ed sp\u0159\u00edzn\u011bn\u00fdch kapel, kter\u00fdm se t\u00edmto zp\u011btn\u011b omlouv\u00e1me za ne p\u0159\u00edli\u0161 vzorovou komunikaci, jm\u00e9na vystupuj\u00edc\u00edch se to\u010dili jako na koloto\u010di a tak jsme v n\u011bkolika p\u0159\u00edpadech i odm\u00edtli n\u011bkoho, koho jsme p\u0159edt\u00edm p\u0159esv\u011bd\u010dovali a ukec\u00e1vali, a\u0165 n\u00e1m na akci zahraje\u2026<br \/>V\u00fdb\u011br nakonec padl na Kopec \u0160i\u0161ek \u2013 nejen\u017ee jejich folkov\u00e9 protestsongy \u010dasto p\u0159ipom\u00ednaj\u00ed pr\u00e1v\u011b ty Baumaxovy, zejm\u00e9na jsou velice \u00fasporn\u00e1 kapela, kter\u00e1 se vysta\u010d\u00ed s kytarou a bub\u00ednkem a odpadaj\u00ed t\u00edm probl\u00e9my p\u0159i zvu\u010den\u00ed.<br \/>Tak\u017ee Xavier, Kopec \u0160i\u0161ek, co d\u00e1l? Celou situaci vy\u0159e\u0161il Bonus, kdy\u017e v listopadu 2011 vydal album N\u00e1m\u011bst\u00ed m\u00edru. S my\u0161lenkou oslovit Bonuse a uzav\u0159\u00edt t\u00edm tak vpravd\u011b folkov\u00fd ve\u010der p\u0159i\u0161el p\u0159i n\u00e1hodn\u00e9m rozhovoru zvuka\u0159 z Caf\u00e9 na P\u016fl cesty, pan Kejmy, za co\u017e mu pat\u0159\u00ed d\u00edk.<\/p>\n<p>Je\u0161t\u011b se n\u011bkolikr\u00e1t p\u0159ehodilo datum (k nelibosti v\u0161ech z\u00fa\u010dastn\u011bn\u00fdch) a \u0161lo se na v\u011bc.<\/p>\n<p>Bylo n\u00e1m od za\u010d\u00e1tku jasn\u00e9, \u017ee do koncertu nechceme \u2013 respektive nem\u016f\u017eeme \u2013 investovat ani korunu. Rozvinuli jsme pro to n\u011bkolik plodn\u00fdch spoluprac\u00ed: zafinancovat n\u011bkter\u00e9 n\u00e1klady pomohl H\u00e1jek-reklama, tisk plak\u00e1t\u016f obstarala v\u00fdm\u011bnou za logo tisk\u00e1rna AmosTypo. Z n\u011bkolika dal\u0161\u00edch men\u0161\u00edch dar\u016f jsme zaplatili zvuka\u0159e a to je vlastn\u011b v\u0161e, co bylo pot\u0159eba. U\u017e od ledna jsme t\u00e9\u017e v\u011bd\u011bli, \u017ee v\u00fdt\u011b\u017eek akce zdvojn\u00e1sob\u00ed nadace Divok\u00e9 Husy. Pr\u00e1v\u011b tento syst\u00e9m podpory n\u00e1m p\u0159ijde skv\u011bl\u00fd a vybi\u010doval n\u00e1s k maxim\u00e1ln\u00edmu \u00fasil\u00ed, aby se akce povedla (doslova k dvojn\u00e1sobn\u00e9mu \u00fasil\u00ed!).<\/p>\n<p>P\u0159es snahu akci co nejv\u00edce propagovat (R\u00e1dio 1, AlternativaTV) nebylo do posledn\u00ed chv\u00edle z\u0159ejm\u00e9, jak to dopadne&#8230;<\/p>\n<p>P\u0159i\u0161el den D, kter\u00fd za\u010dal samoz\u0159ejm\u011b t\u00edm, \u017ee jsem zablokoval ramus\u00ed platebn\u00ed kartu. Po vtipn\u00e9 historce z t\u00e1bora, kdy jsem pro zm\u011bnu zablokoval ramus\u00ed mobil a nemohl tak v nejvypjat\u011bj\u0161\u00edch dramatick\u00fdch momentech nikomu volat, to nikoho a\u017e tak nep\u0159ekvapilo\u2026<\/p>\n<p>A pak\u2026 Se to prost\u011b povedlo! P\u0159i\u0161lo t\u00e9m\u011b\u0159 400 lid\u00ed a v\u0161ichni byli s ve\u010derem zd\u00e1 se spokojeni, \u010di to alespo\u0148 \u00fasp\u011b\u0161n\u011b p\u0159edst\u00edrali. Cel\u00e1 akce (po zdvojn\u00e1soben\u00ed Divok\u00fdmi husami) p\u0159inesla Ramusu n\u011bco m\u00e1lo p\u0159es 130.000,- K\u010d, koupili jsme si dod\u00e1vku a v\u0161e skon\u010dilo happy endem.<\/p>\n<p>Po koncert\u011b se n\u00e1\u0161 produk\u010dn\u00ed t\u00fdm p\u0159esunul do dal\u0161\u00edho sp\u0159\u00e1telen\u00e9ho prostoru, Alfreda ve dvo\u0159e, kde jsme uv\u00edzli na n\u011bkolik dal\u0161\u00edch dlouh\u00fdch hodin\u2026<br \/>T\u00edmto je\u0161t\u011b jednou d\u011bkujeme v\u0161em vystupuj\u00edc\u00edm a jinak z\u00fa\u010dastn\u011bn\u00fdm a hlavn\u011b v\u0161em, kdo koncert nav\u0161t\u00edvili! Povedlo se.<\/p>\n<p><strong>zapsal \/ Hynek<\/strong><strong><a href=\"index.php\/galerie?view=album&#038;album=5723903832129764113&#038;page=1\"><br \/><\/a><\/strong><strong>l\u00e1kac\u00ed video tady:<\/strong><\/p>\n<p><strong><a href=\"http:\/\/vimeo.com\/35268758\">http:\/\/vimeo.com\/35268758<\/a><\/strong><\/p>\n","protected":false},"excerpt":{"rendered":"<p>fotky \/\u00a0tady O tom, jak Ramus k dod\u00e1vce p\u0159i\u0161el, by se dala napsat kn\u00ed\u017eka, tak to vezmu co nejstru\u010dn\u011bji: my\u0161lenka na benefi\u010dn\u00ed koncert, z jeho\u017e v\u00fdt\u011b\u017eku bychom si koupili dod\u00e1vku, n\u00e1m v\u0161em v hlav\u011b kl\u00ed\u010dila dost dlouho. Ramus nikdy nevyv\u00edjel \u017e\u00e1dnou p\u0159\u00edli\u0161nou aktivitu t\u00fdkaj\u00edc\u00ed se sh\u00e1n\u011bn\u00ed pen\u011bz. Akce Ramusu se v\u017edy tak n\u011bjak pokryly samy, &hellip; <a href=\"https:\/\/www.ramus.je\/nejlepsi\/report-na-dodavku\/\" class=\"more-link\">Continue reading<span class=\"screen-reader-text\"> &#8222;\/ 2012 \/ b\u0159ezen \/ Benefit na dod\u00e1vku&#8220;<\/span><\/a><\/p>\n","protected":false},"author":5,"featured_media":0,"comment_status":"open","ping_status":"open","sticky":false,"template":"","format":"standard","meta":{"ngg_post_thumbnail":0,"footnotes":""},"categories":[222],"tags":[],"class_list":["post-2252","post","type-post","status-publish","format-standard","hentry","category-zapisnik"],"_links":{"self":[{"href":"https:\/\/www.ramus.je\/nejlepsi\/wp-json\/wp\/v2\/posts\/2252","targetHints":{"allow":["GET"]}}],"collection":[{"href":"https:\/\/www.ramus.je\/nejlepsi\/wp-json\/wp\/v2\/posts"}],"about":[{"href":"https:\/\/www.ramus.je\/nejlepsi\/wp-json\/wp\/v2\/types\/post"}],"author":[{"embeddable":true,"href":"https:\/\/www.ramus.je\/nejlepsi\/wp-json\/wp\/v2\/users\/5"}],"replies":[{"embeddable":true,"href":"https:\/\/www.ramus.je\/nejlepsi\/wp-json\/wp\/v2\/comments?post=2252"}],"version-history":[{"count":0,"href":"https:\/\/www.ramus.je\/nejlepsi\/wp-json\/wp\/v2\/posts\/2252\/revisions"}],"wp:attachment":[{"href":"https:\/\/www.ramus.je\/nejlepsi\/wp-json\/wp\/v2\/media?parent=2252"}],"wp:term":[{"taxonomy":"category","embeddable":true,"href":"https:\/\/www.ramus.je\/nejlepsi\/wp-json\/wp\/v2\/categories?post=2252"},{"taxonomy":"post_tag","embeddable":true,"href":"https:\/\/www.ramus.je\/nejlepsi\/wp-json\/wp\/v2\/tags?post=2252"}],"curies":[{"name":"wp","href":"https:\/\/api.w.org\/{rel}","templated":true}]}}