{"id":22422,"date":"2024-11-04T09:31:22","date_gmt":"2024-11-04T08:31:22","guid":{"rendered":"https:\/\/www.ramus.je\/nejlepsi\/?p=22422"},"modified":"2024-11-04T09:37:01","modified_gmt":"2024-11-04T08:37:01","slug":"ticha-aukce-umeni-pro-ramus","status":"publish","type":"post","link":"https:\/\/www.ramus.je\/nejlepsi\/ticha-aukce-umeni-pro-ramus\/","title":{"rendered":"Tich\u00e1 aukce um\u011bn\u00ed pro Ramus!"},"content":{"rendered":"<div class=\"wp-block-image\">\n<figure class=\"aligncenter size-large\"><img loading=\"lazy\" decoding=\"async\" width=\"724\" height=\"1024\" src=\"https:\/\/www.ramus.je\/nejlepsi\/wp-content\/uploads\/2024\/11\/logoaukce-plagas-1-724x1024.jpg\" alt=\"\" class=\"wp-image-22425\" srcset=\"https:\/\/www.ramus.je\/nejlepsi\/wp-content\/uploads\/2024\/11\/logoaukce-plagas-1-724x1024.jpg 724w, https:\/\/www.ramus.je\/nejlepsi\/wp-content\/uploads\/2024\/11\/logoaukce-plagas-1-212x300.jpg 212w, https:\/\/www.ramus.je\/nejlepsi\/wp-content\/uploads\/2024\/11\/logoaukce-plagas-1-768x1086.jpg 768w, https:\/\/www.ramus.je\/nejlepsi\/wp-content\/uploads\/2024\/11\/logoaukce-plagas-1-1086x1536.jpg 1086w, https:\/\/www.ramus.je\/nejlepsi\/wp-content\/uploads\/2024\/11\/logoaukce-plagas-1-1448x2048.jpg 1448w, https:\/\/www.ramus.je\/nejlepsi\/wp-content\/uploads\/2024\/11\/logoaukce-plagas-1-scaled.jpg 1810w\" sizes=\"auto, (min-width: 960px) 75vw, 100vw\" \/><\/figure>\n<\/div>\n\n\n<div class=\"wp-block-group\"><div class=\"wp-block-group__inner-container is-layout-constrained wp-block-group-is-layout-constrained\">\n<div class=\"wp-block-columns is-layout-flex wp-container-core-columns-is-layout-9d6595d7 wp-block-columns-is-layout-flex\">\n<div class=\"wp-block-column is-layout-flow wp-block-column-is-layout-flow\" style=\"flex-basis:100%\">\n<div class=\"wp-block-group\"><div class=\"wp-block-group__inner-container is-layout-constrained wp-block-group-is-layout-constrained\">\n<p>Zveme v\u00e1s na 8. ro\u010dn\u00edk benefi\u010dn\u00ed Tich\u00e9 aukce pro Ramus! I letos jsme vyu\u017eili pr\u016fniku ramus\u00edch a um\u011bleck\u00fdch kruh\u016f a sv\u00e1 d\u00edla n\u00e1m darovali zaveden\u00ed i za\u010d\u00ednaj\u00edc\u00ed um\u011blci.\u00a0Zjist\u011bte, co aktu\u00e1ln\u011b trenduje v um\u011bn\u00ed, poznejte nov\u00e9 autory a odneste si dom\u016f malbu, grafiku, keramiku, \u0161perk, autorskou knihy nebo kus n\u00e1bytku!<\/p>\n\n\n\n<p>OFFLINE aukce prob\u011bhne ve \u010dtvrtek 28.11. od 19:00, a to tentokr\u00e1t v alternativn\u00edm prostoru Garage Gallery (V\u00edtkova 631\/7a, Karl\u00edn), kde jste nejsp\u00ed\u0161 nikdy nebyli a m\u011bli byste to napravit.<\/p>\n\n\n\n<p>T\u011b\u0161it se m\u016f\u017eete na um\u010do, ob\u010derstven\u00ed, hudbu a nap\u00ednavou atmosf\u00e9ru graduj\u00edc\u00ed aukce! Nemus\u00edte tu nechat v\u00fdplatu, m\u016f\u017eete se jen p\u0159ij\u00edt pod\u00edvat na v\u00fdstavu d\u011bl a pomoct anonymn\u011b vy\u0161ponovat jejich ceny v\u00fd\u0161.\u00a0Ide\u00e1ln\u011b ale vezm\u011bte co nejv\u00edc lid\u00ed s sebou, cash nebo bankovn\u00ed appku, a p\u0159ij\u010fte spole\u010dn\u011b vy\u0159e\u0161it v\u00e1no\u010dn\u00ed d\u00e1rky i svou dobrou karmu.<\/p>\n\n\n\n<p>ONLINE aukce bude n\u00e1sledovat od ned\u011ble 8.12. 19:00 do st\u0159edy 11.12. 19:00 a budete se moct takticky utkat o dal\u0161\u00ed v\u00e1rku d\u011bl na&nbsp;<a href=\"http:\/\/www.ramus.je\/tichaaukce?fbclid=IwZXh0bgNhZW0CMTAAAR1GA7dXt2A66Z18EP4XrkVXuGP8AGGd9uteKCQ8omAWMnV5AHR5ionCFR4_aem_5MoAVwb2p22hkDXOXNnemQ\" rel=\"noreferrer noopener\" target=\"_blank\">www.ramus.je\/tichaaukce<\/a>. Tam zat\u00edm najdete pravidla online aukce a d\u00edla z lo\u0148sk\u00e9ho ro\u010dn\u00edku.<\/p>\n\n\n\n<p>Kdo jsme a pro\u010d p\u0159isp\u011bt? Jsme Ramus! (<a href=\"https:\/\/l.facebook.com\/l.php?u=http%3A%2F%2Fwww.ramus.je%2F%3Ffbclid%3DIwZXh0bgNhZW0CMTAAAR0EM5yoXg2OSRPfzGdlrLnAVTP26D00T1xOiy2-GWsqpf_kaDpixHUcXuk_aem_HM-KonIGdT-2UIwjo0u-ng&amp;h=AT2Zxv18z5KKw4MTZP66DZ0t43NIecqSnxNsXVE4RbDyZJQFaCoHaIRaZi6wHl5DUf7fGIBpOr7nHySG-Av2U0xytnhbfTca-J9Mdiu_CghlzSG89DVWviI81PJUVvRbV0gwyoetjA&amp;__tn__=q&amp;c[0]=AT2Glt8pD0YHvlIvRLqv7o9Zl-94JeeozDysWytVV1Y6euudNV8ETz4CXk6AxMz9kLwyENf4liOwciCM_PcKSar654oVL0C3qrkk7yPLLM-HJjOH_McLKwnvOHnVjWIbw15bnv5UpSvV3gIkt0orjXNK_VZ5mMBq5ikKIQ\" target=\"_blank\" rel=\"noreferrer noopener\">www.ramus.je<\/a>) Ji\u017e patn\u00e1ct let po\u0159\u00e1d\u00e1me akce pro mlad\u00e9 lidi s posti\u017een\u00edm i bez n\u011bj.\u00a0Nevyu\u017e\u00edv\u00e1me granty ani dotace a op\u00edr\u00e1me se o individu\u00e1ln\u00ed a firemn\u00ed d\u00e1rce, kte\u0159\u00ed n\u00e1s cht\u011bj\u00ed v\u011bdom\u011b podpo\u0159itTak pros\u00edm sd\u00edlejte ud\u00e1lost, zv\u011bte sv\u00e9 p\u0159\u00e1tele, rodinu i kolegy, i kdy\u017e Ramus t\u0159eba neznaj\u00ed, a\u0165 nasaj\u00ed ramus\u00ed atmosf\u00e9ru, u\u017eijou si kulturn\u00ed ve\u010der a odnesou si dom\u016f um\u011bn\u00ed s dobr\u00fdm pocitem!\u00a0<img loading=\"lazy\" decoding=\"async\" height=\"16\" width=\"16\" src=\"https:\/\/static.xx.fbcdn.net\/images\/emoji.php\/v9\/t75\/2\/16\/2728.png\" alt=\"&#x2728;\"><\/p>\n<\/div><\/div>\n<\/div>\n<\/div>\n\n\n\n<p>T\u011b\u0161\u00edme se na v\u00e1s!<\/p>\n\n\n\n<p><a href=\"https:\/\/www.facebook.com\/events\/927053275440412\/?acontext=%7B%22event_action_history%22%3A[]%7D\" data-type=\"link\" data-id=\"https:\/\/www.facebook.com\/events\/927053275440412\/?acontext=%7B%22event_action_history%22%3A[]%7D\">Fb ud\u00e1lost zde<\/a><\/p>\n<\/div><\/div>\n","protected":false},"excerpt":{"rendered":"<p>Zveme v\u00e1s na 8. ro\u010dn\u00edk benefi\u010dn\u00ed Tich\u00e9 aukce pro Ramus! I letos jsme vyu\u017eili pr\u016fniku ramus\u00edch a um\u011bleck\u00fdch kruh\u016f a sv\u00e1 d\u00edla n\u00e1m darovali zaveden\u00ed i za\u010d\u00ednaj\u00edc\u00ed um\u011blci.\u00a0Zjist\u011bte, co aktu\u00e1ln\u011b trenduje v um\u011bn\u00ed, poznejte nov\u00e9 autory a odneste si dom\u016f malbu, grafiku, keramiku, \u0161perk, autorskou knihy nebo kus n\u00e1bytku! OFFLINE aukce prob\u011bhne ve \u010dtvrtek 28.11. &hellip; <a href=\"https:\/\/www.ramus.je\/nejlepsi\/ticha-aukce-umeni-pro-ramus\/\" class=\"more-link\">Continue reading<span class=\"screen-reader-text\"> &#8222;Tich\u00e1 aukce um\u011bn\u00ed pro Ramus!&#8220;<\/span><\/a><\/p>\n","protected":false},"author":3,"featured_media":0,"comment_status":"closed","ping_status":"","sticky":false,"template":"","format":"standard","meta":{"ngg_post_thumbnail":0,"footnotes":""},"categories":[213],"tags":[],"class_list":["post-22422","post","type-post","status-publish","format-standard","hentry","category-novinky"],"_links":{"self":[{"href":"https:\/\/www.ramus.je\/nejlepsi\/wp-json\/wp\/v2\/posts\/22422","targetHints":{"allow":["GET"]}}],"collection":[{"href":"https:\/\/www.ramus.je\/nejlepsi\/wp-json\/wp\/v2\/posts"}],"about":[{"href":"https:\/\/www.ramus.je\/nejlepsi\/wp-json\/wp\/v2\/types\/post"}],"author":[{"embeddable":true,"href":"https:\/\/www.ramus.je\/nejlepsi\/wp-json\/wp\/v2\/users\/3"}],"replies":[{"embeddable":true,"href":"https:\/\/www.ramus.je\/nejlepsi\/wp-json\/wp\/v2\/comments?post=22422"}],"version-history":[{"count":3,"href":"https:\/\/www.ramus.je\/nejlepsi\/wp-json\/wp\/v2\/posts\/22422\/revisions"}],"predecessor-version":[{"id":22428,"href":"https:\/\/www.ramus.je\/nejlepsi\/wp-json\/wp\/v2\/posts\/22422\/revisions\/22428"}],"wp:attachment":[{"href":"https:\/\/www.ramus.je\/nejlepsi\/wp-json\/wp\/v2\/media?parent=22422"}],"wp:term":[{"taxonomy":"category","embeddable":true,"href":"https:\/\/www.ramus.je\/nejlepsi\/wp-json\/wp\/v2\/categories?post=22422"},{"taxonomy":"post_tag","embeddable":true,"href":"https:\/\/www.ramus.je\/nejlepsi\/wp-json\/wp\/v2\/tags?post=22422"}],"curies":[{"name":"wp","href":"https:\/\/api.w.org\/{rel}","templated":true}]}}