{"id":2233,"date":"2012-11-24T00:00:00","date_gmt":"2012-11-23T23:00:00","guid":{"rendered":"https:\/\/www.ramus.je\/web\/ramusfotoday\/"},"modified":"2012-11-24T00:00:00","modified_gmt":"2012-11-23T23:00:00","slug":"ramusfotoday","status":"publish","type":"post","link":"https:\/\/www.ramus.je\/nejlepsi\/ramusfotoday\/","title":{"rendered":"\/ 2012 \/ listopad \/ Ramus foto day"},"content":{"rendered":"<p><a href=\"index.php\/archiv\/galerie?view=album&#038;album=5828837552149158353&#038;page=1\"><strong>V\u00fdsledn\u00fd kalend\u00e1\u0159 na rok 2013<\/strong><\/a><a href=\"index.php\/archiv\/galerie?view=album&#038;album=5828837552149158353&#038;page=1\"><br \/><\/a><\/p>\n<p><strong>zapsala \/ Majda<\/strong><br \/><strong>foto \/\u00a0<a href=\"index.php\/archiv\/galerie?view=album&#038;album=5824747052727586433&#038;page=1\">tuhle<\/a><\/strong><\/p>\n<p>V\u0161echno prob\u00edhalo jako obvykle. A\u017e na to, \u017ee mi zazvonil bud\u00edk v 7, to v sobotu nen\u00ed norm\u00e1ln\u00ed. Bud\u00edk v sobotu mi zvon\u00ed jen kdy\u017e je n\u011bco d\u016fle\u017eit\u00e9ho. A taky \u017ee m\u00e1 ten bud\u00edk pravdu, jedem p\u0159ece s ramus\u00e1kama na v\u00fdlet! Cel\u00fd den budeme n\u011bkde v \u010desk\u00fdch luk\u00e1ch a h\u00e1j\u00edch pla\u0161it srnky a relaxovat v p\u0159\u00edrod\u011b. Je kosa, tak nabaluju celou zimn\u00ed v\u00fdbavu, b\u00e1gl, karim\u00e1\u0165u, spac\u00e1k (nikdo nikdy nev\u00ed, kde Ramus uv\u00edzne) a dal\u0161\u00ed prkotiny. B\u011b\u017e\u00edm na busovou centr\u00e1lu, kde m\u00e1m sraz s Martou, se kterou v\u00fdlet organizuju.<\/p>\n<p>Mus\u00edme zde koupit l\u00edstky do destinace Ramusem do dne\u0161ka nenav\u0161t\u00edven\u00e9. Av\u0161ak neda\u0159\u00ed se. L\u00edstky jsou ji\u017e vyprod\u00e1ny. Kouk\u00e1m na hodinky a zji\u0161\u0165uju, \u017ee na\u0161e ramus\u00e1ck\u00e1 v\u00fdprava ji\u017e \u010dek\u00e1 na domluven\u00e9m m\u00edst\u011b srazu a my s Martou jsme tomuto m\u00edstu je\u0161t\u011b na hony vzd\u00e1len\u00e9. Vol\u00e1m J\u00edt\u011b, m\u00e1 zpo\u017ed\u011bn\u00ed, pt\u00e1m se na Hynka, prej jakbysmet, vol\u00e1m Ondrovi &#8211; \u201esorry sem je\u0161t\u011b v metru\u201c, vol\u00e1m Milen &#8211; \u201cteprve vyb\u00edh\u00e1m z domu\u201c a b\u011bhem toho \u010dtu smsky: Thea &#8211; \u201cpromi\u0148 hodinu zpo\u017ed\u011bn\u00ed\u201c, Martin &#8211; \u201cpromi\u0148 p\u016flho\u010fka zpo\u017ed\u011bn\u00ed\u201c, Veru &#8211; \u201cpromi\u0148 hodina zpo\u017ed\u011bn\u00ed\u201c, Maru &#8211; promi\u0148 p\u0159i\u0161la sem pozd\u011b z pr\u00e1ce, nevstanu\u201c. Musim se zasm\u00e1t. Pozd\u011bji na srazu to Ondra shrne p\u011bkn\u011b: \u201etak v\u00ed\u0161 co, alespo\u0148 je vedem k samostatnosti\u201c &#8211; po tom, co sem vytrousila obavu, \u017ee tam na n\u00e1s na\u0161e ramus\u00e1ck\u00e1 omladina \u010dek\u00e1 s rodi\u010di, ani\u017e by tam byl kdokoliv, kdo by jim byl schopnej vysv\u011btlit, \u017ee se ten den v\u00e1\u017en\u011b kon\u00e1 organizovan\u00fd v\u00fdlet.<\/p>\n<p>Dob\u00edh\u00e1me s Martou na m\u00edsto. Letmo kouk\u00e1m, ale vypad\u00e1 to, \u017ee rodi\u010de u\u017e jsou na na\u0161i nedochvilnost zvykl\u00ed a nikdo akci nevzdal. S trapnost\u00ed v hlase se v\u0161em omlouv\u00e1me, ale autobus neza\u0159\u00edzen. Mus\u00edme vymyslet alternativu. Nikoho to ani nezaj\u00edm\u00e1. Asi jsou v\u0161ichni jen r\u00e1di, \u017ee jsme zase v\u0161ichni spolu. Vzduchem probleskujou n\u00e1vrhy, kam teda pojedeme. Vypad\u00e1 to, \u017ee vyhraje Divok\u00e1 \u0160\u00e1rka. Okolo jde divnej chl\u00e1pek s fo\u0165\u00e1kem spole\u010dn\u011b s d\u00edvkou a chlapcem, ego za nimi vlaje dal\u0161\u00ed t\u0159i kilometry. Norm\u00e1ln\u011b bych je nezmi\u0148ovala, takov\u00fdch lid\u00ed potk\u00e1v\u00e1me denn\u011b des\u00edtky, ale tenhle n\u00e1s oslovil. Divn\u00fd. Chce n\u00e1s zav\u00e9st do sv\u00e9ho ateli\u00e9ru a nafotit s n\u00e1mi fotky, pr\u00fd jsme zaj\u00edmav\u00fd. Je\u0161t\u011b divn\u011bj\u0161\u00ed. Ale co, sme p\u0159ece Ramus, tak pro\u010d to nezkusit. Nav\u00edc, o sl\u00e1v\u011b u\u017e n\u011bco v\u00edme.<\/p>\n<p>P\u0159ed za\u010d\u00e1tkem cesty do ateli\u00e9ru jsme varov\u00e1ni p\u0159ed z\u00e1ke\u0159n\u00fdmi paparazzi. Jestli pr\u00fd nechceme, aby o n\u00e1s druh\u00fd den psali, jak jsme se opili pod obraz v Dejvic\u00edch, m\u00e1me si krejt z\u00e1da, a taky obli\u010dej. Asi v\u00ed, o \u010dem mluv\u00ed. Vyr\u00e1\u017e\u00edme. Na ulici \u017e\u00e1dn\u00fd vzr\u016f\u0161o, ale jakmile vjedem do par\u010d\u00edku, \u00fato\u010d\u00ed na n\u00e1s hned dva paparazzi. Klop\u00edme na sebe voz\u00edky a jedem se schovat za nejbli\u017e\u0161\u00ed stromek, kter\u00fd je tak huben\u00fd, \u017ee bych za n\u011bj neschovala ani svoje l\u00fdtko. Nevad\u00ed, takov\u00fdhle t\u00fdpci nemaj \u010dasto v hlav\u011b moc chytrosti, proto je na\u0161e p\u0159\u00e1telsk\u00e9 obklopen\u00ed stromu dost zmate! Par\u00e1da, prvn\u00ed n\u00e1let jsme zvl\u00e1dali.Jdeme d\u00e1l, vid\u00edme je zase. U\u017e sme rychlej\u0161\u00ed. B\u011b\u017e\u00edme s Davidem a jeho voz\u00edkem za ke\u0159. Dob\u011bhnem, nadechnu se a kouk\u00e1m, \u017ee jsou v\u0161ichni schovan\u00fd&#8230; a\u017e na Lindu.Ta nehnut\u011b stoj\u00ed uprost\u0159ed cesty a pov\u00edd\u00e1 si sama pro sebe.\u010clov\u011bk by \u0159ek, \u017ee nech\u00e1pe v\u00e1\u017enost situace, ale asi to bude sp\u00ed\u0161 obr\u00e1cen\u011b. Je jedin\u00e1, kter\u00e1 si nezasluhuje pozornost fotograf\u016f.<\/p>\n<p>Kdy\u017e doraz\u00edme do ateli\u00e9ru, je n\u00e1m ozn\u00e1meno, \u017ee se na m\u00edst\u011b m\u016f\u017eeme pohybovat jen s PRESS karti\u010dkami. Jdeme vyr\u00e1b\u011bt. Bylo by nebezpe\u010dn\u00e9 vystupovat pod skute\u010dn\u00fdm jm\u00e9nem, byli bychom pak zodpov\u011bdn\u00ed za obsahy \u010dl\u00e1nk\u016f, vym\u00fd\u0161l\u00edme si tedy n\u00e1hradn\u00ed jm\u00e9na. Cha cha, to je zmatem. Na pressk\u00e1ch nechyb\u00ed ani na\u0161e nov\u00e1, fiktivn\u00ed podobizna.<\/p>\n<p>D\u011bl\u00edme se na skupiny, jedna \u010d\u00e1st jde fotit, zbytek jde na \u010derstv\u00fd vzduch. Pan fotograf se rozhodl se sv\u00fdm foto \u0161t\u00e1bem vyu\u017e\u00edt na\u0161\u00ed p\u0159\u00edtomnosti a kr\u00e1sy pro nafocen\u00ed kalend\u00e1\u0159e. Za z\u00e1dy si mnem ruce, mohli bychom si t\u00edm vyd\u011blat na dod\u00e1vku \u010d\u00edslo dv\u011b, a pak u\u017e by n\u00e1m \u017e\u00e1dn\u00fd bus neujel.<\/p>\n<p>B\u011bhem dne se u focen\u00ed vyst\u0159\u00edd\u00e1me \u00fapln\u011b v\u0161ichni. Zbytek si venku, d\u00edky r\u016fzn\u00fdm aktivit\u00e1m, uv\u011bdomuje podvratnost bulv\u00e1ru a t\u011b\u017ek\u00fd \u017eivot celebrit. Mimo jin\u00e9 se i p\u0159iu\u010d\u00edme nov\u00fdm bulv\u00e1rn\u00edm pojm\u016fm &#8211; schv\u00e1ln\u011b, ke komu byste p\u0159i\u0159adili nalezen\u00fd artefakt: deku. Ke Klausovi, nebo k J\u00e1grovi?Jestli nev\u00edte, pot\u0159ebovali byste tak\u00e9 proj\u00edt \u0161kolen\u00edm. Na z\u00e1v\u011br dne jsme si vyzkou\u0161eli divadeln\u011b ztv\u00e1rnit den celebrity.<\/p>\n<p>Se stm\u00edv\u00e1n\u00edm jsme si mohli do p\u0159\u00e1tel na fejsbuku p\u0159idat nov\u00e9ho p\u0159\u00edtele, p\u00e1na fotografa, a nejen d\u00edky n\u011bmu jsme mohli za na\u0161eho v\u011b\u010dn\u00e9ho nep\u0159\u00edtele ozna\u010dit bulv\u00e1r. Po tom, co jsme se roze\u0161li ka\u017ed\u00fd zase dom\u016f jen douf\u00e1me, \u017ee na\u0161e celodenn\u00ed sna\u017een\u00ed nebude marn\u00e9 a z na\u0161ich kr\u00e1sn\u00fdch ramus\u00e1ck\u00fdch tv\u00e1\u0159\u00ed zbude brzy pam\u00e1tka na fotografick\u00e9m pap\u00ed\u0159e.<\/p>\n<p><strong>video \/\u00a0<a href=\"http:\/\/vimeo.com\/54813512\">tady, focen\u00ed kalend\u00e1\u0159e<\/a><\/strong><\/p>\n","protected":false},"excerpt":{"rendered":"<p>V\u00fdsledn\u00fd kalend\u00e1\u0159 na rok 2013 zapsala \/ Majdafoto \/\u00a0tuhle V\u0161echno prob\u00edhalo jako obvykle. A\u017e na to, \u017ee mi zazvonil bud\u00edk v 7, to v sobotu nen\u00ed norm\u00e1ln\u00ed. Bud\u00edk v sobotu mi zvon\u00ed jen kdy\u017e je n\u011bco d\u016fle\u017eit\u00e9ho. A taky \u017ee m\u00e1 ten bud\u00edk pravdu, jedem p\u0159ece s ramus\u00e1kama na v\u00fdlet! Cel\u00fd den budeme n\u011bkde v &hellip; <a href=\"https:\/\/www.ramus.je\/nejlepsi\/ramusfotoday\/\" class=\"more-link\">Continue reading<span class=\"screen-reader-text\"> &#8222;\/ 2012 \/ listopad \/ Ramus foto day&#8220;<\/span><\/a><\/p>\n","protected":false},"author":5,"featured_media":0,"comment_status":"open","ping_status":"open","sticky":false,"template":"","format":"standard","meta":{"ngg_post_thumbnail":0,"footnotes":""},"categories":[222],"tags":[],"class_list":["post-2233","post","type-post","status-publish","format-standard","hentry","category-zapisnik"],"_links":{"self":[{"href":"https:\/\/www.ramus.je\/nejlepsi\/wp-json\/wp\/v2\/posts\/2233","targetHints":{"allow":["GET"]}}],"collection":[{"href":"https:\/\/www.ramus.je\/nejlepsi\/wp-json\/wp\/v2\/posts"}],"about":[{"href":"https:\/\/www.ramus.je\/nejlepsi\/wp-json\/wp\/v2\/types\/post"}],"author":[{"embeddable":true,"href":"https:\/\/www.ramus.je\/nejlepsi\/wp-json\/wp\/v2\/users\/5"}],"replies":[{"embeddable":true,"href":"https:\/\/www.ramus.je\/nejlepsi\/wp-json\/wp\/v2\/comments?post=2233"}],"version-history":[{"count":0,"href":"https:\/\/www.ramus.je\/nejlepsi\/wp-json\/wp\/v2\/posts\/2233\/revisions"}],"wp:attachment":[{"href":"https:\/\/www.ramus.je\/nejlepsi\/wp-json\/wp\/v2\/media?parent=2233"}],"wp:term":[{"taxonomy":"category","embeddable":true,"href":"https:\/\/www.ramus.je\/nejlepsi\/wp-json\/wp\/v2\/categories?post=2233"},{"taxonomy":"post_tag","embeddable":true,"href":"https:\/\/www.ramus.je\/nejlepsi\/wp-json\/wp\/v2\/tags?post=2233"}],"curies":[{"name":"wp","href":"https:\/\/api.w.org\/{rel}","templated":true}]}}