{"id":2228,"date":"2012-11-17T00:00:00","date_gmt":"2012-11-16T23:00:00","guid":{"rendered":"https:\/\/www.ramus.je\/web\/charitativnibazar\/"},"modified":"2012-11-17T00:00:00","modified_gmt":"2012-11-16T23:00:00","slug":"charitativnibazar","status":"publish","type":"post","link":"https:\/\/www.ramus.je\/nejlepsi\/charitativnibazar\/","title":{"rendered":"\/ 2012 \/ listopad \/ Charitativn\u00ed bazar"},"content":{"rendered":"<p>Ramus str\u00e1vil sobotu na \u201eVelk\u00e9m p\u0159edv\u00e1no\u010dn\u00edm charitativn\u00edm bazaru\u201c Michaely Grimm v Lu\u017eeni\u010dk\u00e1ch u Doma\u017elic. Michaela Grimm a jej\u00ed p\u0159\u00edpravn\u00fd t\u00fdm po\u0159\u00e1d\u00e1 ve spolupr\u00e1ci s farn\u00edm sborem \u010cCE v Doma\u017elic\u00edch dvakr\u00e1t do roka charitativn\u00ed bazar. Jeho v\u00fdt\u011b\u017eek putuje na r\u016fzn\u00e1 ob\u010dansk\u00e1 sdru\u017een\u00ed, nap\u0159. pravideln\u011b p\u0159isp\u00edv\u00e1 na neziskovou organizaci Diakonie, odbornou \u0161kolu Zb\u016fch a letos v kv\u011btnu obdr\u017eelo moc p\u011bkn\u00fd finan\u010dn\u00ed p\u0159\u00edsp\u011bvek i ob\u010dansk\u00e9 sdru\u017een\u00ed Ramus.<\/p>\n<p>Tuto sobotu se n\u011bkolik na\u0161ich \u010dlen\u016f vydalo pod\u00edvat na druh\u00fd leto\u0161n\u00ed bazar a na\u0161e sdru\u017een\u00ed tam prezentovalo. P\u0159ipravili jsme si RAMUS\u00e1ckou n\u00e1st\u011bnku plnou fotek a informac\u00ed, pou\u0161t\u011bli jsme filmy z na\u0161eho DVD a s ohledem na chladn\u00e9 podzimn\u00ed po\u010das\u00ed se osv\u011bd\u010dil i n\u00e1pad s prodejem sva\u0159\u00e1ku. Na bazar proudily davy lid\u00ed z \u0161irok\u00e9ho okol\u00ed, ostatn\u011b i my sami jsme si v t\u00e9 z\u00e1plav\u011b bazarov\u00fdch v\u011bc\u00ed (p\u0159ev\u00e1\u017en\u011b oble\u010den\u00ed) nakonec vybrali mnoho p\u011bkn\u00fdch kousk\u016f.<\/p>\n<p>Cel\u00fd bazar team si z na\u0161\u00ed strany zaslou\u017e\u00ed velik\u00e9 uzn\u00e1n\u00ed, v\u0161e m\u011bl opravdu v\u00fdborn\u011b zorganizovan\u00e9 a n\u00e1por n\u00e1v\u0161t\u011bvn\u00edk\u016f hladce zvl\u00e1dl. Z tohoto dobro\u010dinn\u00e9ho bazaru poputuje Ramusu neuv\u011b\u0159iteln\u00fdch 38.000,- K\u010d. P\u0159evelice d\u011bkujeme a NAZDAR BAZAR!<\/p>\n<p><strong>zapsala \/ Ani\u010dka<\/strong><br \/><strong>fotky \/\u00a0<a href=\"index.php\/archiv\/galerie?view=album&#038;album=5815824174155140993&#038;page=1\">bazar 2012<\/a><br \/>video nato\u010den\u00e9 na t\u00e9m\u017ee m\u00edst\u011b o rok pozd\u011bji:<\/strong><\/p>\n<p><strong><a href=\"http:\/\/www.youtube.com\/watch?v=GirjKnZWx5c\">http:\/\/www.youtube.com\/watch?v=GirjKnZWx5c<\/a><\/strong><\/p>\n","protected":false},"excerpt":{"rendered":"<p>Ramus str\u00e1vil sobotu na \u201eVelk\u00e9m p\u0159edv\u00e1no\u010dn\u00edm charitativn\u00edm bazaru\u201c Michaely Grimm v Lu\u017eeni\u010dk\u00e1ch u Doma\u017elic. Michaela Grimm a jej\u00ed p\u0159\u00edpravn\u00fd t\u00fdm po\u0159\u00e1d\u00e1 ve spolupr\u00e1ci s farn\u00edm sborem \u010cCE v Doma\u017elic\u00edch dvakr\u00e1t do roka charitativn\u00ed bazar. Jeho v\u00fdt\u011b\u017eek putuje na r\u016fzn\u00e1 ob\u010dansk\u00e1 sdru\u017een\u00ed, nap\u0159. pravideln\u011b p\u0159isp\u00edv\u00e1 na neziskovou organizaci Diakonie, odbornou \u0161kolu Zb\u016fch a letos v kv\u011btnu &hellip; <a href=\"https:\/\/www.ramus.je\/nejlepsi\/charitativnibazar\/\" class=\"more-link\">Continue reading<span class=\"screen-reader-text\"> &#8222;\/ 2012 \/ listopad \/ Charitativn\u00ed bazar&#8220;<\/span><\/a><\/p>\n","protected":false},"author":5,"featured_media":0,"comment_status":"open","ping_status":"open","sticky":false,"template":"","format":"standard","meta":{"ngg_post_thumbnail":0,"footnotes":""},"categories":[222],"tags":[],"class_list":["post-2228","post","type-post","status-publish","format-standard","hentry","category-zapisnik"],"_links":{"self":[{"href":"https:\/\/www.ramus.je\/nejlepsi\/wp-json\/wp\/v2\/posts\/2228","targetHints":{"allow":["GET"]}}],"collection":[{"href":"https:\/\/www.ramus.je\/nejlepsi\/wp-json\/wp\/v2\/posts"}],"about":[{"href":"https:\/\/www.ramus.je\/nejlepsi\/wp-json\/wp\/v2\/types\/post"}],"author":[{"embeddable":true,"href":"https:\/\/www.ramus.je\/nejlepsi\/wp-json\/wp\/v2\/users\/5"}],"replies":[{"embeddable":true,"href":"https:\/\/www.ramus.je\/nejlepsi\/wp-json\/wp\/v2\/comments?post=2228"}],"version-history":[{"count":0,"href":"https:\/\/www.ramus.je\/nejlepsi\/wp-json\/wp\/v2\/posts\/2228\/revisions"}],"wp:attachment":[{"href":"https:\/\/www.ramus.je\/nejlepsi\/wp-json\/wp\/v2\/media?parent=2228"}],"wp:term":[{"taxonomy":"category","embeddable":true,"href":"https:\/\/www.ramus.je\/nejlepsi\/wp-json\/wp\/v2\/categories?post=2228"},{"taxonomy":"post_tag","embeddable":true,"href":"https:\/\/www.ramus.je\/nejlepsi\/wp-json\/wp\/v2\/tags?post=2228"}],"curies":[{"name":"wp","href":"https:\/\/api.w.org\/{rel}","templated":true}]}}