{"id":2189,"date":"2012-04-23T09:38:26","date_gmt":"2012-04-23T08:38:26","guid":{"rendered":"https:\/\/www.ramus.je\/web\/matousohonzik\/"},"modified":"2012-04-23T09:38:26","modified_gmt":"2012-04-23T08:38:26","slug":"matousohonzik","status":"publish","type":"post","link":"https:\/\/www.ramus.je\/nejlepsi\/matousohonzik\/","title":{"rendered":"Matou\u0161 Glanc a Honz\u00edk Rudolf \/ zakladatel\u00e9 o. s. Ramus"},"content":{"rendered":"<p> \t<strong><span data-scayt_word=\"Listopad\" data-scaytid=\"65\">Listopad<\/span>\u00a02010 \/<\/strong>\u00a0<span data-scayt_word=\"Tajn\u011b\" data-scaytid=\"32\">Tajn\u011b<\/span> <span data-scayt_word=\"po\u0159\u00edzen\u00e1\" data-scaytid=\"1\">po\u0159\u00edzen\u00e1<\/span> <span data-scayt_word=\"skand\u00e1ln\u00ed\" data-scaytid=\"2\">skand\u00e1ln\u00ed<\/span> <span data-scayt_word=\"nahr\u00e1vka\" data-scaytid=\"3\">nahr\u00e1vka<\/span> z 11. <span data-scayt_word=\"listopadu\" data-scaytid=\"4\">listopadu<\/span> 2010, <span data-scayt_word=\"na\" data-scaytid=\"5\">na<\/span> <span data-scayt_word=\"kter\u00e9\" data-scaytid=\"6\">kter\u00e9<\/span> <span data-scayt_word=\"zakladatel\u00e9\" data-scaytid=\"7\">zakladatel\u00e9<\/span> o. s. <span data-scayt_word=\"Ramus\" data-scaytid=\"8\">Ramus<\/span>, <span data-scayt_word=\"Matou\u0161\" data-scaytid=\"9\">Matou&scaron;<\/span> <span data-scayt_word=\"Glanc\" data-scaytid=\"10\">Glanc<\/span> a <span data-scayt_word=\"Honz\u00edk\" data-scaytid=\"11\">Honz\u00edk<\/span> Rudolf, <span data-scayt_word=\"hovo\u0159\u00ed\" data-scaytid=\"12\">hovo\u0159\u00ed<\/span> o <span data-scayt_word=\"velk\u00e9m\" data-scaytid=\"13\">velk\u00e9m<\/span> <span data-scayt_word=\"z\u00e1kulis\u00ed\" data-scaytid=\"14\">z\u00e1kulis\u00ed<\/span> <span data-scayt_word=\"mal\u00e9ho\" data-scaytid=\"15\">mal\u00e9ho<\/span> <span data-scayt_word=\"sdru\u017een\u00ed\" data-scaytid=\"16\">sdru\u017een\u00ed<\/span>.<\/p>\n<p> \t<a href=\"http:\/\/vimeo.com\/40828981\">http:\/\/vimeo.com\/40828981<\/a><\/p>\n","protected":false},"excerpt":{"rendered":"<p>Listopad\u00a02010 \/\u00a0Tajn\u011b po\u0159\u00edzen\u00e1 skand\u00e1ln\u00ed nahr\u00e1vka z 11. listopadu 2010, na kter\u00e9 zakladatel\u00e9 o. s. Ramus, Matou&scaron; Glanc a Honz\u00edk Rudolf, hovo\u0159\u00ed o velk\u00e9m z\u00e1kulis\u00ed mal\u00e9ho sdru\u017een\u00ed. http:\/\/vimeo.com\/40828981<\/p>\n","protected":false},"author":5,"featured_media":0,"comment_status":"open","ping_status":"open","sticky":false,"template":"","format":"standard","meta":{"ngg_post_thumbnail":0,"footnotes":""},"categories":[215],"tags":[],"class_list":["post-2189","post","type-post","status-publish","format-standard","hentry","category-video-video"],"_links":{"self":[{"href":"https:\/\/www.ramus.je\/nejlepsi\/wp-json\/wp\/v2\/posts\/2189","targetHints":{"allow":["GET"]}}],"collection":[{"href":"https:\/\/www.ramus.je\/nejlepsi\/wp-json\/wp\/v2\/posts"}],"about":[{"href":"https:\/\/www.ramus.je\/nejlepsi\/wp-json\/wp\/v2\/types\/post"}],"author":[{"embeddable":true,"href":"https:\/\/www.ramus.je\/nejlepsi\/wp-json\/wp\/v2\/users\/5"}],"replies":[{"embeddable":true,"href":"https:\/\/www.ramus.je\/nejlepsi\/wp-json\/wp\/v2\/comments?post=2189"}],"version-history":[{"count":0,"href":"https:\/\/www.ramus.je\/nejlepsi\/wp-json\/wp\/v2\/posts\/2189\/revisions"}],"wp:attachment":[{"href":"https:\/\/www.ramus.je\/nejlepsi\/wp-json\/wp\/v2\/media?parent=2189"}],"wp:term":[{"taxonomy":"category","embeddable":true,"href":"https:\/\/www.ramus.je\/nejlepsi\/wp-json\/wp\/v2\/categories?post=2189"},{"taxonomy":"post_tag","embeddable":true,"href":"https:\/\/www.ramus.je\/nejlepsi\/wp-json\/wp\/v2\/tags?post=2189"}],"curies":[{"name":"wp","href":"https:\/\/api.w.org\/{rel}","templated":true}]}}