{"id":21742,"date":"2024-09-09T00:18:40","date_gmt":"2024-09-08T23:18:40","guid":{"rendered":"https:\/\/www.ramus.je\/nejlepsi\/?p=21742"},"modified":"2024-09-09T00:18:40","modified_gmt":"2024-09-08T23:18:40","slug":"humans-of-ramus-%e3%83%bb%e2%9d%a5%e3%83%bbvojtecko","status":"publish","type":"post","link":"https:\/\/www.ramus.je\/nejlepsi\/humans-of-ramus-%e3%83%bb%e2%9d%a5%e3%83%bbvojtecko\/","title":{"rendered":"HUMANS OF RAMUS \u30fb\u2765\u30fbVojt\u00e9\u010dko"},"content":{"rendered":"\n<p>\u201eZdrav\u00edm Ramus\u00e1ky. Poslouchal jsem hudbu a maloval a hr\u00e1l na piano. R\u00e1d jezd\u00edm na t\u00e1bor a v\u00fdlety do Prahy a na v\u00edkendovky. M\u00e1m r\u00e1d n\u00e1v\u0161t\u011bvy. R\u00e1d jezd\u00edm dom\u016f k t\u00e1tovi a k m\u00e1m\u011b na V\u00e1noce a narozeniny. R\u00e1d kouk\u00e1m na televizi. R\u00e1d d\u011bl\u00e1m prezentace fotek z Domova Mlad\u00e1 v Milovic\u00edch. D\u00edky Vojta.\u201c<\/p>\n\n\n\n<figure class=\"wp-block-image size-large\"><img loading=\"lazy\" decoding=\"async\" width=\"1024\" height=\"678\" src=\"https:\/\/www.ramus.je\/nejlepsi\/wp-content\/uploads\/2024\/09\/img_00-1024x678.jpeg\" alt=\"\" class=\"wp-image-21743\" srcset=\"https:\/\/www.ramus.je\/nejlepsi\/wp-content\/uploads\/2024\/09\/img_00-1024x678.jpeg 1024w, https:\/\/www.ramus.je\/nejlepsi\/wp-content\/uploads\/2024\/09\/img_00-300x199.jpeg 300w, https:\/\/www.ramus.je\/nejlepsi\/wp-content\/uploads\/2024\/09\/img_00-768x509.jpeg 768w, https:\/\/www.ramus.je\/nejlepsi\/wp-content\/uploads\/2024\/09\/img_00-1536x1018.jpeg 1536w, https:\/\/www.ramus.je\/nejlepsi\/wp-content\/uploads\/2024\/09\/img_00-2048x1357.jpeg 2048w\" sizes=\"auto, (min-width: 960px) 75vw, 100vw\" \/><\/figure>\n","protected":false},"excerpt":{"rendered":"<p>\u201eZdrav\u00edm Ramus\u00e1ky. Poslouchal jsem hudbu a maloval a hr\u00e1l na piano. R\u00e1d jezd\u00edm na t\u00e1bor a v\u00fdlety do Prahy a na v\u00edkendovky. M\u00e1m r\u00e1d n\u00e1v\u0161t\u011bvy. R\u00e1d jezd\u00edm dom\u016f k t\u00e1tovi a k m\u00e1m\u011b na V\u00e1noce a narozeniny. R\u00e1d kouk\u00e1m na televizi. R\u00e1d d\u011bl\u00e1m prezentace fotek z Domova Mlad\u00e1 v Milovic\u00edch. D\u00edky Vojta.\u201c<\/p>\n","protected":false},"author":3,"featured_media":0,"comment_status":"closed","ping_status":"","sticky":false,"template":"","format":"standard","meta":{"ngg_post_thumbnail":0,"footnotes":""},"categories":[213],"tags":[],"class_list":["post-21742","post","type-post","status-publish","format-standard","hentry","category-novinky"],"_links":{"self":[{"href":"https:\/\/www.ramus.je\/nejlepsi\/wp-json\/wp\/v2\/posts\/21742","targetHints":{"allow":["GET"]}}],"collection":[{"href":"https:\/\/www.ramus.je\/nejlepsi\/wp-json\/wp\/v2\/posts"}],"about":[{"href":"https:\/\/www.ramus.je\/nejlepsi\/wp-json\/wp\/v2\/types\/post"}],"author":[{"embeddable":true,"href":"https:\/\/www.ramus.je\/nejlepsi\/wp-json\/wp\/v2\/users\/3"}],"replies":[{"embeddable":true,"href":"https:\/\/www.ramus.je\/nejlepsi\/wp-json\/wp\/v2\/comments?post=21742"}],"version-history":[{"count":1,"href":"https:\/\/www.ramus.je\/nejlepsi\/wp-json\/wp\/v2\/posts\/21742\/revisions"}],"predecessor-version":[{"id":21744,"href":"https:\/\/www.ramus.je\/nejlepsi\/wp-json\/wp\/v2\/posts\/21742\/revisions\/21744"}],"wp:attachment":[{"href":"https:\/\/www.ramus.je\/nejlepsi\/wp-json\/wp\/v2\/media?parent=21742"}],"wp:term":[{"taxonomy":"category","embeddable":true,"href":"https:\/\/www.ramus.je\/nejlepsi\/wp-json\/wp\/v2\/categories?post=21742"},{"taxonomy":"post_tag","embeddable":true,"href":"https:\/\/www.ramus.je\/nejlepsi\/wp-json\/wp\/v2\/tags?post=21742"}],"curies":[{"name":"wp","href":"https:\/\/api.w.org\/{rel}","templated":true}]}}