{"id":21683,"date":"2024-06-12T12:50:01","date_gmt":"2024-06-12T11:50:01","guid":{"rendered":"https:\/\/www.ramus.je\/nejlepsi\/?p=21683"},"modified":"2024-06-12T12:50:32","modified_gmt":"2024-06-12T11:50:32","slug":"chceme-tu-byt-vsichni-spolu","status":"publish","type":"post","link":"https:\/\/www.ramus.je\/nejlepsi\/chceme-tu-byt-vsichni-spolu\/","title":{"rendered":"Chceme tu b\u00fdt v\u0161ichni spolu!"},"content":{"rendered":"\n<p>Tahle v\u011bc je <span style=\"font-size: revert;\">pro n\u00e1s extra d\u016fle\u017eit\u00e1<\/span>. Podpo\u0159te pros\u00edm petici za budov\u00e1n\u00ed komunitn\u00edch slu\u017eeb v Praze. Nechceme, aby na\u0161i bl\u00edzc\u00ed museli bydlet tak daleko, n\u011bkde v lese a bez k\u00e1mo\u0161\u016f. Chceme tu b\u00fdt v\u0161ichni spolu! Lid\u00e9 s posti\u017een\u00edm nejsou komodita na export!<br>>> <a href=\"https:\/\/e-petice.cz\/petitions\/petice-za-budovani-kapacit-komunitnich-sluzeb-na-uzemi-hlavniho-mesta-prahy.html?fbclid=IwZXh0bgNhZW0CMTAAAR1Rx5F5EW5Qz2FnyAEOWr0gsAUQ1F_nk6SJCa149gWOSHoMuK3Qs-8f_aU_aem_AaSVoWfQi6H6MBS1jnHBDkjTVFr_Od35bnlnFHmorfq9wTCbTeCtffdcolhQGGeFQE_24shKh7gaZKMmnWzINoGO\" target=\"_blank\" rel=\"noreferrer noopener\">https:\/\/e-petice.cz\/&#8230;\/petice-za-budovani-kapacit&#8230;<\/a><\/p>\n\n\n\n<figure class=\"wp-block-image size-large\"><img loading=\"lazy\" decoding=\"async\" width=\"1024\" height=\"576\" src=\"https:\/\/www.ramus.je\/nejlepsi\/wp-content\/uploads\/2024\/06\/445450224_10218912991895244_1905800429974827524_n-1024x576.jpg\" alt=\"\" class=\"wp-image-21686\" srcset=\"https:\/\/www.ramus.je\/nejlepsi\/wp-content\/uploads\/2024\/06\/445450224_10218912991895244_1905800429974827524_n-1024x576.jpg 1024w, https:\/\/www.ramus.je\/nejlepsi\/wp-content\/uploads\/2024\/06\/445450224_10218912991895244_1905800429974827524_n-300x169.jpg 300w, https:\/\/www.ramus.je\/nejlepsi\/wp-content\/uploads\/2024\/06\/445450224_10218912991895244_1905800429974827524_n-768x432.jpg 768w, https:\/\/www.ramus.je\/nejlepsi\/wp-content\/uploads\/2024\/06\/445450224_10218912991895244_1905800429974827524_n.jpg 1280w\" sizes=\"auto, (min-width: 960px) 75vw, 100vw\" \/><\/figure>\n","protected":false},"excerpt":{"rendered":"<p>Tahle v\u011bc je pro n\u00e1s extra d\u016fle\u017eit\u00e1. Podpo\u0159te pros\u00edm petici za budov\u00e1n\u00ed komunitn\u00edch slu\u017eeb v Praze. Nechceme, aby na\u0161i bl\u00edzc\u00ed museli bydlet tak daleko, n\u011bkde v lese a bez k\u00e1mo\u0161\u016f. Chceme tu b\u00fdt v\u0161ichni spolu! Lid\u00e9 s posti\u017een\u00edm nejsou komodita na export!>> https:\/\/e-petice.cz\/&#8230;\/petice-za-budovani-kapacit&#8230;<\/p>\n","protected":false},"author":3,"featured_media":0,"comment_status":"closed","ping_status":"","sticky":false,"template":"","format":"standard","meta":{"ngg_post_thumbnail":0,"footnotes":""},"categories":[213],"tags":[],"class_list":["post-21683","post","type-post","status-publish","format-standard","hentry","category-novinky"],"_links":{"self":[{"href":"https:\/\/www.ramus.je\/nejlepsi\/wp-json\/wp\/v2\/posts\/21683","targetHints":{"allow":["GET"]}}],"collection":[{"href":"https:\/\/www.ramus.je\/nejlepsi\/wp-json\/wp\/v2\/posts"}],"about":[{"href":"https:\/\/www.ramus.je\/nejlepsi\/wp-json\/wp\/v2\/types\/post"}],"author":[{"embeddable":true,"href":"https:\/\/www.ramus.je\/nejlepsi\/wp-json\/wp\/v2\/users\/3"}],"replies":[{"embeddable":true,"href":"https:\/\/www.ramus.je\/nejlepsi\/wp-json\/wp\/v2\/comments?post=21683"}],"version-history":[{"count":2,"href":"https:\/\/www.ramus.je\/nejlepsi\/wp-json\/wp\/v2\/posts\/21683\/revisions"}],"predecessor-version":[{"id":21688,"href":"https:\/\/www.ramus.je\/nejlepsi\/wp-json\/wp\/v2\/posts\/21683\/revisions\/21688"}],"wp:attachment":[{"href":"https:\/\/www.ramus.je\/nejlepsi\/wp-json\/wp\/v2\/media?parent=21683"}],"wp:term":[{"taxonomy":"category","embeddable":true,"href":"https:\/\/www.ramus.je\/nejlepsi\/wp-json\/wp\/v2\/categories?post=21683"},{"taxonomy":"post_tag","embeddable":true,"href":"https:\/\/www.ramus.je\/nejlepsi\/wp-json\/wp\/v2\/tags?post=21683"}],"curies":[{"name":"wp","href":"https:\/\/api.w.org\/{rel}","templated":true}]}}