{"id":21387,"date":"2024-04-10T14:37:13","date_gmt":"2024-04-10T13:37:13","guid":{"rendered":"https:\/\/www.ramus.je\/nejlepsi\/?p=21387"},"modified":"2024-04-10T14:37:13","modified_gmt":"2024-04-10T13:37:13","slug":"humans-of-ramus-%e3%83%bb%e2%9d%a5%e3%83%bbondra-a-anicka","status":"publish","type":"post","link":"https:\/\/www.ramus.je\/nejlepsi\/humans-of-ramus-%e3%83%bb%e2%9d%a5%e3%83%bbondra-a-anicka\/","title":{"rendered":"HUMANS OF RAMUS \u30fb\u2765\u30fbOndra a Ani\u010dka"},"content":{"rendered":"\n<p>\u201eRamus nen\u00ed \u017e\u00e1dn\u00e1 teorie. Hod\u00ed t\u011b do vody, a ty za\u010dne\u0161 plavat. Ze za\u010d\u00e1tku p\u00e1rkr\u00e1t zalap\u00e1\u0161 po dechu, mo\u017en\u00e1 si i lokne\u0161, ale pak za\u010dne\u0161 celkem p\u0159irozen\u011b spl\u00fdvat. Na konci t\u011b to pod jezem vyplivne s \u00fa\u017easem na tv\u00e1\u0159i. Co se to vlastn\u011b stalo? Zpracov\u00e1v\u00e1\u0161 to dlouh\u00fd m\u011bs\u00edce nebo roky. Zbydou z\u00e1sadn\u00ed hl\u00e1\u0161ky, kter\u00fd ti obsad\u00ed slovn\u00edk, a taky pocit, \u017ee sv\u011bt je mnohem pest\u0159ej\u0161\u00ed, ne\u017e jak n\u00e1m ho l\u00ed\u010dili ve \u0161kol\u00e1ch nebo na person\u00e1ln\u00edch odd\u011blen\u00edch. V mozku se ti p\u0159epoj\u00ed n\u011bkter\u00fd syst\u00e9mem zatuhl\u00fd dr\u00e1hy. V\u00fdsledkem je vnit\u0159n\u00ed uklidn\u011bn\u00ed, \u017ee solidarita nen\u00ed jenom trendy slovo, ale konkr\u00e9tn\u00ed \u010dinnost, d\u00edky kter\u00fd se d\u00e1 na sv\u011bt\u011b \u017e\u00edt, i kdy\u017e ti nen\u00ed zrovna nejl\u00edp. Jestli to nen\u00ed dost pochopiteln\u00fd, cht\u011bl jsem \u0159\u00edct, \u017ee Ramus je z\u00e1bava, p\u00e1rty, l\u00e9to, k\u00e1mo\u0161i\u2026 no, zeptejte se Hanky.\u201c<\/p>\n\n\n\n<p>\u2765\u2765\u2765<\/p>\n\n\n\n<p>\u201eMus\u00edm \u0159\u00edct, \u017ee jsem p\u0159ed prvn\u00ed akc\u00ed byla nerv\u00f3zn\u00ed, byl to m\u016fj \u00fapln\u011b prvn\u00ed t\u00e1bor v \u017eivot\u011b, tak\u017ee jsem nev\u011bd\u011bla, co \u010dekat, a nakonec jsem byla hrozn\u011b r\u00e1da, \u017ee jsem tam mohla b\u00fdt.<br>Jeden z nejlep\u0161\u00edch dn\u00ed s Ramusem bylo mal\u00fd t\u00e1borov\u00fd putov\u00e1n\u00ed, m\u011bli jsme s na\u0161\u00ed skupinkou hrozn\u011b z\u00e1bavnou cestu, kdy jsme potk\u00e1vali turisty a cyklisty a vznikala spousta komick\u00fdch situac\u00ed. A\u017e jsme k ve\u010deru do\u0161li na m\u00edsto, kter\u00fd vypadalo jako konec sv\u011bta, ale kr\u00e1snej! Byla tam chalupa a zeleninov\u00e1 zahrada a hodn\u00fd lidi, co n\u00e1s tam nechali sp\u00e1t v jejich t\u00fdpku. Na tenhle den si vzpomenu vlastn\u011b dost \u010dasto a bez Ramusu bych tuhle vzpom\u00ednku nikdy nem\u011bla.<br>Taky bych ur\u010dit\u011b m\u011bla mnohem men\u0161\u00ed sebed\u016fv\u011bru p\u0159i komunikaci s lidmi s posti\u017een\u00edm i bez n\u011bj, Ramus \u010dlov\u011bku otev\u0159e dve\u0159e mimo konven\u010dn\u00ed sv\u011bt a to je z\u00e1rove\u0148 d\u016fvod, pro\u010d by m\u011bl trvat je\u0161t\u011b minim\u00e1ln\u011b 100 let! V\u0161em bych p\u0159\u00e1la za\u017e\u00edt ten pocit, kdy\u017e se po x dnech vr\u00e1t\u00edte do m\u011bsta z Ramusu z poh\u00e1dkov\u00fd louky v lese, ale i z m\u00ed\u0148 poh\u00e1dkov\u00fdch situac\u00ed. Je to asi podobn\u00fd pocit, kter\u00fd m\u011bla Alenka v \u0159\u00ed\u0161i div\u016f a je to skv\u011bl\u00fd. A i kdy\u017e posledn\u00ed dobou jezd\u00edm hodn\u011b sporadicky, Ramus u m\u011b m\u00e1 po\u0159\u00e1d hodn\u011b spe\u0161l m\u00edsto.\u201c<\/p>\n\n\n\n<figure class=\"wp-block-image size-large\"><img loading=\"lazy\" decoding=\"async\" width=\"1024\" height=\"692\" src=\"https:\/\/www.ramus.je\/nejlepsi\/wp-content\/uploads\/2024\/04\/R1-03007-0025-1024x692.jpg\" alt=\"\" class=\"wp-image-21388\" srcset=\"https:\/\/www.ramus.je\/nejlepsi\/wp-content\/uploads\/2024\/04\/R1-03007-0025-1024x692.jpg 1024w, https:\/\/www.ramus.je\/nejlepsi\/wp-content\/uploads\/2024\/04\/R1-03007-0025-300x203.jpg 300w, https:\/\/www.ramus.je\/nejlepsi\/wp-content\/uploads\/2024\/04\/R1-03007-0025-768x519.jpg 768w, https:\/\/www.ramus.je\/nejlepsi\/wp-content\/uploads\/2024\/04\/R1-03007-0025-1536x1038.jpg 1536w, https:\/\/www.ramus.je\/nejlepsi\/wp-content\/uploads\/2024\/04\/R1-03007-0025.jpg 1818w\" sizes=\"auto, (min-width: 960px) 75vw, 100vw\" \/><\/figure>\n","protected":false},"excerpt":{"rendered":"<p>\u201eRamus nen\u00ed \u017e\u00e1dn\u00e1 teorie. Hod\u00ed t\u011b do vody, a ty za\u010dne\u0161 plavat. Ze za\u010d\u00e1tku p\u00e1rkr\u00e1t zalap\u00e1\u0161 po dechu, mo\u017en\u00e1 si i lokne\u0161, ale pak za\u010dne\u0161 celkem p\u0159irozen\u011b spl\u00fdvat. Na konci t\u011b to pod jezem vyplivne s \u00fa\u017easem na tv\u00e1\u0159i. Co se to vlastn\u011b stalo? Zpracov\u00e1v\u00e1\u0161 to dlouh\u00fd m\u011bs\u00edce nebo roky. Zbydou z\u00e1sadn\u00ed hl\u00e1\u0161ky, kter\u00fd ti &hellip; <a href=\"https:\/\/www.ramus.je\/nejlepsi\/humans-of-ramus-%e3%83%bb%e2%9d%a5%e3%83%bbondra-a-anicka\/\" class=\"more-link\">Continue reading<span class=\"screen-reader-text\"> &#8222;HUMANS OF RAMUS \u30fb\u2765\u30fbOndra a Ani\u010dka&#8220;<\/span><\/a><\/p>\n","protected":false},"author":3,"featured_media":0,"comment_status":"closed","ping_status":"","sticky":false,"template":"","format":"standard","meta":{"ngg_post_thumbnail":0,"footnotes":""},"categories":[213],"tags":[],"class_list":["post-21387","post","type-post","status-publish","format-standard","hentry","category-novinky"],"_links":{"self":[{"href":"https:\/\/www.ramus.je\/nejlepsi\/wp-json\/wp\/v2\/posts\/21387","targetHints":{"allow":["GET"]}}],"collection":[{"href":"https:\/\/www.ramus.je\/nejlepsi\/wp-json\/wp\/v2\/posts"}],"about":[{"href":"https:\/\/www.ramus.je\/nejlepsi\/wp-json\/wp\/v2\/types\/post"}],"author":[{"embeddable":true,"href":"https:\/\/www.ramus.je\/nejlepsi\/wp-json\/wp\/v2\/users\/3"}],"replies":[{"embeddable":true,"href":"https:\/\/www.ramus.je\/nejlepsi\/wp-json\/wp\/v2\/comments?post=21387"}],"version-history":[{"count":1,"href":"https:\/\/www.ramus.je\/nejlepsi\/wp-json\/wp\/v2\/posts\/21387\/revisions"}],"predecessor-version":[{"id":21389,"href":"https:\/\/www.ramus.je\/nejlepsi\/wp-json\/wp\/v2\/posts\/21387\/revisions\/21389"}],"wp:attachment":[{"href":"https:\/\/www.ramus.je\/nejlepsi\/wp-json\/wp\/v2\/media?parent=21387"}],"wp:term":[{"taxonomy":"category","embeddable":true,"href":"https:\/\/www.ramus.je\/nejlepsi\/wp-json\/wp\/v2\/categories?post=21387"},{"taxonomy":"post_tag","embeddable":true,"href":"https:\/\/www.ramus.je\/nejlepsi\/wp-json\/wp\/v2\/tags?post=21387"}],"curies":[{"name":"wp","href":"https:\/\/api.w.org\/{rel}","templated":true}]}}