{"id":19754,"date":"2023-04-10T10:51:53","date_gmt":"2023-04-10T09:51:53","guid":{"rendered":"https:\/\/www.ramus.je\/nejlepsi\/?p=19754"},"modified":"2023-04-10T10:52:29","modified_gmt":"2023-04-10T09:52:29","slug":"byli-jsme-ve-vesmiru","status":"publish","type":"post","link":"https:\/\/www.ramus.je\/nejlepsi\/byli-jsme-ve-vesmiru\/","title":{"rendered":"BYLI JSME VE VESM\u00cdRU"},"content":{"rendered":"\n<p>Na\u0161e jemn\u00e1 parta v b\u0159eznu nasedla do rakety a vypravila se do kosmu, n\u011bkde t\u00e9\u017e naz\u00fdvan\u00e9ho Lomnice nad Lu\u017enic\u00ed. Jak to na t\u00e9to dosud asi na\u0161\u00ed nejd\u016fkladn\u011bji zachycen\u00e9 v\u00edkendov\u00e9 akci vypadalo uvid\u00edte <a href=\"https:\/\/www.ramus.je\/nejlepsi\/galerie\/fotky\/2023\/jemnej-let-do-vesmiru-v-luznici-brezen-2023\">zde<\/a>.<br>Autorka plak\u00e1tku je Toni\u010dka.<\/p>\n\n\n\n<div class=\"wp-block-columns is-layout-flex wp-container-core-columns-is-layout-9d6595d7 wp-block-columns-is-layout-flex\">\n<div class=\"wp-block-column is-layout-flow wp-block-column-is-layout-flow\"><div class=\"wp-block-image\">\n<figure class=\"aligncenter size-large is-resized\"><img loading=\"lazy\" decoding=\"async\" src=\"https:\/\/www.ramus.je\/nejlepsi\/wp-content\/uploads\/2023\/04\/unnamed-1-678x1024.jpg\" alt=\"\" class=\"wp-image-19759\" width=\"335\" height=\"506\" srcset=\"https:\/\/www.ramus.je\/nejlepsi\/wp-content\/uploads\/2023\/04\/unnamed-1-678x1024.jpg 678w, https:\/\/www.ramus.je\/nejlepsi\/wp-content\/uploads\/2023\/04\/unnamed-1-199x300.jpg 199w, https:\/\/www.ramus.je\/nejlepsi\/wp-content\/uploads\/2023\/04\/unnamed-1-768x1160.jpg 768w, https:\/\/www.ramus.je\/nejlepsi\/wp-content\/uploads\/2023\/04\/unnamed-1-1017x1536.jpg 1017w, https:\/\/www.ramus.je\/nejlepsi\/wp-content\/uploads\/2023\/04\/unnamed-1.jpg 1030w\" sizes=\"auto, (min-width: 960px) 75vw, 100vw\" \/><\/figure>\n<\/div><\/div>\n<\/div>\n","protected":false},"excerpt":{"rendered":"<p>Na\u0161e jemn\u00e1 parta v b\u0159eznu nasedla do rakety a vypravila se do kosmu, n\u011bkde t\u00e9\u017e naz\u00fdvan\u00e9ho Lomnice nad Lu\u017enic\u00ed. Jak to na t\u00e9to dosud asi na\u0161\u00ed nejd\u016fkladn\u011bji zachycen\u00e9 v\u00edkendov\u00e9 akci vypadalo uvid\u00edte zde.Autorka plak\u00e1tku je Toni\u010dka.<\/p>\n","protected":false},"author":3,"featured_media":0,"comment_status":"closed","ping_status":"","sticky":false,"template":"","format":"standard","meta":{"ngg_post_thumbnail":0,"footnotes":""},"categories":[213],"tags":[],"class_list":["post-19754","post","type-post","status-publish","format-standard","hentry","category-novinky"],"_links":{"self":[{"href":"https:\/\/www.ramus.je\/nejlepsi\/wp-json\/wp\/v2\/posts\/19754","targetHints":{"allow":["GET"]}}],"collection":[{"href":"https:\/\/www.ramus.je\/nejlepsi\/wp-json\/wp\/v2\/posts"}],"about":[{"href":"https:\/\/www.ramus.je\/nejlepsi\/wp-json\/wp\/v2\/types\/post"}],"author":[{"embeddable":true,"href":"https:\/\/www.ramus.je\/nejlepsi\/wp-json\/wp\/v2\/users\/3"}],"replies":[{"embeddable":true,"href":"https:\/\/www.ramus.je\/nejlepsi\/wp-json\/wp\/v2\/comments?post=19754"}],"version-history":[{"count":3,"href":"https:\/\/www.ramus.je\/nejlepsi\/wp-json\/wp\/v2\/posts\/19754\/revisions"}],"predecessor-version":[{"id":19762,"href":"https:\/\/www.ramus.je\/nejlepsi\/wp-json\/wp\/v2\/posts\/19754\/revisions\/19762"}],"wp:attachment":[{"href":"https:\/\/www.ramus.je\/nejlepsi\/wp-json\/wp\/v2\/media?parent=19754"}],"wp:term":[{"taxonomy":"category","embeddable":true,"href":"https:\/\/www.ramus.je\/nejlepsi\/wp-json\/wp\/v2\/categories?post=19754"},{"taxonomy":"post_tag","embeddable":true,"href":"https:\/\/www.ramus.je\/nejlepsi\/wp-json\/wp\/v2\/tags?post=19754"}],"curies":[{"name":"wp","href":"https:\/\/api.w.org\/{rel}","templated":true}]}}